{"id":4259,"date":"2021-03-07T18:43:42","date_gmt":"2021-03-07T17:43:42","guid":{"rendered":"http:\/\/agora.xtec.cat\/ceipbellpuig\/?p=4259"},"modified":"2021-03-07T18:43:42","modified_gmt":"2021-03-07T17:43:42","slug":"quarta-ronda-de-racons-a-p3","status":"publish","type":"post","link":"https:\/\/agora.xtec.cat\/ceipbellpuig\/general\/quarta-ronda-de-racons-a-p3\/","title":{"rendered":"QUARTA RONDA DE RACONS A P3"},"content":{"rendered":"<p>Els nens i nenes de P3 aquestes setmanes hem fet els seg\u00fcents <strong>racons de matem\u00e0tiques<\/strong>:<\/p>\n<ul>\n<li>Joc lliure amb blocs l\u00f2gics: amb l&#8217;objectiu de manipular i familiaritzar-se amb els blocs l\u00f2gics i treballar la creativitat.<\/li>\n<li>Joc del cuc: amb l&#8217;objectiu d&#8217;anar-se familiaritzant i aprenent la quantitat-grafia dels n\u00fameros 1, 2 i 3.<\/li>\n<li>D&#8217;esfera a cercle: amb l&#8217;objectiu d&#8217;experimentar, observar i aprendre quina forma t\u00e9 l&#8217;esfera i veure que de l&#8217;esfera en poden sortir dos cercles.<\/li>\n<\/ul>\n<p><a href=\"https:\/\/agora.xtec.cat\/ceipbellpuig\/wp-content\/uploads\/usu1575\/2021\/03\/IMG_20210223_120925.jpg\"><img loading=\"lazy\" decoding=\"async\" class=\"aligncenter size-medium wp-image-4276\" src=\"https:\/\/agora.xtec.cat\/ceipbellpuig\/wp-content\/uploads\/usu1575\/2021\/03\/IMG_20210223_120925-300x224.jpg\" alt=\"\" width=\"300\" height=\"224\" srcset=\"https:\/\/agora.xtec.cat\/ceipbellpuig\/wp-content\/uploads\/usu1575\/2021\/03\/IMG_20210223_120925-300x224.jpg 300w, https:\/\/agora.xtec.cat\/ceipbellpuig\/wp-content\/uploads\/usu1575\/2021\/03\/IMG_20210223_120925-768x575.jpg 768w, https:\/\/agora.xtec.cat\/ceipbellpuig\/wp-content\/uploads\/usu1575\/2021\/03\/IMG_20210223_120925-200x150.jpg 200w, https:\/\/agora.xtec.cat\/ceipbellpuig\/wp-content\/uploads\/usu1575\/2021\/03\/IMG_20210223_120925.jpg 878w\" sizes=\"auto, (max-width: 300px) 100vw, 300px\" \/><\/a><\/p>\n<p><a href=\"https:\/\/photos.app.goo.gl\/o5riEuUK31ZjuX9D7\" target=\"_blank\" rel=\"noopener noreferrer\">FOTOS P3A i <\/a><a href=\"https:\/\/photos.app.goo.gl\/m45DjXaRBdbz5fB46\" target=\"_blank\" rel=\"noopener noreferrer\">FOTOS P3B<\/a><\/p>\n<p>A m\u00e9s, tamb\u00e9 ho hem combinat amb els <strong>racons multi\u00e0rees<\/strong> per treballar diferents \u00e0rees:<\/p>\n<ul>\n<li>Rac\u00f3 d&#8217;experimentaci\u00f3: hem experimentat amb aigua i gla\u00e7ons per treballar una de les caracter\u00edstiques de l&#8217;hivern (el fred, el gla\u00e7, el desgla\u00e7&#8230;.), amb l&#8217;objectiu d&#8217;experimentar, de manipular, fer hip\u00f2tesis i arribar a treure conclusions sobre qu\u00e8 ha passat.<\/li>\n<li>Rac\u00f3 de motricitat fina: els nens i nenes han retallat seguint una l\u00ednia vertical amb l&#8217;objectiu d&#8217;aprendre a retallar i treballar la motricitat fina.<\/li>\n<li>Rac\u00f3 de lectoescriptura: en aquest rac\u00f3 cada nen nena ha calcat sobre la taula de llum el seu nom i el nom dels companys, amb l&#8217;objectiu de treballar la motricitat fina i aprendre a fer correctament el tra\u00e7 de les lletres.<\/li>\n<\/ul>\n<p><a href=\"https:\/\/agora.xtec.cat\/ceipbellpuig\/wp-content\/uploads\/usu1575\/2021\/03\/IMG_20210217_120909.jpg\"><img loading=\"lazy\" decoding=\"async\" class=\"aligncenter size-medium wp-image-4279\" src=\"https:\/\/agora.xtec.cat\/ceipbellpuig\/wp-content\/uploads\/usu1575\/2021\/03\/IMG_20210217_120909-300x169.jpg\" alt=\"\" width=\"300\" height=\"169\" srcset=\"https:\/\/agora.xtec.cat\/ceipbellpuig\/wp-content\/uploads\/usu1575\/2021\/03\/IMG_20210217_120909-300x169.jpg 300w, https:\/\/agora.xtec.cat\/ceipbellpuig\/wp-content\/uploads\/usu1575\/2021\/03\/IMG_20210217_120909-768x432.jpg 768w, https:\/\/agora.xtec.cat\/ceipbellpuig\/wp-content\/uploads\/usu1575\/2021\/03\/IMG_20210217_120909-1024x576.jpg 1024w, https:\/\/agora.xtec.cat\/ceipbellpuig\/wp-content\/uploads\/usu1575\/2021\/03\/IMG_20210217_120909.jpg 1168w\" sizes=\"auto, (max-width: 300px) 100vw, 300px\" \/><\/a><\/p>\n<p><a href=\"https:\/\/photos.app.goo.gl\/y8qCJP78rbQmLQfJ6\">FOTOS P3A i <\/a><a href=\"https:\/\/photos.app.goo.gl\/dseBBr4mjWYdW3Wo7\">FOTOS P3B<\/a><\/p>\n","protected":false},"excerpt":{"rendered":"<p>Els nens i nenes de P3 aquestes setmanes hem fet els seg\u00fcents racons de matem\u00e0tiques: Joc lliure amb blocs l\u00f2gics: amb l&#8217;objectiu de manipular i familiaritzar-se amb els blocs l\u00f2gics i treballar la creativitat. Joc del cuc: amb l&#8217;objectiu d&#8217;anar-se familiaritzant i aprenent la quantitat-grafia dels n\u00fameros 1, 2 i 3. D&#8217;esfera a cercle: amb [&hellip;]<\/p>\n","protected":false},"author":1,"featured_media":0,"comment_status":"open","ping_status":"closed","sticky":false,"template":"","format":"standard","meta":{"_bbp_topic_count":0,"_bbp_reply_count":0,"_bbp_total_topic_count":0,"_bbp_total_reply_count":0,"_bbp_voice_count":0,"_bbp_anonymous_reply_count":0,"_bbp_topic_count_hidden":0,"_bbp_reply_count_hidden":0,"_bbp_forum_subforum_count":0,"site-sidebar-layout":"default","site-content-layout":"","ast-site-content-layout":"","site-content-style":"default","site-sidebar-style":"default","ast-global-header-display":"","ast-banner-title-visibility":"","ast-main-header-display":"","ast-hfb-above-header-display":"","ast-hfb-below-header-display":"","ast-hfb-mobile-header-display":"","site-post-title":"","ast-breadcrumbs-content":"","ast-featured-img":"","footer-sml-layout":"","theme-transparent-header-meta":"","adv-header-id-meta":"","stick-header-meta":"","header-above-stick-meta":"","header-main-stick-meta":"","header-below-stick-meta":"","astra-migrate-meta-layouts":"default","ast-page-background-enabled":"default","ast-page-background-meta":{"desktop":{"background-color":"var(--ast-global-color-4)","background-image":"","background-repeat":"repeat","background-position":"center center","background-size":"auto","background-attachment":"scroll","background-type":"","background-media":"","overlay-type":"","overlay-color":"","overlay-opacity":"","overlay-gradient":""},"tablet":{"background-color":"","background-image":"","background-repeat":"repeat","background-position":"center center","background-size":"auto","background-attachment":"scroll","background-type":"","background-media":"","overlay-type":"","overlay-color":"","overlay-opacity":"","overlay-gradient":""},"mobile":{"background-color":"","background-image":"","background-repeat":"repeat","background-position":"center center","background-size":"auto","background-attachment":"scroll","background-type":"","background-media":"","overlay-type":"","overlay-color":"","overlay-opacity":"","overlay-gradient":""}},"ast-content-background-meta":{"desktop":{"background-color":"var(--ast-global-color-5)","background-image":"","background-repeat":"repeat","background-position":"center center","background-size":"auto","background-attachment":"scroll","background-type":"","background-media":"","overlay-type":"","overlay-color":"","overlay-opacity":"","overlay-gradient":""},"tablet":{"background-color":"var(--ast-global-color-5)","background-image":"","background-repeat":"repeat","background-position":"center center","background-size":"auto","background-attachment":"scroll","background-type":"","background-media":"","overlay-type":"","overlay-color":"","overlay-opacity":"","overlay-gradient":""},"mobile":{"background-color":"var(--ast-global-color-5)","background-image":"","background-repeat":"repeat","background-position":"center center","background-size":"auto","background-attachment":"scroll","background-type":"","background-media":"","overlay-type":"","overlay-color":"","overlay-opacity":"","overlay-gradient":""}},"footnotes":""},"categories":[74,69,1,2,4],"tags":[364,290],"class_list":["post-4259","post","type-post","status-publish","format-standard","hentry","category-activitats","category-treballem","category-general","category-petits","category-portada","tag-p3","tag-racons"],"post_mailing_queue_ids":[],"_links":{"self":[{"href":"https:\/\/agora.xtec.cat\/ceipbellpuig\/wp-json\/wp\/v2\/posts\/4259","targetHints":{"allow":["GET"]}}],"collection":[{"href":"https:\/\/agora.xtec.cat\/ceipbellpuig\/wp-json\/wp\/v2\/posts"}],"about":[{"href":"https:\/\/agora.xtec.cat\/ceipbellpuig\/wp-json\/wp\/v2\/types\/post"}],"author":[{"embeddable":true,"href":"https:\/\/agora.xtec.cat\/ceipbellpuig\/wp-json\/wp\/v2\/users\/1"}],"replies":[{"embeddable":true,"href":"https:\/\/agora.xtec.cat\/ceipbellpuig\/wp-json\/wp\/v2\/comments?post=4259"}],"version-history":[{"count":3,"href":"https:\/\/agora.xtec.cat\/ceipbellpuig\/wp-json\/wp\/v2\/posts\/4259\/revisions"}],"predecessor-version":[{"id":4288,"href":"https:\/\/agora.xtec.cat\/ceipbellpuig\/wp-json\/wp\/v2\/posts\/4259\/revisions\/4288"}],"wp:attachment":[{"href":"https:\/\/agora.xtec.cat\/ceipbellpuig\/wp-json\/wp\/v2\/media?parent=4259"}],"wp:term":[{"taxonomy":"category","embeddable":true,"href":"https:\/\/agora.xtec.cat\/ceipbellpuig\/wp-json\/wp\/v2\/categories?post=4259"},{"taxonomy":"post_tag","embeddable":true,"href":"https:\/\/agora.xtec.cat\/ceipbellpuig\/wp-json\/wp\/v2\/tags?post=4259"}],"curies":[{"name":"wp","href":"https:\/\/api.w.org\/{rel}","templated":true}]}}