{"id":4093,"date":"2021-02-18T13:58:55","date_gmt":"2021-02-18T12:58:55","guid":{"rendered":"http:\/\/agora.xtec.cat\/ceipbellpuig\/?p=4093"},"modified":"2021-02-18T13:58:55","modified_gmt":"2021-02-18T12:58:55","slug":"iniciem-el-pla-de-treball-p3","status":"publish","type":"post","link":"https:\/\/agora.xtec.cat\/ceipbellpuig\/general\/iniciem-el-pla-de-treball-p3\/","title":{"rendered":"INICIEM EL PLA DE TREBALL.P3"},"content":{"rendered":"<p>Els nenes i nenes de P3 hem iniciat el pla de treball com a metodologia per treballar a les primeres franges hor\u00e0ries tres dies a la setmana per tal de seguir la l\u00ednia d&#8217;escola.<\/p>\n<p>Treballant d&#8217;aquesta manera fomentem:<\/p>\n<ul>\n<li>Respectar que l&#8217;alumne treballi al seu ritme i segons els seus estats d&#8217;\u00e0nim per afrontar una determinada tasca o altre.<\/li>\n<li>Afavorir la seva autonomia en la planificaci\u00f3 i organitzaci\u00f3 del seu proc\u00e9s d\u2019aprenentatge.<\/li>\n<li>Oferir aprenentatges m\u00e9s propers i significatius a trav\u00e9s de tasques vivencials i manipulatives.<\/li>\n<li>Treballar en l&#8217;autoavaluaci\u00f3 a trav\u00e9s d&#8217;una r\u00fabrica i fer-los protagonistes del seu proc\u00e9s d&#8217;aprenentatge.<\/li>\n<li>Poder atendre a tots els alumnes de manera m\u00e9s individualitzada.<\/li>\n<\/ul>\n<p>Com ho treballem?<\/p>\n<p>Cada pla de treball t\u00e9 una durada d&#8217;una setmana. Dimarts expliquem en qu\u00e8 consistir\u00e0 el pla de treball, i els dimecres, dijous i divendres el realitzem. Cada alumne pot escollir a quin rac\u00f3 vol anar a treballar tenint present que hi ha un nombre m\u00e0xim d&#8217;alumnes a cada un d&#8217;ells, i que cal passar per tots els racons. Ells, per saber-ho, aniran marcant per quins racons van passant. En aquests racons treballem diferents conceptes, normalment tots lligats a un tema, i dos d&#8217;ells s\u00f3n per treballar de manera aut\u00f2noma i un altre de m\u00e9s guiat per la mestra, en el qual s&#8217;autoavaluaran.<\/p>\n<p><a href=\"https:\/\/photos.app.goo.gl\/NR6kbNEQnaBZQe5u7\" target=\"_blank\" rel=\"noopener noreferrer\">P3A\u00a0<\/a>I <a href=\"https:\/\/photos.app.goo.gl\/ebJHp8SUPp38LLkR7\">P3B<\/a><\/p>\n","protected":false},"excerpt":{"rendered":"<p>Els nenes i nenes de P3 hem iniciat el pla de treball com a metodologia per treballar a les primeres franges hor\u00e0ries tres dies a la setmana per tal de seguir la l\u00ednia d&#8217;escola. Treballant d&#8217;aquesta manera fomentem: Respectar que l&#8217;alumne treballi al seu ritme i segons els seus estats d&#8217;\u00e0nim per afrontar una determinada [&hellip;]<\/p>\n","protected":false},"author":1,"featured_media":0,"comment_status":"open","ping_status":"closed","sticky":false,"template":"","format":"standard","meta":{"_bbp_topic_count":0,"_bbp_reply_count":0,"_bbp_total_topic_count":0,"_bbp_total_reply_count":0,"_bbp_voice_count":0,"_bbp_anonymous_reply_count":0,"_bbp_topic_count_hidden":0,"_bbp_reply_count_hidden":0,"_bbp_forum_subforum_count":0,"site-sidebar-layout":"default","site-content-layout":"","ast-site-content-layout":"","site-content-style":"default","site-sidebar-style":"default","ast-global-header-display":"","ast-banner-title-visibility":"","ast-main-header-display":"","ast-hfb-above-header-display":"","ast-hfb-below-header-display":"","ast-hfb-mobile-header-display":"","site-post-title":"","ast-breadcrumbs-content":"","ast-featured-img":"","footer-sml-layout":"","theme-transparent-header-meta":"","adv-header-id-meta":"","stick-header-meta":"","header-above-stick-meta":"","header-main-stick-meta":"","header-below-stick-meta":"","astra-migrate-meta-layouts":"default","ast-page-background-enabled":"default","ast-page-background-meta":{"desktop":{"background-color":"var(--ast-global-color-4)","background-image":"","background-repeat":"repeat","background-position":"center center","background-size":"auto","background-attachment":"scroll","background-type":"","background-media":"","overlay-type":"","overlay-color":"","overlay-opacity":"","overlay-gradient":""},"tablet":{"background-color":"","background-image":"","background-repeat":"repeat","background-position":"center center","background-size":"auto","background-attachment":"scroll","background-type":"","background-media":"","overlay-type":"","overlay-color":"","overlay-opacity":"","overlay-gradient":""},"mobile":{"background-color":"","background-image":"","background-repeat":"repeat","background-position":"center center","background-size":"auto","background-attachment":"scroll","background-type":"","background-media":"","overlay-type":"","overlay-color":"","overlay-opacity":"","overlay-gradient":""}},"ast-content-background-meta":{"desktop":{"background-color":"var(--ast-global-color-5)","background-image":"","background-repeat":"repeat","background-position":"center center","background-size":"auto","background-attachment":"scroll","background-type":"","background-media":"","overlay-type":"","overlay-color":"","overlay-opacity":"","overlay-gradient":""},"tablet":{"background-color":"var(--ast-global-color-5)","background-image":"","background-repeat":"repeat","background-position":"center center","background-size":"auto","background-attachment":"scroll","background-type":"","background-media":"","overlay-type":"","overlay-color":"","overlay-opacity":"","overlay-gradient":""},"mobile":{"background-color":"var(--ast-global-color-5)","background-image":"","background-repeat":"repeat","background-position":"center center","background-size":"auto","background-attachment":"scroll","background-type":"","background-media":"","overlay-type":"","overlay-color":"","overlay-opacity":"","overlay-gradient":""}},"footnotes":""},"categories":[74,69,1,2,4],"tags":[],"class_list":["post-4093","post","type-post","status-publish","format-standard","hentry","category-activitats","category-treballem","category-general","category-petits","category-portada"],"post_mailing_queue_ids":[],"_links":{"self":[{"href":"https:\/\/agora.xtec.cat\/ceipbellpuig\/wp-json\/wp\/v2\/posts\/4093","targetHints":{"allow":["GET"]}}],"collection":[{"href":"https:\/\/agora.xtec.cat\/ceipbellpuig\/wp-json\/wp\/v2\/posts"}],"about":[{"href":"https:\/\/agora.xtec.cat\/ceipbellpuig\/wp-json\/wp\/v2\/types\/post"}],"author":[{"embeddable":true,"href":"https:\/\/agora.xtec.cat\/ceipbellpuig\/wp-json\/wp\/v2\/users\/1"}],"replies":[{"embeddable":true,"href":"https:\/\/agora.xtec.cat\/ceipbellpuig\/wp-json\/wp\/v2\/comments?post=4093"}],"version-history":[{"count":1,"href":"https:\/\/agora.xtec.cat\/ceipbellpuig\/wp-json\/wp\/v2\/posts\/4093\/revisions"}],"predecessor-version":[{"id":4101,"href":"https:\/\/agora.xtec.cat\/ceipbellpuig\/wp-json\/wp\/v2\/posts\/4093\/revisions\/4101"}],"wp:attachment":[{"href":"https:\/\/agora.xtec.cat\/ceipbellpuig\/wp-json\/wp\/v2\/media?parent=4093"}],"wp:term":[{"taxonomy":"category","embeddable":true,"href":"https:\/\/agora.xtec.cat\/ceipbellpuig\/wp-json\/wp\/v2\/categories?post=4093"},{"taxonomy":"post_tag","embeddable":true,"href":"https:\/\/agora.xtec.cat\/ceipbellpuig\/wp-json\/wp\/v2\/tags?post=4093"}],"curies":[{"name":"wp","href":"https:\/\/api.w.org\/{rel}","templated":true}]}}