{"id":4077,"date":"2021-02-13T10:33:49","date_gmt":"2021-02-13T09:33:49","guid":{"rendered":"http:\/\/agora.xtec.cat\/ceipbellpuig\/?p=4077"},"modified":"2021-02-15T18:57:15","modified_gmt":"2021-02-15T17:57:15","slug":"celebrem-el-carnestoltes","status":"publish","type":"post","link":"https:\/\/agora.xtec.cat\/ceipbellpuig\/general\/celebrem-el-carnestoltes\/","title":{"rendered":"CELEBREM EL CARNAVAL!!"},"content":{"rendered":"<p><img loading=\"lazy\" decoding=\"async\" class=\"aligncenter\" src=\"https:\/\/agora.xtec.cat\/ceipjoncadella\/wp-content\/uploads\/usu1525\/2020\/02\/CARNESTOLTES.jpg\" alt=\"Resultat d'imatges per a &quot;carnestoltes&quot;\" width=\"514\" height=\"272\" \/><\/p>\n<p>Com cada any, pels volts d&#8217;aquestes dates, celebrem una setmana ben especial, plena de disbauxa i diversi\u00f3!<\/p>\n<p>El dilluns a la tarda ens va arribar el Carnestoltes, que aquest any ens ha vingut en forma de virus! Els nois i noies de 6\u00e8 van llegir-nos el preg\u00f3 i vam fer una estona de gresca!<\/p>\n<p><a href=\"https:\/\/photos.app.goo.gl\/TLzbDD7gQbQ9SfDk8\" target=\"_blank\" rel=\"noopener noreferrer\">ARRIBADA CARNESTOLTES<\/a><\/p>\n<p>El dimarts, el dimecres i el dijous vam haver de seguir les consignes marcades: vestir-nos amb colors llampants per espantar el virus, disfressar-nos perqu\u00e8 ning\u00fa ens pogu\u00e9s recon\u00e8ixer i decorar-nos el cap de formes ben originals.<\/p>\n<p><a href=\"https:\/\/photos.app.goo.gl\/A2bNFyJ9iwM3q2GD9\" target=\"_blank\" rel=\"noopener noreferrer\">CONSIGNES CARNESTOLTES<\/a><\/p>\n<p>El dijous vam fer el tradicional dijous llarder. Com que aquest curs no podem fer sortides tota l&#8217;escola, cada grup va fer la seva excursi\u00f3 en diferents llocs del poble.<\/p>\n<p>Els de P3A, que s\u00f3n la classe dels Aliments, van anar al mercat i van esmorzar a la pla\u00e7a Major. Els de P3B, que s\u00f3n la classe &#8220;Ens fem grans&#8221;, van anar a la Patuleia i al Centre de Dia i vam anar a esmorzar a la pla\u00e7a Major. Els de P4 i P5 A i B, van anar al parc de l&#8217;Albareda.<\/p>\n<p><a href=\"https:\/\/photos.app.goo.gl\/443V6Ua26KRSzGfQ9\" target=\"_blank\" rel=\"noopener noreferrer\">P3 A I B<\/a><\/p>\n<p><a href=\"https:\/\/photos.app.goo.gl\/8s5xyRt9yc6SJq2V9\" target=\"_blank\" rel=\"noopener noreferrer\">P4 I P5 A I B<\/a><\/p>\n<p>Els de CI A van anar a la bassa de Puigsec, els de CI B van anar a les Set Fonts, els de CI C van fer una ruta per fonts del poble parant a esmorzar a la font d&#8217;en Titus i els de 3r van anar al castell de Bellpuig.<\/p>\n<p><a href=\"https:\/\/photos.app.goo.gl\/WsR7aaP7QfPgkP7H6\" target=\"_blank\" rel=\"noopener noreferrer\">MITJANS<\/a><\/p>\n<p>Els de 4t van anar a la Font de la Riera i els de 5\u00e8 i 6\u00e8 van anar a Puiglagulla a passar-hi tot el dia!<\/p>\n<p><a href=\"https:\/\/photos.app.goo.gl\/kVAHEAiLCjmu9k4F6\" target=\"_blank\" rel=\"noopener noreferrer\">GRANS<\/a><\/p>\n<p>I divendres, el moment tan esperat per a tothom! Lluir les disfresses que hem estat preparant a cada classe i ensenyar-les a la resta de l&#8217;escola. Tot acompanyat de m\u00fasica i ball!<\/p>\n<p>Aquest curs, que ens hem d&#8217;anar adaptant a la situaci\u00f3, no hem pogut fer la rua pel poble i les fam\u00edlies no ens heu pogut venir a veure i aix\u00f2 ho hem trobat a faltar!<\/p>\n<p>Aqu\u00ed us deixem les fotos i els v\u00eddeos!<\/p>\n<p><a href=\"https:\/\/photos.app.goo.gl\/B4YrhLwRMJtsafVr5\" target=\"_blank\" rel=\"noopener noreferrer\">FOTOS CARNESTOLTES<\/a><\/p>\n<p><a href=\"https:\/\/drive.google.com\/file\/d\/1Ki6ufDZGyEbnQ77pg4SG0a5mMXXUYdNx\/view?usp=sharing\" target=\"_blank\" rel=\"noopener noreferrer\">V\u00cdDEO COREOGRAFIES<\/a><\/p>\n<p>&nbsp;<\/p>\n","protected":false},"excerpt":{"rendered":"<p>Com cada any, pels volts d&#8217;aquestes dates, celebrem una setmana ben especial, plena de disbauxa i diversi\u00f3! El dilluns a la tarda ens va arribar el Carnestoltes, que aquest any ens ha vingut en forma de virus! Els nois i noies de 6\u00e8 van llegir-nos el preg\u00f3 i vam fer una estona de gresca! ARRIBADA [&hellip;]<\/p>\n","protected":false},"author":1,"featured_media":4084,"comment_status":"open","ping_status":"closed","sticky":false,"template":"","format":"standard","meta":{"_bbp_topic_count":0,"_bbp_reply_count":0,"_bbp_total_topic_count":0,"_bbp_total_reply_count":0,"_bbp_voice_count":0,"_bbp_anonymous_reply_count":0,"_bbp_topic_count_hidden":0,"_bbp_reply_count_hidden":0,"_bbp_forum_subforum_count":0,"site-sidebar-layout":"default","site-content-layout":"","ast-site-content-layout":"","site-content-style":"default","site-sidebar-style":"default","ast-global-header-display":"","ast-banner-title-visibility":"","ast-main-header-display":"","ast-hfb-above-header-display":"","ast-hfb-below-header-display":"","ast-hfb-mobile-header-display":"","site-post-title":"","ast-breadcrumbs-content":"","ast-featured-img":"","footer-sml-layout":"","theme-transparent-header-meta":"","adv-header-id-meta":"","stick-header-meta":"","header-above-stick-meta":"","header-main-stick-meta":"","header-below-stick-meta":"","astra-migrate-meta-layouts":"default","ast-page-background-enabled":"default","ast-page-background-meta":{"desktop":{"background-color":"var(--ast-global-color-4)","background-image":"","background-repeat":"repeat","background-position":"center center","background-size":"auto","background-attachment":"scroll","background-type":"","background-media":"","overlay-type":"","overlay-color":"","overlay-opacity":"","overlay-gradient":""},"tablet":{"background-color":"","background-image":"","background-repeat":"repeat","background-position":"center center","background-size":"auto","background-attachment":"scroll","background-type":"","background-media":"","overlay-type":"","overlay-color":"","overlay-opacity":"","overlay-gradient":""},"mobile":{"background-color":"","background-image":"","background-repeat":"repeat","background-position":"center center","background-size":"auto","background-attachment":"scroll","background-type":"","background-media":"","overlay-type":"","overlay-color":"","overlay-opacity":"","overlay-gradient":""}},"ast-content-background-meta":{"desktop":{"background-color":"var(--ast-global-color-5)","background-image":"","background-repeat":"repeat","background-position":"center center","background-size":"auto","background-attachment":"scroll","background-type":"","background-media":"","overlay-type":"","overlay-color":"","overlay-opacity":"","overlay-gradient":""},"tablet":{"background-color":"var(--ast-global-color-5)","background-image":"","background-repeat":"repeat","background-position":"center center","background-size":"auto","background-attachment":"scroll","background-type":"","background-media":"","overlay-type":"","overlay-color":"","overlay-opacity":"","overlay-gradient":""},"mobile":{"background-color":"var(--ast-global-color-5)","background-image":"","background-repeat":"repeat","background-position":"center center","background-size":"auto","background-attachment":"scroll","background-type":"","background-media":"","overlay-type":"","overlay-color":"","overlay-opacity":"","overlay-gradient":""}},"footnotes":""},"categories":[1,288,2,287,4],"tags":[],"class_list":["post-4077","post","type-post","status-publish","format-standard","has-post-thumbnail","hentry","category-general","category-grans","category-petits","category-mitjans","category-portada"],"post_mailing_queue_ids":[],"_links":{"self":[{"href":"https:\/\/agora.xtec.cat\/ceipbellpuig\/wp-json\/wp\/v2\/posts\/4077","targetHints":{"allow":["GET"]}}],"collection":[{"href":"https:\/\/agora.xtec.cat\/ceipbellpuig\/wp-json\/wp\/v2\/posts"}],"about":[{"href":"https:\/\/agora.xtec.cat\/ceipbellpuig\/wp-json\/wp\/v2\/types\/post"}],"author":[{"embeddable":true,"href":"https:\/\/agora.xtec.cat\/ceipbellpuig\/wp-json\/wp\/v2\/users\/1"}],"replies":[{"embeddable":true,"href":"https:\/\/agora.xtec.cat\/ceipbellpuig\/wp-json\/wp\/v2\/comments?post=4077"}],"version-history":[{"count":3,"href":"https:\/\/agora.xtec.cat\/ceipbellpuig\/wp-json\/wp\/v2\/posts\/4077\/revisions"}],"predecessor-version":[{"id":4085,"href":"https:\/\/agora.xtec.cat\/ceipbellpuig\/wp-json\/wp\/v2\/posts\/4077\/revisions\/4085"}],"wp:featuredmedia":[{"embeddable":true,"href":"https:\/\/agora.xtec.cat\/ceipbellpuig\/wp-json\/wp\/v2\/media\/4084"}],"wp:attachment":[{"href":"https:\/\/agora.xtec.cat\/ceipbellpuig\/wp-json\/wp\/v2\/media?parent=4077"}],"wp:term":[{"taxonomy":"category","embeddable":true,"href":"https:\/\/agora.xtec.cat\/ceipbellpuig\/wp-json\/wp\/v2\/categories?post=4077"},{"taxonomy":"post_tag","embeddable":true,"href":"https:\/\/agora.xtec.cat\/ceipbellpuig\/wp-json\/wp\/v2\/tags?post=4077"}],"curies":[{"name":"wp","href":"https:\/\/api.w.org\/{rel}","templated":true}]}}