{"id":3970,"date":"2020-12-21T19:13:20","date_gmt":"2020-12-21T18:13:20","guid":{"rendered":"http:\/\/agora.xtec.cat\/ceipbellpuig\/?p=3970"},"modified":"2021-01-22T21:15:28","modified_gmt":"2021-01-22T20:15:28","slug":"bones-festes-3","status":"publish","type":"post","link":"https:\/\/agora.xtec.cat\/ceipbellpuig\/nivells\/petits\/bones-festes-3\/","title":{"rendered":"BONES FESTES!!!"},"content":{"rendered":"<p>&nbsp;<\/p>\n<p><a href=\"https:\/\/agora.xtec.cat\/ceipbellpuig\/wp-content\/uploads\/usu1575\/2020\/12\/4E3BB671-0AFD-4798-AEEA-39011BDC0C8C.jpeg\"><img loading=\"lazy\" decoding=\"async\" class=\"aligncenter size-medium wp-image-3973\" src=\"https:\/\/agora.xtec.cat\/ceipbellpuig\/wp-content\/uploads\/usu1575\/2020\/12\/4E3BB671-0AFD-4798-AEEA-39011BDC0C8C-225x300.jpeg\" alt=\"\" width=\"225\" height=\"300\" srcset=\"https:\/\/agora.xtec.cat\/ceipbellpuig\/wp-content\/uploads\/usu1575\/2020\/12\/4E3BB671-0AFD-4798-AEEA-39011BDC0C8C-225x300.jpeg 225w, https:\/\/agora.xtec.cat\/ceipbellpuig\/wp-content\/uploads\/usu1575\/2020\/12\/4E3BB671-0AFD-4798-AEEA-39011BDC0C8C-768x1024.jpeg 768w, https:\/\/agora.xtec.cat\/ceipbellpuig\/wp-content\/uploads\/usu1575\/2020\/12\/4E3BB671-0AFD-4798-AEEA-39011BDC0C8C.jpeg 1512w\" sizes=\"auto, (max-width: 225px) 100vw, 225px\" \/><\/a><br \/>\nBenvolgudes fam\u00edlies,<\/p>\n<p>Amb aquest v\u00eddeo tan preci\u00f3s i amb la nostra felicitaci\u00f3 de Nadal, us volem desitjar molt BONES FESTES i que\u00a0<span style=\"font-family: inherit; font-size: 1em;\">aquest\u00a0 2021 ens porti canvis\u00a0ben bonics i molta SALUT!!!<\/span><\/p>\n<p><a href=\"https:\/\/drive.google.com\/file\/d\/17vYeI-91skTph9mlvDEooTPgFoEiJHQi\/view?usp=sharing\" target=\"_blank\" rel=\"noopener noreferrer\">NADAL 2020<\/a><\/p>\n<p><a href=\"https:\/\/drive.google.com\/file\/d\/1LRiyVqA46wzhUNSBUDIBvBF3rk4XkQhC\/view?usp=sharing\" target=\"_blank\" rel=\"noopener noreferrer\">FELICITACI\u00d3<\/a><\/p>\n<p>Claustre de Mestres<\/p>\n","protected":false},"excerpt":{"rendered":"<p>&nbsp; Benvolgudes fam\u00edlies, Amb aquest v\u00eddeo tan preci\u00f3s i amb la nostra felicitaci\u00f3 de Nadal, us volem desitjar molt BONES FESTES i que\u00a0aquest\u00a0 2021 ens porti canvis\u00a0ben bonics i molta SALUT!!! NADAL 2020 FELICITACI\u00d3 Claustre de Mestres<\/p>\n","protected":false},"author":1,"featured_media":0,"comment_status":"open","ping_status":"closed","sticky":false,"template":"","format":"standard","meta":{"_bbp_topic_count":0,"_bbp_reply_count":0,"_bbp_total_topic_count":0,"_bbp_total_reply_count":0,"_bbp_voice_count":0,"_bbp_anonymous_reply_count":0,"_bbp_topic_count_hidden":0,"_bbp_reply_count_hidden":0,"_bbp_forum_subforum_count":0,"site-sidebar-layout":"default","site-content-layout":"","ast-site-content-layout":"","site-content-style":"default","site-sidebar-style":"default","ast-global-header-display":"","ast-banner-title-visibility":"","ast-main-header-display":"","ast-hfb-above-header-display":"","ast-hfb-below-header-display":"","ast-hfb-mobile-header-display":"","site-post-title":"","ast-breadcrumbs-content":"","ast-featured-img":"","footer-sml-layout":"","theme-transparent-header-meta":"","adv-header-id-meta":"","stick-header-meta":"","header-above-stick-meta":"","header-main-stick-meta":"","header-below-stick-meta":"","astra-migrate-meta-layouts":"default","ast-page-background-enabled":"default","ast-page-background-meta":{"desktop":{"background-color":"var(--ast-global-color-4)","background-image":"","background-repeat":"repeat","background-position":"center center","background-size":"auto","background-attachment":"scroll","background-type":"","background-media":"","overlay-type":"","overlay-color":"","overlay-opacity":"","overlay-gradient":""},"tablet":{"background-color":"","background-image":"","background-repeat":"repeat","background-position":"center center","background-size":"auto","background-attachment":"scroll","background-type":"","background-media":"","overlay-type":"","overlay-color":"","overlay-opacity":"","overlay-gradient":""},"mobile":{"background-color":"","background-image":"","background-repeat":"repeat","background-position":"center center","background-size":"auto","background-attachment":"scroll","background-type":"","background-media":"","overlay-type":"","overlay-color":"","overlay-opacity":"","overlay-gradient":""}},"ast-content-background-meta":{"desktop":{"background-color":"var(--ast-global-color-5)","background-image":"","background-repeat":"repeat","background-position":"center center","background-size":"auto","background-attachment":"scroll","background-type":"","background-media":"","overlay-type":"","overlay-color":"","overlay-opacity":"","overlay-gradient":""},"tablet":{"background-color":"var(--ast-global-color-5)","background-image":"","background-repeat":"repeat","background-position":"center center","background-size":"auto","background-attachment":"scroll","background-type":"","background-media":"","overlay-type":"","overlay-color":"","overlay-opacity":"","overlay-gradient":""},"mobile":{"background-color":"var(--ast-global-color-5)","background-image":"","background-repeat":"repeat","background-position":"center center","background-size":"auto","background-attachment":"scroll","background-type":"","background-media":"","overlay-type":"","overlay-color":"","overlay-opacity":"","overlay-gradient":""}},"footnotes":""},"categories":[64,288,2,287,4,5],"tags":[],"class_list":["post-3970","post","type-post","status-publish","format-standard","hentry","category-escola-bellpuig","category-grans","category-petits","category-mitjans","category-portada","category-primaria"],"post_mailing_queue_ids":[],"_links":{"self":[{"href":"https:\/\/agora.xtec.cat\/ceipbellpuig\/wp-json\/wp\/v2\/posts\/3970","targetHints":{"allow":["GET"]}}],"collection":[{"href":"https:\/\/agora.xtec.cat\/ceipbellpuig\/wp-json\/wp\/v2\/posts"}],"about":[{"href":"https:\/\/agora.xtec.cat\/ceipbellpuig\/wp-json\/wp\/v2\/types\/post"}],"author":[{"embeddable":true,"href":"https:\/\/agora.xtec.cat\/ceipbellpuig\/wp-json\/wp\/v2\/users\/1"}],"replies":[{"embeddable":true,"href":"https:\/\/agora.xtec.cat\/ceipbellpuig\/wp-json\/wp\/v2\/comments?post=3970"}],"version-history":[{"count":4,"href":"https:\/\/agora.xtec.cat\/ceipbellpuig\/wp-json\/wp\/v2\/posts\/3970\/revisions"}],"predecessor-version":[{"id":3977,"href":"https:\/\/agora.xtec.cat\/ceipbellpuig\/wp-json\/wp\/v2\/posts\/3970\/revisions\/3977"}],"wp:attachment":[{"href":"https:\/\/agora.xtec.cat\/ceipbellpuig\/wp-json\/wp\/v2\/media?parent=3970"}],"wp:term":[{"taxonomy":"category","embeddable":true,"href":"https:\/\/agora.xtec.cat\/ceipbellpuig\/wp-json\/wp\/v2\/categories?post=3970"},{"taxonomy":"post_tag","embeddable":true,"href":"https:\/\/agora.xtec.cat\/ceipbellpuig\/wp-json\/wp\/v2\/tags?post=3970"}],"curies":[{"name":"wp","href":"https:\/\/api.w.org\/{rel}","templated":true}]}}