{"id":3952,"date":"2020-12-16T21:30:48","date_gmt":"2020-12-16T20:30:48","guid":{"rendered":"http:\/\/agora.xtec.cat\/ceipbellpuig\/?p=3952"},"modified":"2020-12-17T07:33:31","modified_gmt":"2020-12-17T06:33:31","slug":"julia-farre-guanyadora-premi-sambori-omnium","status":"publish","type":"post","link":"https:\/\/agora.xtec.cat\/ceipbellpuig\/portada\/julia-farre-guanyadora-premi-sambori-omnium\/","title":{"rendered":"J\u00falia Farr\u00e9 &#8211; guanyadora Premi Sambori \u00d2mnium"},"content":{"rendered":"<p>Hola fam\u00edlies!<\/p>\n<p>L\u2019any passat la J\u00falia Farr\u00e9 en va guanyar el premi Premi Sambori \u00d2mnium, el premi escolar de narrativa que t\u00e9 per objectiu promoure l\u2019\u00fas literari del catal\u00e0 a l\u2019educaci\u00f3 prim\u00e0ria.<\/p>\n<p>Aquesta setmana ha vingut un representant d\u2019\u00d2mnium per fer l\u2019entrega del premi i d\u2019un llibre a la J\u00falia! Ha sigut molt bonic, a m\u00e9s a m\u00e9s, ens ha animat a tots i a totes a seguir escrivint hist\u00f2ries.<\/p>\n<p><a href=\"https:\/\/photos.app.goo.gl\/sa8Ut86E7LyY1yRJ9\">Us deixem alguna foto d&#8217;aquest dia tan xulo!!!<\/a><\/p>\n<p><img decoding=\"async\" src=\"https:\/\/lh3.googleusercontent.com\/Dfu7s_4d5yCHu07UA7Orfj1Rreb6PkChijDMXPTQFoT-7C1-uypgVtSxJphFS0Sh8M7nBvGqCyeUcfTHfNtmsiaE42fTabCR5FnwH--XuFSmTQkE7K4H9C_40NIN-itoTDEQk-F4DVnYDQNGf_805rMsL6c9xNc56BWQMU2nlCbRKqYoVqf4irlnoGesHx3d1JKSv2b3EThYuQPWmPa90hsvIgviN9vy_cqCZHF4Yo2KG9hZlXL4ZpYMwtKfwjBjWdBA_QRUQuusl677eFim7zbT3194wfF2mo2ONGkVdsa6TodB5YGj0yB3ZGZNHMqfP_CUnbF3lskrwPomPBX0u9i0RA8uJQgGin0haxxOh09UxMe7x5VDBeRxs_SD8xQQXoGX9sodENgXorjQLGQom-eS6kVQnGLWsVTt29LAvVUGwOqJTUDV0JZ3BL4I4jsAbOHVMP9UPiF154qzxACY-COVcG14V83H2r73s3-9ZwXYOyz1WTj4k6i0m5mKlve8j40FW6R0pujq6NfqaD-2YGwmLFYTjQcUW2D9AkV7AMhdm3Da71dXVAzswp8lhsTQm-TWZSzxUZgpuk-0zs52LRUBjHLRSb1pZdovpDDCgZT1-sNNhaC1ctVpmeA9QFrnWhh8pkulBtyqLkLxD9MMfomfAN-bXlyy3j8MD6WnbKqgktWvqLqFiTyGm0z1hw=w1542-h867-no?authuser=3\" \/><\/p>\n","protected":false},"excerpt":{"rendered":"<p>Hola fam\u00edlies! L\u2019any passat la J\u00falia Farr\u00e9 en va guanyar el premi Premi Sambori \u00d2mnium, el premi escolar de narrativa que t\u00e9 per objectiu promoure l\u2019\u00fas literari del catal\u00e0 a l\u2019educaci\u00f3 prim\u00e0ria. Aquesta setmana ha vingut un representant d\u2019\u00d2mnium per fer l\u2019entrega del premi i d\u2019un llibre a la J\u00falia! Ha sigut molt bonic, a [&hellip;]<\/p>\n","protected":false},"author":1,"featured_media":0,"comment_status":"open","ping_status":"closed","sticky":false,"template":"","format":"standard","meta":{"_bbp_topic_count":0,"_bbp_reply_count":0,"_bbp_total_topic_count":0,"_bbp_total_reply_count":0,"_bbp_voice_count":0,"_bbp_anonymous_reply_count":0,"_bbp_topic_count_hidden":0,"_bbp_reply_count_hidden":0,"_bbp_forum_subforum_count":0,"site-sidebar-layout":"default","site-content-layout":"","ast-site-content-layout":"","site-content-style":"default","site-sidebar-style":"default","ast-global-header-display":"","ast-banner-title-visibility":"","ast-main-header-display":"","ast-hfb-above-header-display":"","ast-hfb-below-header-display":"","ast-hfb-mobile-header-display":"","site-post-title":"","ast-breadcrumbs-content":"","ast-featured-img":"","footer-sml-layout":"","theme-transparent-header-meta":"","adv-header-id-meta":"","stick-header-meta":"","header-above-stick-meta":"","header-main-stick-meta":"","header-below-stick-meta":"","astra-migrate-meta-layouts":"default","ast-page-background-enabled":"default","ast-page-background-meta":{"desktop":{"background-color":"var(--ast-global-color-4)","background-image":"","background-repeat":"repeat","background-position":"center center","background-size":"auto","background-attachment":"scroll","background-type":"","background-media":"","overlay-type":"","overlay-color":"","overlay-opacity":"","overlay-gradient":""},"tablet":{"background-color":"","background-image":"","background-repeat":"repeat","background-position":"center center","background-size":"auto","background-attachment":"scroll","background-type":"","background-media":"","overlay-type":"","overlay-color":"","overlay-opacity":"","overlay-gradient":""},"mobile":{"background-color":"","background-image":"","background-repeat":"repeat","background-position":"center center","background-size":"auto","background-attachment":"scroll","background-type":"","background-media":"","overlay-type":"","overlay-color":"","overlay-opacity":"","overlay-gradient":""}},"ast-content-background-meta":{"desktop":{"background-color":"var(--ast-global-color-5)","background-image":"","background-repeat":"repeat","background-position":"center center","background-size":"auto","background-attachment":"scroll","background-type":"","background-media":"","overlay-type":"","overlay-color":"","overlay-opacity":"","overlay-gradient":""},"tablet":{"background-color":"var(--ast-global-color-5)","background-image":"","background-repeat":"repeat","background-position":"center center","background-size":"auto","background-attachment":"scroll","background-type":"","background-media":"","overlay-type":"","overlay-color":"","overlay-opacity":"","overlay-gradient":""},"mobile":{"background-color":"var(--ast-global-color-5)","background-image":"","background-repeat":"repeat","background-position":"center center","background-size":"auto","background-attachment":"scroll","background-type":"","background-media":"","overlay-type":"","overlay-color":"","overlay-opacity":"","overlay-gradient":""}},"footnotes":""},"categories":[60,287,4],"tags":[],"class_list":["post-3952","post","type-post","status-publish","format-standard","hentry","category-cicle-mitja","category-mitjans","category-portada"],"post_mailing_queue_ids":[],"_links":{"self":[{"href":"https:\/\/agora.xtec.cat\/ceipbellpuig\/wp-json\/wp\/v2\/posts\/3952","targetHints":{"allow":["GET"]}}],"collection":[{"href":"https:\/\/agora.xtec.cat\/ceipbellpuig\/wp-json\/wp\/v2\/posts"}],"about":[{"href":"https:\/\/agora.xtec.cat\/ceipbellpuig\/wp-json\/wp\/v2\/types\/post"}],"author":[{"embeddable":true,"href":"https:\/\/agora.xtec.cat\/ceipbellpuig\/wp-json\/wp\/v2\/users\/1"}],"replies":[{"embeddable":true,"href":"https:\/\/agora.xtec.cat\/ceipbellpuig\/wp-json\/wp\/v2\/comments?post=3952"}],"version-history":[{"count":2,"href":"https:\/\/agora.xtec.cat\/ceipbellpuig\/wp-json\/wp\/v2\/posts\/3952\/revisions"}],"predecessor-version":[{"id":3962,"href":"https:\/\/agora.xtec.cat\/ceipbellpuig\/wp-json\/wp\/v2\/posts\/3952\/revisions\/3962"}],"wp:attachment":[{"href":"https:\/\/agora.xtec.cat\/ceipbellpuig\/wp-json\/wp\/v2\/media?parent=3952"}],"wp:term":[{"taxonomy":"category","embeddable":true,"href":"https:\/\/agora.xtec.cat\/ceipbellpuig\/wp-json\/wp\/v2\/categories?post=3952"},{"taxonomy":"post_tag","embeddable":true,"href":"https:\/\/agora.xtec.cat\/ceipbellpuig\/wp-json\/wp\/v2\/tags?post=3952"}],"curies":[{"name":"wp","href":"https:\/\/api.w.org\/{rel}","templated":true}]}}