{"id":3915,"date":"2020-12-08T11:59:19","date_gmt":"2020-12-08T10:59:19","guid":{"rendered":"http:\/\/agora.xtec.cat\/ceipbellpuig\/?p=3915"},"modified":"2020-12-09T18:47:19","modified_gmt":"2020-12-09T17:47:19","slug":"taller-sobre-la-diversitat-funcional","status":"publish","type":"post","link":"https:\/\/agora.xtec.cat\/ceipbellpuig\/portada\/taller-sobre-la-diversitat-funcional\/","title":{"rendered":"Taller sobre la diversitat funcional"},"content":{"rendered":"<p><span style=\"font-weight: 400;\">Hola, som els nens i nenes de 5\u00e8, la classe de l\u2019Anicanvi. El passat dimarts 24 de novembre, l\u2019Eli i la Cristina, dues psic\u00f2logues de l\u2019Associaci\u00f3 S\u00edndrome d\u2019Asperger d\u2019Osona, van venir a fer-nos un petit taller sobre diversitat.<\/span><\/p>\n<p><strong>\u00a0<\/strong><\/p>\n<p><span style=\"font-weight: 400;\">L\u2019Eli i la Cristina ens van fer diferents activitats sobre la diversitat funcional, que vol dir que tots som diferents, que a cadasc\u00fa se li donen b\u00e9 activitats diferents i que tots necessitem ajuda en coses diferents. Ens van fer una presentaci\u00f3, on hi havia un curtmetratge que ens va agradar molt: Mr Indifferent. En aquest v\u00eddeo sortia un senyor que no ajudava a la gent perqu\u00e8 no volia i nom\u00e9s es preocupava per ell.\u00a0<\/span><\/p>\n<p><strong>\u00a0<\/strong><\/p>\n<p><span style=\"font-weight: 400;\">A continuaci\u00f3, ens van proposar una activitat que consistia en qu\u00e8 cadasc\u00fa escriv\u00eds, en una pe\u00e7a de puzzle, els seus punts forts i punts febles. Despr\u00e9s de compartir-ho, vam unir totes les peces. Llavors, l\u2019Eli i la Cristina ens van donar tres peces m\u00e9s amb diferents punts forts i punts febles i les vam haver d\u2019unir al puzzle que ja ten\u00edem, per\u00f2 no encaixaven. Per poder-les encaixar ens van donar diferents eines (empatia, comprensi\u00f3, igualtat, respecte, sinceritat\u2026) i ho vam aconseguir!<\/span><\/p>\n<p><strong>\u00a0<\/strong><\/p>\n<p><span style=\"font-weight: 400;\">Creiem que aquesta xerrada ens va servir per reflexionar sobre les coses que fem. Ens va agradar molt aquest taller.\u00a0<\/span><\/p>\n<p><strong>\u00a0<\/strong><\/p>\n<p><span style=\"font-weight: 400;\">Moltes gr\u00e0cies Eli i Cristina!<\/span><\/p>\n<p><span style=\"font-weight: 400;\">La classe de l\u2019Anicanvi (5\u00e8)<\/span><\/p>\n<p><a href=\"https:\/\/photos.app.goo.gl\/Y8BZNhWPwcFGa5dVA\">FOTOS<\/a><\/p>\n","protected":false},"excerpt":{"rendered":"<p>Hola, som els nens i nenes de 5\u00e8, la classe de l\u2019Anicanvi. El passat dimarts 24 de novembre, l\u2019Eli i la Cristina, dues psic\u00f2logues de l\u2019Associaci\u00f3 S\u00edndrome d\u2019Asperger d\u2019Osona, van venir a fer-nos un petit taller sobre diversitat. \u00a0 L\u2019Eli i la Cristina ens van fer diferents activitats sobre la diversitat funcional, que vol dir [&hellip;]<\/p>\n","protected":false},"author":1,"featured_media":0,"comment_status":"open","ping_status":"closed","sticky":false,"template":"","format":"standard","meta":{"_bbp_topic_count":0,"_bbp_reply_count":0,"_bbp_total_topic_count":0,"_bbp_total_reply_count":0,"_bbp_voice_count":0,"_bbp_anonymous_reply_count":0,"_bbp_topic_count_hidden":0,"_bbp_reply_count_hidden":0,"_bbp_forum_subforum_count":0,"site-sidebar-layout":"default","site-content-layout":"","ast-site-content-layout":"","site-content-style":"default","site-sidebar-style":"default","ast-global-header-display":"","ast-banner-title-visibility":"","ast-main-header-display":"","ast-hfb-above-header-display":"","ast-hfb-below-header-display":"","ast-hfb-mobile-header-display":"","site-post-title":"","ast-breadcrumbs-content":"","ast-featured-img":"","footer-sml-layout":"","theme-transparent-header-meta":"","adv-header-id-meta":"","stick-header-meta":"","header-above-stick-meta":"","header-main-stick-meta":"","header-below-stick-meta":"","astra-migrate-meta-layouts":"default","ast-page-background-enabled":"default","ast-page-background-meta":{"desktop":{"background-color":"var(--ast-global-color-4)","background-image":"","background-repeat":"repeat","background-position":"center center","background-size":"auto","background-attachment":"scroll","background-type":"","background-media":"","overlay-type":"","overlay-color":"","overlay-opacity":"","overlay-gradient":""},"tablet":{"background-color":"","background-image":"","background-repeat":"repeat","background-position":"center center","background-size":"auto","background-attachment":"scroll","background-type":"","background-media":"","overlay-type":"","overlay-color":"","overlay-opacity":"","overlay-gradient":""},"mobile":{"background-color":"","background-image":"","background-repeat":"repeat","background-position":"center center","background-size":"auto","background-attachment":"scroll","background-type":"","background-media":"","overlay-type":"","overlay-color":"","overlay-opacity":"","overlay-gradient":""}},"ast-content-background-meta":{"desktop":{"background-color":"var(--ast-global-color-5)","background-image":"","background-repeat":"repeat","background-position":"center center","background-size":"auto","background-attachment":"scroll","background-type":"","background-media":"","overlay-type":"","overlay-color":"","overlay-opacity":"","overlay-gradient":""},"tablet":{"background-color":"var(--ast-global-color-5)","background-image":"","background-repeat":"repeat","background-position":"center center","background-size":"auto","background-attachment":"scroll","background-type":"","background-media":"","overlay-type":"","overlay-color":"","overlay-opacity":"","overlay-gradient":""},"mobile":{"background-color":"var(--ast-global-color-5)","background-image":"","background-repeat":"repeat","background-position":"center center","background-size":"auto","background-attachment":"scroll","background-type":"","background-media":"","overlay-type":"","overlay-color":"","overlay-opacity":"","overlay-gradient":""}},"footnotes":""},"categories":[288,4,132],"tags":[373,391,229],"class_list":["post-3915","post","type-post","status-publish","format-standard","hentry","category-grans","category-portada","category-tallers","tag-cinque","tag-diversitat","tag-grans"],"post_mailing_queue_ids":[],"_links":{"self":[{"href":"https:\/\/agora.xtec.cat\/ceipbellpuig\/wp-json\/wp\/v2\/posts\/3915","targetHints":{"allow":["GET"]}}],"collection":[{"href":"https:\/\/agora.xtec.cat\/ceipbellpuig\/wp-json\/wp\/v2\/posts"}],"about":[{"href":"https:\/\/agora.xtec.cat\/ceipbellpuig\/wp-json\/wp\/v2\/types\/post"}],"author":[{"embeddable":true,"href":"https:\/\/agora.xtec.cat\/ceipbellpuig\/wp-json\/wp\/v2\/users\/1"}],"replies":[{"embeddable":true,"href":"https:\/\/agora.xtec.cat\/ceipbellpuig\/wp-json\/wp\/v2\/comments?post=3915"}],"version-history":[{"count":2,"href":"https:\/\/agora.xtec.cat\/ceipbellpuig\/wp-json\/wp\/v2\/posts\/3915\/revisions"}],"predecessor-version":[{"id":3918,"href":"https:\/\/agora.xtec.cat\/ceipbellpuig\/wp-json\/wp\/v2\/posts\/3915\/revisions\/3918"}],"wp:attachment":[{"href":"https:\/\/agora.xtec.cat\/ceipbellpuig\/wp-json\/wp\/v2\/media?parent=3915"}],"wp:term":[{"taxonomy":"category","embeddable":true,"href":"https:\/\/agora.xtec.cat\/ceipbellpuig\/wp-json\/wp\/v2\/categories?post=3915"},{"taxonomy":"post_tag","embeddable":true,"href":"https:\/\/agora.xtec.cat\/ceipbellpuig\/wp-json\/wp\/v2\/tags?post=3915"}],"curies":[{"name":"wp","href":"https:\/\/api.w.org\/{rel}","templated":true}]}}