{"id":3908,"date":"2020-12-08T09:49:24","date_gmt":"2020-12-08T08:49:24","guid":{"rendered":"http:\/\/agora.xtec.cat\/ceipbellpuig\/?p=3908"},"modified":"2020-12-08T09:49:24","modified_gmt":"2020-12-08T08:49:24","slug":"segona-ronda-de-racons-a-p3","status":"publish","type":"post","link":"https:\/\/agora.xtec.cat\/ceipbellpuig\/general\/segona-ronda-de-racons-a-p3\/","title":{"rendered":"Segona ronda de racons a P3"},"content":{"rendered":"<p>Durant aquestes \u00faltimes 3 setmanes, hem estat fent la segona ronda de racons matem\u00e0tics i racons multi\u00e0rees.<\/p>\n<p>En aquesta ocasi\u00f3, hem dedicat els <strong>racons matem\u00e0tics<\/strong> a treballar els colors m\u00e9s b\u00e0sics amb diferents propostes:<\/p>\n<p><a href=\"https:\/\/agora.xtec.cat\/ceipbellpuig\/wp-content\/uploads\/usu1575\/2020\/12\/IMG_20201116_151557.jpg\"><img loading=\"lazy\" decoding=\"async\" class=\"aligncenter size-medium wp-image-3909\" src=\"https:\/\/agora.xtec.cat\/ceipbellpuig\/wp-content\/uploads\/usu1575\/2020\/12\/IMG_20201116_151557-300x169.jpg\" alt=\"\" width=\"300\" height=\"169\" srcset=\"https:\/\/agora.xtec.cat\/ceipbellpuig\/wp-content\/uploads\/usu1575\/2020\/12\/IMG_20201116_151557-300x169.jpg 300w, https:\/\/agora.xtec.cat\/ceipbellpuig\/wp-content\/uploads\/usu1575\/2020\/12\/IMG_20201116_151557-768x432.jpg 768w, https:\/\/agora.xtec.cat\/ceipbellpuig\/wp-content\/uploads\/usu1575\/2020\/12\/IMG_20201116_151557-1024x576.jpg 1024w, https:\/\/agora.xtec.cat\/ceipbellpuig\/wp-content\/uploads\/usu1575\/2020\/12\/IMG_20201116_151557.jpg 1110w\" sizes=\"auto, (max-width: 300px) 100vw, 300px\" \/><\/a><\/p>\n<ul>\n<li>Enganxar pinces de colors al cercle corresponent, tot relacionant els colors i potenciant, tamb\u00e9, el treball de la motricitat fina.<\/li>\n<li>Pintar diferents figures amb palets de les orelles utilitzant el color correcte.<\/li>\n<li>Agafar peces de fusta de colors i seguir el cam\u00ed correcte tot fent equilibris sobre la corda per col\u00b7locar aquesta pe\u00e7a a la safata del color corresponent.<\/li>\n<\/ul>\n<p><a href=\"https:\/\/photos.app.goo.gl\/mT79yN6Sqfxb8h2N8\">FOTOS P3A<\/a> i <a href=\"https:\/\/photos.app.goo.gl\/fpJj87qRucZ6tPbx7\">FOTOS P3B<\/a><\/p>\n<p>En els <strong>racons multi\u00e0rees<\/strong> hem treballat diferents aspectes:<\/p>\n<p><a href=\"https:\/\/agora.xtec.cat\/ceipbellpuig\/wp-content\/uploads\/usu1575\/2020\/12\/IMG_20201118_151601.jpg\"><img loading=\"lazy\" decoding=\"async\" class=\"aligncenter size-medium wp-image-3910\" src=\"https:\/\/agora.xtec.cat\/ceipbellpuig\/wp-content\/uploads\/usu1575\/2020\/12\/IMG_20201118_151601-300x169.jpg\" alt=\"\" width=\"300\" height=\"169\" srcset=\"https:\/\/agora.xtec.cat\/ceipbellpuig\/wp-content\/uploads\/usu1575\/2020\/12\/IMG_20201118_151601-300x169.jpg 300w, https:\/\/agora.xtec.cat\/ceipbellpuig\/wp-content\/uploads\/usu1575\/2020\/12\/IMG_20201118_151601-768x432.jpg 768w, https:\/\/agora.xtec.cat\/ceipbellpuig\/wp-content\/uploads\/usu1575\/2020\/12\/IMG_20201118_151601-1024x576.jpg 1024w, https:\/\/agora.xtec.cat\/ceipbellpuig\/wp-content\/uploads\/usu1575\/2020\/12\/IMG_20201118_151601.jpg 1168w\" sizes=\"auto, (max-width: 300px) 100vw, 300px\" \/><\/a><\/p>\n<ul>\n<li>Control del buf: intentant xuclar castanyes de paper amb una canyeta i, posteriorment, transportant-les fins a un lloc determinat tot bufant.<\/li>\n<li>Familiaritzar-se amb les lletres del propi nom: realitzant un puzzle del nom, seguint l&#8217;ordre correcte de les lletres i amb l&#8217;ajuda d&#8217;una fotografia.<\/li>\n<li>Seguir una sanefa: tot utilitzant pedres de colors i la taula de llum.<\/li>\n<\/ul>\n<p><a href=\"https:\/\/photos.app.goo.gl\/NsUa67G1AzvgHHyc9\">FOTOS P3A<\/a> i <a href=\"https:\/\/photos.app.goo.gl\/FFjLgkVCfC2FBVFYA\">FOTOS P3B<\/a><\/p>\n<p>Despr\u00e9s de les festes de Nadal continuarem amb la tercera ronda de racons.<\/p>\n","protected":false},"excerpt":{"rendered":"<p>Durant aquestes \u00faltimes 3 setmanes, hem estat fent la segona ronda de racons matem\u00e0tics i racons multi\u00e0rees. En aquesta ocasi\u00f3, hem dedicat els racons matem\u00e0tics a treballar els colors m\u00e9s b\u00e0sics amb diferents propostes: Enganxar pinces de colors al cercle corresponent, tot relacionant els colors i potenciant, tamb\u00e9, el treball de la motricitat fina. Pintar [&hellip;]<\/p>\n","protected":false},"author":1,"featured_media":0,"comment_status":"open","ping_status":"closed","sticky":false,"template":"","format":"standard","meta":{"_bbp_topic_count":0,"_bbp_reply_count":0,"_bbp_total_topic_count":0,"_bbp_total_reply_count":0,"_bbp_voice_count":0,"_bbp_anonymous_reply_count":0,"_bbp_topic_count_hidden":0,"_bbp_reply_count_hidden":0,"_bbp_forum_subforum_count":0,"site-sidebar-layout":"default","site-content-layout":"","ast-site-content-layout":"","site-content-style":"default","site-sidebar-style":"default","ast-global-header-display":"","ast-banner-title-visibility":"","ast-main-header-display":"","ast-hfb-above-header-display":"","ast-hfb-below-header-display":"","ast-hfb-mobile-header-display":"","site-post-title":"","ast-breadcrumbs-content":"","ast-featured-img":"","footer-sml-layout":"","theme-transparent-header-meta":"","adv-header-id-meta":"","stick-header-meta":"","header-above-stick-meta":"","header-main-stick-meta":"","header-below-stick-meta":"","astra-migrate-meta-layouts":"default","ast-page-background-enabled":"default","ast-page-background-meta":{"desktop":{"background-color":"var(--ast-global-color-4)","background-image":"","background-repeat":"repeat","background-position":"center center","background-size":"auto","background-attachment":"scroll","background-type":"","background-media":"","overlay-type":"","overlay-color":"","overlay-opacity":"","overlay-gradient":""},"tablet":{"background-color":"","background-image":"","background-repeat":"repeat","background-position":"center center","background-size":"auto","background-attachment":"scroll","background-type":"","background-media":"","overlay-type":"","overlay-color":"","overlay-opacity":"","overlay-gradient":""},"mobile":{"background-color":"","background-image":"","background-repeat":"repeat","background-position":"center center","background-size":"auto","background-attachment":"scroll","background-type":"","background-media":"","overlay-type":"","overlay-color":"","overlay-opacity":"","overlay-gradient":""}},"ast-content-background-meta":{"desktop":{"background-color":"var(--ast-global-color-5)","background-image":"","background-repeat":"repeat","background-position":"center center","background-size":"auto","background-attachment":"scroll","background-type":"","background-media":"","overlay-type":"","overlay-color":"","overlay-opacity":"","overlay-gradient":""},"tablet":{"background-color":"var(--ast-global-color-5)","background-image":"","background-repeat":"repeat","background-position":"center center","background-size":"auto","background-attachment":"scroll","background-type":"","background-media":"","overlay-type":"","overlay-color":"","overlay-opacity":"","overlay-gradient":""},"mobile":{"background-color":"var(--ast-global-color-5)","background-image":"","background-repeat":"repeat","background-position":"center center","background-size":"auto","background-attachment":"scroll","background-type":"","background-media":"","overlay-type":"","overlay-color":"","overlay-opacity":"","overlay-gradient":""}},"footnotes":""},"categories":[74,69,1,2,4],"tags":[364,290],"class_list":["post-3908","post","type-post","status-publish","format-standard","hentry","category-activitats","category-treballem","category-general","category-petits","category-portada","tag-p3","tag-racons"],"post_mailing_queue_ids":[],"_links":{"self":[{"href":"https:\/\/agora.xtec.cat\/ceipbellpuig\/wp-json\/wp\/v2\/posts\/3908","targetHints":{"allow":["GET"]}}],"collection":[{"href":"https:\/\/agora.xtec.cat\/ceipbellpuig\/wp-json\/wp\/v2\/posts"}],"about":[{"href":"https:\/\/agora.xtec.cat\/ceipbellpuig\/wp-json\/wp\/v2\/types\/post"}],"author":[{"embeddable":true,"href":"https:\/\/agora.xtec.cat\/ceipbellpuig\/wp-json\/wp\/v2\/users\/1"}],"replies":[{"embeddable":true,"href":"https:\/\/agora.xtec.cat\/ceipbellpuig\/wp-json\/wp\/v2\/comments?post=3908"}],"version-history":[{"count":2,"href":"https:\/\/agora.xtec.cat\/ceipbellpuig\/wp-json\/wp\/v2\/posts\/3908\/revisions"}],"predecessor-version":[{"id":3912,"href":"https:\/\/agora.xtec.cat\/ceipbellpuig\/wp-json\/wp\/v2\/posts\/3908\/revisions\/3912"}],"wp:attachment":[{"href":"https:\/\/agora.xtec.cat\/ceipbellpuig\/wp-json\/wp\/v2\/media?parent=3908"}],"wp:term":[{"taxonomy":"category","embeddable":true,"href":"https:\/\/agora.xtec.cat\/ceipbellpuig\/wp-json\/wp\/v2\/categories?post=3908"},{"taxonomy":"post_tag","embeddable":true,"href":"https:\/\/agora.xtec.cat\/ceipbellpuig\/wp-json\/wp\/v2\/tags?post=3908"}],"curies":[{"name":"wp","href":"https:\/\/api.w.org\/{rel}","templated":true}]}}