{"id":3880,"date":"2020-11-23T20:02:17","date_gmt":"2020-11-23T19:02:17","guid":{"rendered":"http:\/\/agora.xtec.cat\/ceipbellpuig\/?p=3880"},"modified":"2020-11-23T20:26:03","modified_gmt":"2020-11-23T19:26:03","slug":"santa-cecilia-3","status":"publish","type":"post","link":"https:\/\/agora.xtec.cat\/ceipbellpuig\/general\/santa-cecilia-3\/","title":{"rendered":"SANTA CEC\u00cdLIA"},"content":{"rendered":"<p><span style=\"font-weight: 400\">La m\u00fasica \u00e9s essencial per la nostra educaci\u00f3, ja es proclamava l\u2019any 2014 amb la can\u00e7\u00f3 \u201cMirall de pau\u201d. La seva lletra explica al m\u00f3n que estimem la m\u00fasica, que \u00e9s indispensable pel nostre dia a dia i que ens acompanya en molts moments importants de la vida. Com el que vivim avui, un curs especial en el que la m\u00fasica no ens ha deixat d\u2019acompanyar.\u00a0<\/span><\/p>\n<p><span style=\"font-weight: 400\">Gr\u00e0cies a la m\u00fasica ens sentim millor i ens oblidem d\u2019alguns problemes. La necessitem perqu\u00e8 ens acompanyi en moments tristos per\u00f2 tamb\u00e9 en moments alegres. La m\u00fasica sona quan valorem sentir-nos acompanyats i tamb\u00e9 quan desitgem estar sols.\u00a0\u00a0\u00a0<\/span><\/p>\n<p><span style=\"font-weight: 400\">Per aix\u00f2 avui l&#8217;hem tornat a cantar, per proclamar als quatre vents que la m\u00fasica ens il\u00b7lumina la vida, fa que les nostres il\u00b7lusions es tornin realitat, ens d\u00f3na ales per ser lliures i ens acarona el cor.<\/span><\/p>\n<p><span style=\"font-weight: 400\">Mantenint dist\u00e0ncies, amb la mascareta ben posada i les mans ben netes, la m\u00fasica seguir\u00e0 vibrant als nostres cors. Avui \u00e9s un dia especial i hem fet els possibles per celebrar-ho junts, tot i les dificultats. Us desitgem molta salut i molta m\u00fasica!<\/span><\/p>\n<p><a href=\"https:\/\/drive.google.com\/file\/d\/1ECAhMOn94FhV-Q7jEGKrF3asZAwghcpi\/view?usp=sharing\">V\u00cdDEO SANTA CEC\u00cdLIA<\/a><\/p>\n<p>&nbsp;<\/p>\n","protected":false},"excerpt":{"rendered":"<p>La m\u00fasica \u00e9s essencial per la nostra educaci\u00f3, ja es proclamava l\u2019any 2014 amb la can\u00e7\u00f3 \u201cMirall de pau\u201d. La seva lletra explica al m\u00f3n que estimem la m\u00fasica, que \u00e9s indispensable pel nostre dia a dia i que ens acompanya en molts moments importants de la vida. Com el que vivim avui, un curs [&hellip;]<\/p>\n","protected":false},"author":14,"featured_media":3881,"comment_status":"open","ping_status":"closed","sticky":false,"template":"","format":"standard","meta":{"_bbp_topic_count":0,"_bbp_reply_count":0,"_bbp_total_topic_count":0,"_bbp_total_reply_count":0,"_bbp_voice_count":0,"_bbp_anonymous_reply_count":0,"_bbp_topic_count_hidden":0,"_bbp_reply_count_hidden":0,"_bbp_forum_subforum_count":0,"site-sidebar-layout":"default","site-content-layout":"","ast-site-content-layout":"","site-content-style":"default","site-sidebar-style":"default","ast-global-header-display":"","ast-banner-title-visibility":"","ast-main-header-display":"","ast-hfb-above-header-display":"","ast-hfb-below-header-display":"","ast-hfb-mobile-header-display":"","site-post-title":"","ast-breadcrumbs-content":"","ast-featured-img":"","footer-sml-layout":"","theme-transparent-header-meta":"","adv-header-id-meta":"","stick-header-meta":"","header-above-stick-meta":"","header-main-stick-meta":"","header-below-stick-meta":"","astra-migrate-meta-layouts":"default","ast-page-background-enabled":"default","ast-page-background-meta":{"desktop":{"background-color":"var(--ast-global-color-4)","background-image":"","background-repeat":"repeat","background-position":"center center","background-size":"auto","background-attachment":"scroll","background-type":"","background-media":"","overlay-type":"","overlay-color":"","overlay-opacity":"","overlay-gradient":""},"tablet":{"background-color":"","background-image":"","background-repeat":"repeat","background-position":"center center","background-size":"auto","background-attachment":"scroll","background-type":"","background-media":"","overlay-type":"","overlay-color":"","overlay-opacity":"","overlay-gradient":""},"mobile":{"background-color":"","background-image":"","background-repeat":"repeat","background-position":"center center","background-size":"auto","background-attachment":"scroll","background-type":"","background-media":"","overlay-type":"","overlay-color":"","overlay-opacity":"","overlay-gradient":""}},"ast-content-background-meta":{"desktop":{"background-color":"var(--ast-global-color-5)","background-image":"","background-repeat":"repeat","background-position":"center center","background-size":"auto","background-attachment":"scroll","background-type":"","background-media":"","overlay-type":"","overlay-color":"","overlay-opacity":"","overlay-gradient":""},"tablet":{"background-color":"var(--ast-global-color-5)","background-image":"","background-repeat":"repeat","background-position":"center center","background-size":"auto","background-attachment":"scroll","background-type":"","background-media":"","overlay-type":"","overlay-color":"","overlay-opacity":"","overlay-gradient":""},"mobile":{"background-color":"var(--ast-global-color-5)","background-image":"","background-repeat":"repeat","background-position":"center center","background-size":"auto","background-attachment":"scroll","background-type":"","background-media":"","overlay-type":"","overlay-color":"","overlay-opacity":"","overlay-gradient":""}},"footnotes":""},"categories":[1,92,4],"tags":[],"class_list":["post-3880","post","type-post","status-publish","format-standard","has-post-thumbnail","hentry","category-general","category-musica","category-portada"],"post_mailing_queue_ids":[],"_links":{"self":[{"href":"https:\/\/agora.xtec.cat\/ceipbellpuig\/wp-json\/wp\/v2\/posts\/3880","targetHints":{"allow":["GET"]}}],"collection":[{"href":"https:\/\/agora.xtec.cat\/ceipbellpuig\/wp-json\/wp\/v2\/posts"}],"about":[{"href":"https:\/\/agora.xtec.cat\/ceipbellpuig\/wp-json\/wp\/v2\/types\/post"}],"author":[{"embeddable":true,"href":"https:\/\/agora.xtec.cat\/ceipbellpuig\/wp-json\/wp\/v2\/users\/14"}],"replies":[{"embeddable":true,"href":"https:\/\/agora.xtec.cat\/ceipbellpuig\/wp-json\/wp\/v2\/comments?post=3880"}],"version-history":[{"count":3,"href":"https:\/\/agora.xtec.cat\/ceipbellpuig\/wp-json\/wp\/v2\/posts\/3880\/revisions"}],"predecessor-version":[{"id":3884,"href":"https:\/\/agora.xtec.cat\/ceipbellpuig\/wp-json\/wp\/v2\/posts\/3880\/revisions\/3884"}],"wp:featuredmedia":[{"embeddable":true,"href":"https:\/\/agora.xtec.cat\/ceipbellpuig\/wp-json\/wp\/v2\/media\/3881"}],"wp:attachment":[{"href":"https:\/\/agora.xtec.cat\/ceipbellpuig\/wp-json\/wp\/v2\/media?parent=3880"}],"wp:term":[{"taxonomy":"category","embeddable":true,"href":"https:\/\/agora.xtec.cat\/ceipbellpuig\/wp-json\/wp\/v2\/categories?post=3880"},{"taxonomy":"post_tag","embeddable":true,"href":"https:\/\/agora.xtec.cat\/ceipbellpuig\/wp-json\/wp\/v2\/tags?post=3880"}],"curies":[{"name":"wp","href":"https:\/\/api.w.org\/{rel}","templated":true}]}}