{"id":3832,"date":"2020-11-16T10:15:13","date_gmt":"2020-11-16T09:15:13","guid":{"rendered":"http:\/\/agora.xtec.cat\/ceipbellpuig\/?p=3832"},"modified":"2020-11-16T10:15:13","modified_gmt":"2020-11-16T09:15:13","slug":"racons-a-p3","status":"publish","type":"post","link":"https:\/\/agora.xtec.cat\/ceipbellpuig\/general\/racons-a-p3\/","title":{"rendered":"Racons a P3"},"content":{"rendered":"<p>Durant aquestes tres \u00faltimes setmanes, els nens i nenes de P3, hem fet els racons matem\u00e0tics i els racons multi\u00e0rees. S\u00f3n racons rotatius i, per tant, cada setmana i en grups petits, fem un d&#8217;aquests racons. Aix\u00ed doncs, al final de les tres setmanes, cada grupet ha realitzat les tres propostes.<\/p>\n<p>Treballar en petit grup ens ajuda a poder treballar m\u00e9s manipulativament , poder atendre els alumnes de manera m\u00e9s individualitzada i poder observar millor els seus aprenentatges i progressos.<\/p>\n<p>Un dels objectius importants dels racons \u00e9s que els nens i nenes aprenguin a treballar en petit grup, respectar el material , seguir les consignes donades i anar aprenent a treballar de manera aut\u00f2noma.<\/p>\n<p><strong>Racons matem\u00e0tics<\/strong>: (<a href=\"https:\/\/photos.app.goo.gl\/n3f1DuD69Z1se5Rx7\">fotos P3A<\/a> i <a href=\"https:\/\/photos.app.goo.gl\/BYsm3NoJuoCXY8qK7\">fotos P3B<\/a>)<\/p>\n<ul>\n<li>Seriacions amb boles de colors seguint el model. Objectiu: aprendre a fer seriacions de dos elements (color)<\/li>\n<li>Agrupacions amb diferents targetes: hem pogut agrupar per colors, per tem\u00e0tica, etc. Objectiu: aprendre\u00a0 a fer classificacions i saber explicar el perqu\u00e8 de l&#8217;agrupaci\u00f3<\/li>\n<li>Col\u00b7loquem gomes de colors als dits de la m\u00e0 seguint el model. Objectiu: orientaci\u00f3 espaial<\/li>\n<\/ul>\n<p><a href=\"https:\/\/agora.xtec.cat\/ceipbellpuig\/wp-content\/uploads\/usu1575\/2020\/11\/P01109-152052.jpg\"><img loading=\"lazy\" decoding=\"async\" class=\"aligncenter size-medium wp-image-3834\" src=\"https:\/\/agora.xtec.cat\/ceipbellpuig\/wp-content\/uploads\/usu1575\/2020\/11\/P01109-152052-300x150.jpg\" alt=\"\" width=\"300\" height=\"150\" srcset=\"https:\/\/agora.xtec.cat\/ceipbellpuig\/wp-content\/uploads\/usu1575\/2020\/11\/P01109-152052-300x150.jpg 300w, https:\/\/agora.xtec.cat\/ceipbellpuig\/wp-content\/uploads\/usu1575\/2020\/11\/P01109-152052-768x384.jpg 768w, https:\/\/agora.xtec.cat\/ceipbellpuig\/wp-content\/uploads\/usu1575\/2020\/11\/P01109-152052-1024x512.jpg 1024w, https:\/\/agora.xtec.cat\/ceipbellpuig\/wp-content\/uploads\/usu1575\/2020\/11\/P01109-152052.jpg 1314w\" sizes=\"auto, (max-width: 300px) 100vw, 300px\" \/><\/a><\/p>\n<p><strong>Racons multi\u00e0rees<\/strong>: (<a href=\"https:\/\/photos.app.goo.gl\/LRTUCdL7NJKVoWpy8\">fotos P3A<\/a> i <a href=\"https:\/\/photos.app.goo.gl\/RzBcs28KtHaecSbY6\">fotos P3B<\/a>)<\/p>\n<ul>\n<li>Practiquem el buf: fent saltar les boles de la bossa amb una canyeta, i guiant una pilota per un circuit bufant amb una canyeta. Objectiu: Enfortir musculatura per poder vocalitzar millor.<\/li>\n<li>Enfilem diferents tipus de pasta de colors als escuradents llargs i les canyes. Objectiu : motricitat fina<\/li>\n<li>Resseguim la lletra del nostre nom amb boletes de paper i les enganxem. Objectiu: familiaritzar-se amb la lletra del seu nom i aprendre la direccionalitat del tra\u00e7<\/li>\n<\/ul>\n<p><img loading=\"lazy\" decoding=\"async\" class=\"aligncenter size-medium wp-image-3833\" src=\"https:\/\/agora.xtec.cat\/ceipbellpuig\/wp-content\/uploads\/usu1575\/2020\/11\/IMG_20201029_152350_527-225x300.jpg\" alt=\"\" width=\"225\" height=\"300\" srcset=\"https:\/\/agora.xtec.cat\/ceipbellpuig\/wp-content\/uploads\/usu1575\/2020\/11\/IMG_20201029_152350_527-225x300.jpg 225w, https:\/\/agora.xtec.cat\/ceipbellpuig\/wp-content\/uploads\/usu1575\/2020\/11\/IMG_20201029_152350_527.jpg 493w\" sizes=\"auto, (max-width: 225px) 100vw, 225px\" \/><\/p>\n<p>Esperem que us agradin els racons que els alumnes han treballat!<\/p>\n","protected":false},"excerpt":{"rendered":"<p>Durant aquestes tres \u00faltimes setmanes, els nens i nenes de P3, hem fet els racons matem\u00e0tics i els racons multi\u00e0rees. S\u00f3n racons rotatius i, per tant, cada setmana i en grups petits, fem un d&#8217;aquests racons. Aix\u00ed doncs, al final de les tres setmanes, cada grupet ha realitzat les tres propostes. Treballar en petit grup [&hellip;]<\/p>\n","protected":false},"author":1,"featured_media":0,"comment_status":"open","ping_status":"closed","sticky":false,"template":"","format":"standard","meta":{"_bbp_topic_count":0,"_bbp_reply_count":0,"_bbp_total_topic_count":0,"_bbp_total_reply_count":0,"_bbp_voice_count":0,"_bbp_anonymous_reply_count":0,"_bbp_topic_count_hidden":0,"_bbp_reply_count_hidden":0,"_bbp_forum_subforum_count":0,"site-sidebar-layout":"default","site-content-layout":"","ast-site-content-layout":"","site-content-style":"default","site-sidebar-style":"default","ast-global-header-display":"","ast-banner-title-visibility":"","ast-main-header-display":"","ast-hfb-above-header-display":"","ast-hfb-below-header-display":"","ast-hfb-mobile-header-display":"","site-post-title":"","ast-breadcrumbs-content":"","ast-featured-img":"","footer-sml-layout":"","theme-transparent-header-meta":"","adv-header-id-meta":"","stick-header-meta":"","header-above-stick-meta":"","header-main-stick-meta":"","header-below-stick-meta":"","astra-migrate-meta-layouts":"default","ast-page-background-enabled":"default","ast-page-background-meta":{"desktop":{"background-color":"var(--ast-global-color-4)","background-image":"","background-repeat":"repeat","background-position":"center center","background-size":"auto","background-attachment":"scroll","background-type":"","background-media":"","overlay-type":"","overlay-color":"","overlay-opacity":"","overlay-gradient":""},"tablet":{"background-color":"","background-image":"","background-repeat":"repeat","background-position":"center center","background-size":"auto","background-attachment":"scroll","background-type":"","background-media":"","overlay-type":"","overlay-color":"","overlay-opacity":"","overlay-gradient":""},"mobile":{"background-color":"","background-image":"","background-repeat":"repeat","background-position":"center center","background-size":"auto","background-attachment":"scroll","background-type":"","background-media":"","overlay-type":"","overlay-color":"","overlay-opacity":"","overlay-gradient":""}},"ast-content-background-meta":{"desktop":{"background-color":"var(--ast-global-color-5)","background-image":"","background-repeat":"repeat","background-position":"center center","background-size":"auto","background-attachment":"scroll","background-type":"","background-media":"","overlay-type":"","overlay-color":"","overlay-opacity":"","overlay-gradient":""},"tablet":{"background-color":"var(--ast-global-color-5)","background-image":"","background-repeat":"repeat","background-position":"center center","background-size":"auto","background-attachment":"scroll","background-type":"","background-media":"","overlay-type":"","overlay-color":"","overlay-opacity":"","overlay-gradient":""},"mobile":{"background-color":"var(--ast-global-color-5)","background-image":"","background-repeat":"repeat","background-position":"center center","background-size":"auto","background-attachment":"scroll","background-type":"","background-media":"","overlay-type":"","overlay-color":"","overlay-opacity":"","overlay-gradient":""}},"footnotes":""},"categories":[74,69,1,2,4],"tags":[387,388,364,290],"class_list":["post-3832","post","type-post","status-publish","format-standard","hentry","category-activitats","category-treballem","category-general","category-petits","category-portada","tag-matematiques","tag-multiarees","tag-p3","tag-racons"],"post_mailing_queue_ids":[],"_links":{"self":[{"href":"https:\/\/agora.xtec.cat\/ceipbellpuig\/wp-json\/wp\/v2\/posts\/3832","targetHints":{"allow":["GET"]}}],"collection":[{"href":"https:\/\/agora.xtec.cat\/ceipbellpuig\/wp-json\/wp\/v2\/posts"}],"about":[{"href":"https:\/\/agora.xtec.cat\/ceipbellpuig\/wp-json\/wp\/v2\/types\/post"}],"author":[{"embeddable":true,"href":"https:\/\/agora.xtec.cat\/ceipbellpuig\/wp-json\/wp\/v2\/users\/1"}],"replies":[{"embeddable":true,"href":"https:\/\/agora.xtec.cat\/ceipbellpuig\/wp-json\/wp\/v2\/comments?post=3832"}],"version-history":[{"count":2,"href":"https:\/\/agora.xtec.cat\/ceipbellpuig\/wp-json\/wp\/v2\/posts\/3832\/revisions"}],"predecessor-version":[{"id":3842,"href":"https:\/\/agora.xtec.cat\/ceipbellpuig\/wp-json\/wp\/v2\/posts\/3832\/revisions\/3842"}],"wp:attachment":[{"href":"https:\/\/agora.xtec.cat\/ceipbellpuig\/wp-json\/wp\/v2\/media?parent=3832"}],"wp:term":[{"taxonomy":"category","embeddable":true,"href":"https:\/\/agora.xtec.cat\/ceipbellpuig\/wp-json\/wp\/v2\/categories?post=3832"},{"taxonomy":"post_tag","embeddable":true,"href":"https:\/\/agora.xtec.cat\/ceipbellpuig\/wp-json\/wp\/v2\/tags?post=3832"}],"curies":[{"name":"wp","href":"https:\/\/api.w.org\/{rel}","templated":true}]}}