{"id":3813,"date":"2020-11-13T14:14:19","date_gmt":"2020-11-13T13:14:19","guid":{"rendered":"http:\/\/agora.xtec.cat\/ceipbellpuig\/?p=3813"},"modified":"2020-11-13T14:14:19","modified_gmt":"2020-11-13T13:14:19","slug":"activitats-de-tardor-a-p3","status":"publish","type":"post","link":"https:\/\/agora.xtec.cat\/ceipbellpuig\/general\/activitats-de-tardor-a-p3\/","title":{"rendered":"Activitats de tardor a P3"},"content":{"rendered":"<p>Hola fam\u00edlies,<\/p>\n<p>Ja fa dies que ha comen\u00e7at la tardor i ten\u00edem ganes de mostrar-vos algunes de les activitats relacionades amb aquesta estaci\u00f3 i que hem fet durant aquests dies.<\/p>\n<p><a href=\"https:\/\/agora.xtec.cat\/ceipbellpuig\/wp-content\/uploads\/usu1575\/2020\/10\/IMG_20201008_153037_180.jpg\"><img loading=\"lazy\" decoding=\"async\" class=\"aligncenter size-medium wp-image-3814\" src=\"https:\/\/agora.xtec.cat\/ceipbellpuig\/wp-content\/uploads\/usu1575\/2020\/10\/IMG_20201008_153037_180-300x225.jpg\" alt=\"\" width=\"300\" height=\"225\" srcset=\"https:\/\/agora.xtec.cat\/ceipbellpuig\/wp-content\/uploads\/usu1575\/2020\/10\/IMG_20201008_153037_180-300x225.jpg 300w, https:\/\/agora.xtec.cat\/ceipbellpuig\/wp-content\/uploads\/usu1575\/2020\/10\/IMG_20201008_153037_180-768x576.jpg 768w, https:\/\/agora.xtec.cat\/ceipbellpuig\/wp-content\/uploads\/usu1575\/2020\/10\/IMG_20201008_153037_180-200x150.jpg 200w, https:\/\/agora.xtec.cat\/ceipbellpuig\/wp-content\/uploads\/usu1575\/2020\/10\/IMG_20201008_153037_180.jpg 876w\" sizes=\"auto, (max-width: 300px) 100vw, 300px\" \/><\/a> <a href=\"https:\/\/agora.xtec.cat\/ceipbellpuig\/wp-content\/uploads\/usu1575\/2020\/10\/IMG_20201020_153348.jpg\"><img loading=\"lazy\" decoding=\"async\" class=\"aligncenter size-medium wp-image-3815\" src=\"https:\/\/agora.xtec.cat\/ceipbellpuig\/wp-content\/uploads\/usu1575\/2020\/10\/IMG_20201020_153348-300x169.jpg\" alt=\"\" width=\"300\" height=\"169\" srcset=\"https:\/\/agora.xtec.cat\/ceipbellpuig\/wp-content\/uploads\/usu1575\/2020\/10\/IMG_20201020_153348-300x169.jpg 300w, https:\/\/agora.xtec.cat\/ceipbellpuig\/wp-content\/uploads\/usu1575\/2020\/10\/IMG_20201020_153348-768x432.jpg 768w, https:\/\/agora.xtec.cat\/ceipbellpuig\/wp-content\/uploads\/usu1575\/2020\/10\/IMG_20201020_153348-1024x576.jpg 1024w, https:\/\/agora.xtec.cat\/ceipbellpuig\/wp-content\/uploads\/usu1575\/2020\/10\/IMG_20201020_153348.jpg 1168w\" sizes=\"auto, (max-width: 300px) 100vw, 300px\" \/><\/a><\/p>\n<p>Com ja sabeu, fa uns dies vam anar a collir fulles per l&#8217;entorn proper a l&#8217;escola. Un cop a l&#8217;escola, vam provar d&#8217;esmicolar-ne algunes. Ens va agradar molt el soroll que feien i, despr\u00e9s, les vam aprofitar per fer-ne una activitat. Tamb\u00e9 hem realitzat algunes propostes amb pintura: un mural lliure amb els colors de la tardor (el verd, el marr\u00f3, el vermell, el taronja, el groc&#8230;) i una estampaci\u00f3 amb esponges i pintura verda que despr\u00e9s ens ha servit per fer un mural de tardor conjuntament amb P4 i P5. Ja veureu que bonic va quedar!<\/p>\n<p>A m\u00e9s, aprofitant que s&#8217;acostava la castanyada, vam decorar una castanya de manera cooperativa (cada parella va fer una castanya) pintant amb ceres i estripant paper d&#8217;embalar que despr\u00e9s vam enganxar amb cola.<\/p>\n<p>Mireu, mireu les fotos, i veure que b\u00e9 ens ho hem passat:<\/p>\n<p><strong>Grup A:<\/strong> <a href=\"https:\/\/photos.app.goo.gl\/4KcEMB4zRk5fkvLy8\">pintem amb colors de tardor<\/a>, <a href=\"https:\/\/photos.app.goo.gl\/wULjmoUPeg7kL1cB7\">esmicolem fulles<\/a>, <a href=\"https:\/\/photos.app.goo.gl\/4T3saeD2wVLxwg6t9\">mural de tardor,<\/a>\u00a0<a href=\"https:\/\/photos.app.goo.gl\/1P5mHXgQZiPQtS7T9\">castanya cooperativa, <\/a><a href=\"https:\/\/photos.app.goo.gl\/uYDJNYdwtoQ4ucQz9\">estampaci\u00f3 de fruits de tardor<\/a>, <a href=\"https:\/\/photos.app.goo.gl\/DiKUpCTBa2MGPiqGA\">tastem fruits de tardor, <\/a><a href=\"https:\/\/photos.app.goo.gl\/oje26VVzMfeiWtuLA\">pintem amb diferents materials.<\/a><\/p>\n<p><strong>Grup B:<\/strong> <a href=\"https:\/\/photos.app.goo.gl\/2VF1REznr9coVscN6\">pintem amb colors de tardor i esmicolem fulles<\/a>, <a href=\"https:\/\/photos.app.goo.gl\/BzuZRb5U2hzc6yds7\">mural de tardor,\u00a0<\/a><a href=\"https:\/\/photos.app.goo.gl\/hi7LjAmzAhjg3ovp8\">castanya cooperativa, <\/a><a href=\"https:\/\/photos.app.goo.gl\/aBi3k5ED1ysfKRQY8\">pintem amb diferents materials<\/a>.<\/p>\n","protected":false},"excerpt":{"rendered":"<p>Hola fam\u00edlies, Ja fa dies que ha comen\u00e7at la tardor i ten\u00edem ganes de mostrar-vos algunes de les activitats relacionades amb aquesta estaci\u00f3 i que hem fet durant aquests dies. Com ja sabeu, fa uns dies vam anar a collir fulles per l&#8217;entorn proper a l&#8217;escola. Un cop a l&#8217;escola, vam provar d&#8217;esmicolar-ne algunes. Ens [&hellip;]<\/p>\n","protected":false},"author":1,"featured_media":0,"comment_status":"open","ping_status":"closed","sticky":false,"template":"","format":"standard","meta":{"_bbp_topic_count":0,"_bbp_reply_count":0,"_bbp_total_topic_count":0,"_bbp_total_reply_count":0,"_bbp_voice_count":0,"_bbp_anonymous_reply_count":0,"_bbp_topic_count_hidden":0,"_bbp_reply_count_hidden":0,"_bbp_forum_subforum_count":0,"site-sidebar-layout":"default","site-content-layout":"","ast-site-content-layout":"","site-content-style":"default","site-sidebar-style":"default","ast-global-header-display":"","ast-banner-title-visibility":"","ast-main-header-display":"","ast-hfb-above-header-display":"","ast-hfb-below-header-display":"","ast-hfb-mobile-header-display":"","site-post-title":"","ast-breadcrumbs-content":"","ast-featured-img":"","footer-sml-layout":"","theme-transparent-header-meta":"","adv-header-id-meta":"","stick-header-meta":"","header-above-stick-meta":"","header-main-stick-meta":"","header-below-stick-meta":"","astra-migrate-meta-layouts":"default","ast-page-background-enabled":"default","ast-page-background-meta":{"desktop":{"background-color":"var(--ast-global-color-4)","background-image":"","background-repeat":"repeat","background-position":"center center","background-size":"auto","background-attachment":"scroll","background-type":"","background-media":"","overlay-type":"","overlay-color":"","overlay-opacity":"","overlay-gradient":""},"tablet":{"background-color":"","background-image":"","background-repeat":"repeat","background-position":"center center","background-size":"auto","background-attachment":"scroll","background-type":"","background-media":"","overlay-type":"","overlay-color":"","overlay-opacity":"","overlay-gradient":""},"mobile":{"background-color":"","background-image":"","background-repeat":"repeat","background-position":"center center","background-size":"auto","background-attachment":"scroll","background-type":"","background-media":"","overlay-type":"","overlay-color":"","overlay-opacity":"","overlay-gradient":""}},"ast-content-background-meta":{"desktop":{"background-color":"var(--ast-global-color-5)","background-image":"","background-repeat":"repeat","background-position":"center center","background-size":"auto","background-attachment":"scroll","background-type":"","background-media":"","overlay-type":"","overlay-color":"","overlay-opacity":"","overlay-gradient":""},"tablet":{"background-color":"var(--ast-global-color-5)","background-image":"","background-repeat":"repeat","background-position":"center center","background-size":"auto","background-attachment":"scroll","background-type":"","background-media":"","overlay-type":"","overlay-color":"","overlay-opacity":"","overlay-gradient":""},"mobile":{"background-color":"var(--ast-global-color-5)","background-image":"","background-repeat":"repeat","background-position":"center center","background-size":"auto","background-attachment":"scroll","background-type":"","background-media":"","overlay-type":"","overlay-color":"","overlay-opacity":"","overlay-gradient":""}},"footnotes":""},"categories":[74,69,1,2,4],"tags":[364],"class_list":["post-3813","post","type-post","status-publish","format-standard","hentry","category-activitats","category-treballem","category-general","category-petits","category-portada","tag-p3"],"post_mailing_queue_ids":[],"_links":{"self":[{"href":"https:\/\/agora.xtec.cat\/ceipbellpuig\/wp-json\/wp\/v2\/posts\/3813","targetHints":{"allow":["GET"]}}],"collection":[{"href":"https:\/\/agora.xtec.cat\/ceipbellpuig\/wp-json\/wp\/v2\/posts"}],"about":[{"href":"https:\/\/agora.xtec.cat\/ceipbellpuig\/wp-json\/wp\/v2\/types\/post"}],"author":[{"embeddable":true,"href":"https:\/\/agora.xtec.cat\/ceipbellpuig\/wp-json\/wp\/v2\/users\/1"}],"replies":[{"embeddable":true,"href":"https:\/\/agora.xtec.cat\/ceipbellpuig\/wp-json\/wp\/v2\/comments?post=3813"}],"version-history":[{"count":3,"href":"https:\/\/agora.xtec.cat\/ceipbellpuig\/wp-json\/wp\/v2\/posts\/3813\/revisions"}],"predecessor-version":[{"id":3837,"href":"https:\/\/agora.xtec.cat\/ceipbellpuig\/wp-json\/wp\/v2\/posts\/3813\/revisions\/3837"}],"wp:attachment":[{"href":"https:\/\/agora.xtec.cat\/ceipbellpuig\/wp-json\/wp\/v2\/media?parent=3813"}],"wp:term":[{"taxonomy":"category","embeddable":true,"href":"https:\/\/agora.xtec.cat\/ceipbellpuig\/wp-json\/wp\/v2\/categories?post=3813"},{"taxonomy":"post_tag","embeddable":true,"href":"https:\/\/agora.xtec.cat\/ceipbellpuig\/wp-json\/wp\/v2\/tags?post=3813"}],"curies":[{"name":"wp","href":"https:\/\/api.w.org\/{rel}","templated":true}]}}