{"id":3759,"date":"2020-10-15T23:09:16","date_gmt":"2020-10-15T21:09:16","guid":{"rendered":"http:\/\/agora.xtec.cat\/ceipbellpuig\/?p=3759"},"modified":"2020-10-15T23:20:50","modified_gmt":"2020-10-15T21:20:50","slug":"racons-de-motricitat-fina","status":"publish","type":"post","link":"https:\/\/agora.xtec.cat\/ceipbellpuig\/general\/racons-de-motricitat-fina\/","title":{"rendered":"RACONS DE MOTRICITAT FINA"},"content":{"rendered":"<p>Els nens i nenes de P3A han realitzat durant dues setmanes, fets dues sessions per setmana racons multinivells. Aquesta quinzena els racons multinivells s&#8217;han destinat a treballat la motricitat fina, per tal d&#8217;anar-la enfortint per poder-la dirigir i controlar millor quan hagin descriure, retallar, cordar i descordar&#8230;<\/p>\n<p>Per treballar la motricitat fina s&#8217;han fet quatre racons amb grups de tres nens\/es cada un i un grup de tres. S&#8217;han fet quatre sessions de manera que tots els grups han pogut passar per tots els racons.<\/p>\n<p>Els racons que s&#8217;han organitzat han set:<\/p>\n<ul>\n<li>Rac\u00f3 de les boletes: havien d&#8217;agafar boletes amb unes pinces i posar-les al pot del lloc que corresponia al color de la boleta, per tant a part de treballar la motriciat fina de la pin\u00e7a, tamb\u00e9 han treballat les matem\u00e0tiques mentre classificaven les boletes per colors.<\/li>\n<li>Rac\u00f3 d&#8217;enfilar: enfilaven macarrons per obtenir un collaret.<\/li>\n<li>Rac\u00f3 de gomets: enganxaven gomets lliurament, fent cada un la seva pr\u00f2pia creaci\u00f3.<\/li>\n<li>Rac\u00f3 dels pots: havien de posar dins un pot el qual tenia un tap amb diferents mides de forats diferents materials que\u00a0 tamb\u00e9 tenien diferents mides. Aquest material era; palets petits quadrats, escuradents i canyetes .<\/li>\n<\/ul>\n<p>Aquests primers dies de racons tamb\u00e9 els han servit per con\u00e8ixer i veure com es treballa quan fem racons, acceptant el rac\u00f3 que els toca treballar, seguir la consigna que es dona a cada rac\u00f3 , tenir cura del material amb que es treballa i saber treballar amb el grup de companys que els ha tocat.<\/p>\n<p><a href=\"https:\/\/photos.app.goo.gl\/3aPWKXuUAWM1VDWr8\" target=\"_blank\" rel=\"noopener noreferrer\"> FOTOS DELS RACONS DE MOTRICTAT FINA<\/a><\/p>\n","protected":false},"excerpt":{"rendered":"<p>Els nens i nenes de P3A han realitzat durant dues setmanes, fets dues sessions per setmana racons multinivells. Aquesta quinzena els racons multinivells s&#8217;han destinat a treballat la motricitat fina, per tal d&#8217;anar-la enfortint per poder-la dirigir i controlar millor quan hagin descriure, retallar, cordar i descordar&#8230; Per treballar la motricitat fina s&#8217;han fet quatre [&hellip;]<\/p>\n","protected":false},"author":19,"featured_media":0,"comment_status":"open","ping_status":"closed","sticky":false,"template":"","format":"standard","meta":{"_bbp_topic_count":0,"_bbp_reply_count":0,"_bbp_total_topic_count":0,"_bbp_total_reply_count":0,"_bbp_voice_count":0,"_bbp_anonymous_reply_count":0,"_bbp_topic_count_hidden":0,"_bbp_reply_count_hidden":0,"_bbp_forum_subforum_count":0,"site-sidebar-layout":"default","site-content-layout":"","ast-site-content-layout":"","site-content-style":"default","site-sidebar-style":"default","ast-global-header-display":"","ast-banner-title-visibility":"","ast-main-header-display":"","ast-hfb-above-header-display":"","ast-hfb-below-header-display":"","ast-hfb-mobile-header-display":"","site-post-title":"","ast-breadcrumbs-content":"","ast-featured-img":"","footer-sml-layout":"","theme-transparent-header-meta":"","adv-header-id-meta":"","stick-header-meta":"","header-above-stick-meta":"","header-main-stick-meta":"","header-below-stick-meta":"","astra-migrate-meta-layouts":"default","ast-page-background-enabled":"default","ast-page-background-meta":{"desktop":{"background-color":"var(--ast-global-color-4)","background-image":"","background-repeat":"repeat","background-position":"center center","background-size":"auto","background-attachment":"scroll","background-type":"","background-media":"","overlay-type":"","overlay-color":"","overlay-opacity":"","overlay-gradient":""},"tablet":{"background-color":"","background-image":"","background-repeat":"repeat","background-position":"center center","background-size":"auto","background-attachment":"scroll","background-type":"","background-media":"","overlay-type":"","overlay-color":"","overlay-opacity":"","overlay-gradient":""},"mobile":{"background-color":"","background-image":"","background-repeat":"repeat","background-position":"center center","background-size":"auto","background-attachment":"scroll","background-type":"","background-media":"","overlay-type":"","overlay-color":"","overlay-opacity":"","overlay-gradient":""}},"ast-content-background-meta":{"desktop":{"background-color":"var(--ast-global-color-5)","background-image":"","background-repeat":"repeat","background-position":"center center","background-size":"auto","background-attachment":"scroll","background-type":"","background-media":"","overlay-type":"","overlay-color":"","overlay-opacity":"","overlay-gradient":""},"tablet":{"background-color":"var(--ast-global-color-5)","background-image":"","background-repeat":"repeat","background-position":"center center","background-size":"auto","background-attachment":"scroll","background-type":"","background-media":"","overlay-type":"","overlay-color":"","overlay-opacity":"","overlay-gradient":""},"mobile":{"background-color":"var(--ast-global-color-5)","background-image":"","background-repeat":"repeat","background-position":"center center","background-size":"auto","background-attachment":"scroll","background-type":"","background-media":"","overlay-type":"","overlay-color":"","overlay-opacity":"","overlay-gradient":""}},"footnotes":""},"categories":[64,1,2,4],"tags":[208,379,320,290],"class_list":["post-3759","post","type-post","status-publish","format-standard","hentry","category-escola-bellpuig","category-general","category-petits","category-portada","tag-infantil","tag-moricitat-fina","tag-petits","tag-racons"],"post_mailing_queue_ids":[],"_links":{"self":[{"href":"https:\/\/agora.xtec.cat\/ceipbellpuig\/wp-json\/wp\/v2\/posts\/3759","targetHints":{"allow":["GET"]}}],"collection":[{"href":"https:\/\/agora.xtec.cat\/ceipbellpuig\/wp-json\/wp\/v2\/posts"}],"about":[{"href":"https:\/\/agora.xtec.cat\/ceipbellpuig\/wp-json\/wp\/v2\/types\/post"}],"author":[{"embeddable":true,"href":"https:\/\/agora.xtec.cat\/ceipbellpuig\/wp-json\/wp\/v2\/users\/19"}],"replies":[{"embeddable":true,"href":"https:\/\/agora.xtec.cat\/ceipbellpuig\/wp-json\/wp\/v2\/comments?post=3759"}],"version-history":[{"count":3,"href":"https:\/\/agora.xtec.cat\/ceipbellpuig\/wp-json\/wp\/v2\/posts\/3759\/revisions"}],"predecessor-version":[{"id":3764,"href":"https:\/\/agora.xtec.cat\/ceipbellpuig\/wp-json\/wp\/v2\/posts\/3759\/revisions\/3764"}],"wp:attachment":[{"href":"https:\/\/agora.xtec.cat\/ceipbellpuig\/wp-json\/wp\/v2\/media?parent=3759"}],"wp:term":[{"taxonomy":"category","embeddable":true,"href":"https:\/\/agora.xtec.cat\/ceipbellpuig\/wp-json\/wp\/v2\/categories?post=3759"},{"taxonomy":"post_tag","embeddable":true,"href":"https:\/\/agora.xtec.cat\/ceipbellpuig\/wp-json\/wp\/v2\/tags?post=3759"}],"curies":[{"name":"wp","href":"https:\/\/api.w.org\/{rel}","templated":true}]}}