{"id":3747,"date":"2020-10-11T11:30:09","date_gmt":"2020-10-11T09:30:09","guid":{"rendered":"http:\/\/agora.xtec.cat\/ceipbellpuig\/?p=3747"},"modified":"2020-10-16T18:12:13","modified_gmt":"2020-10-16T16:12:13","slug":"treballem-de-la-tardor-a-p3b","status":"publish","type":"post","link":"https:\/\/agora.xtec.cat\/ceipbellpuig\/nivells\/petits\/treballem-de-la-tardor-a-p3b\/","title":{"rendered":"TREBALLEM LA TARDOR A P3B"},"content":{"rendered":"<p><a href=\"https:\/\/agora.xtec.cat\/ceipbellpuig\/wp-content\/uploads\/usu1575\/2020\/10\/IMG_20201006_112006_079.jpg\"><img loading=\"lazy\" decoding=\"async\" class=\"aligncenter size-medium wp-image-3748\" src=\"https:\/\/agora.xtec.cat\/ceipbellpuig\/wp-content\/uploads\/usu1575\/2020\/10\/IMG_20201006_112006_079-300x225.jpg\" alt=\"\" width=\"300\" height=\"225\" srcset=\"https:\/\/agora.xtec.cat\/ceipbellpuig\/wp-content\/uploads\/usu1575\/2020\/10\/IMG_20201006_112006_079-300x225.jpg 300w, https:\/\/agora.xtec.cat\/ceipbellpuig\/wp-content\/uploads\/usu1575\/2020\/10\/IMG_20201006_112006_079-768x576.jpg 768w, https:\/\/agora.xtec.cat\/ceipbellpuig\/wp-content\/uploads\/usu1575\/2020\/10\/IMG_20201006_112006_079-200x150.jpg 200w, https:\/\/agora.xtec.cat\/ceipbellpuig\/wp-content\/uploads\/usu1575\/2020\/10\/IMG_20201006_112006_079.jpg 876w\" sizes=\"auto, (max-width: 300px) 100vw, 300px\" \/><\/a><\/p>\n<p>El passat 22 de setembre vam canviar d&#8217;estaci\u00f3 i va comen\u00e7ar la <strong>tardor<\/strong>. Aix\u00ed doncs, els nens i nenes de P3 hem aprofitat aquests dies per comen\u00e7ar a fer algunes activitats relacionades amb aquesta estaci\u00f3 tan plena de canvis.<\/p>\n<p>Vam comen\u00e7ar parlant dels fruits de la tardor: la magrana, la poma, el moniato, el ra\u00efm, el codony, la mandarina, la taronja&#8230; El codony, la magrana i el moniato no els coneix\u00edem gaire! Els vam observar i tocar i, seguidament, en parelles, cadasc\u00fa va triar una d&#8217;aquestes fruites i vam fer una seriaci\u00f3 amb pintura. Ens va agradar molt! Un altre dia, quan ja est\u00e0vem m\u00e9s familiaritzats amb la fruita, vam decidir provar-la. A alguns ens va agradar tota i a d&#8217;altres nom\u00e9s alguna.<\/p>\n<p>Cliqueu aqu\u00ed per veure les fotos dels <a href=\"https:\/\/photos.app.goo.gl\/e6iNXUxncMHmi94q9\">FRUITS DE TARDOR<\/a>.<\/p>\n<p>Uns dies m\u00e9s tard, el dimarts 6 d&#8217;octubre, vam anar a fer una sortida a l&#8217;entorn proper de l&#8217;escola. Fa feia dies que v\u00e8iem que les fulles cauen dels arbres i que, mica en mica, van canviant de color. \u00c9s per aix\u00f2 que vam decidir agafar un cistell i anar a buscar fulles per despr\u00e9s treballar a l&#8217;aula. N&#8217;hi havia un munt!!!<\/p>\n<p>Aqu\u00ed trobareu les fotos de la <a href=\"https:\/\/photos.app.goo.gl\/67HfJJko3QpVzzkC9\">SORTIDA DE TARDOR<\/a>.<\/p>\n<p>Fins aviat!<\/p>\n","protected":false},"excerpt":{"rendered":"<p>El passat 22 de setembre vam canviar d&#8217;estaci\u00f3 i va comen\u00e7ar la tardor. Aix\u00ed doncs, els nens i nenes de P3 hem aprofitat aquests dies per comen\u00e7ar a fer algunes activitats relacionades amb aquesta estaci\u00f3 tan plena de canvis. Vam comen\u00e7ar parlant dels fruits de la tardor: la magrana, la poma, el moniato, el ra\u00efm, [&hellip;]<\/p>\n","protected":false},"author":1,"featured_media":0,"comment_status":"open","ping_status":"closed","sticky":false,"template":"","format":"standard","meta":{"_bbp_topic_count":0,"_bbp_reply_count":0,"_bbp_total_topic_count":0,"_bbp_total_reply_count":0,"_bbp_voice_count":0,"_bbp_anonymous_reply_count":0,"_bbp_topic_count_hidden":0,"_bbp_reply_count_hidden":0,"_bbp_forum_subforum_count":0,"site-sidebar-layout":"default","site-content-layout":"","ast-site-content-layout":"","site-content-style":"default","site-sidebar-style":"default","ast-global-header-display":"","ast-banner-title-visibility":"","ast-main-header-display":"","ast-hfb-above-header-display":"","ast-hfb-below-header-display":"","ast-hfb-mobile-header-display":"","site-post-title":"","ast-breadcrumbs-content":"","ast-featured-img":"","footer-sml-layout":"","theme-transparent-header-meta":"","adv-header-id-meta":"","stick-header-meta":"","header-above-stick-meta":"","header-main-stick-meta":"","header-below-stick-meta":"","astra-migrate-meta-layouts":"default","ast-page-background-enabled":"default","ast-page-background-meta":{"desktop":{"background-color":"var(--ast-global-color-4)","background-image":"","background-repeat":"repeat","background-position":"center center","background-size":"auto","background-attachment":"scroll","background-type":"","background-media":"","overlay-type":"","overlay-color":"","overlay-opacity":"","overlay-gradient":""},"tablet":{"background-color":"","background-image":"","background-repeat":"repeat","background-position":"center center","background-size":"auto","background-attachment":"scroll","background-type":"","background-media":"","overlay-type":"","overlay-color":"","overlay-opacity":"","overlay-gradient":""},"mobile":{"background-color":"","background-image":"","background-repeat":"repeat","background-position":"center center","background-size":"auto","background-attachment":"scroll","background-type":"","background-media":"","overlay-type":"","overlay-color":"","overlay-opacity":"","overlay-gradient":""}},"ast-content-background-meta":{"desktop":{"background-color":"var(--ast-global-color-5)","background-image":"","background-repeat":"repeat","background-position":"center center","background-size":"auto","background-attachment":"scroll","background-type":"","background-media":"","overlay-type":"","overlay-color":"","overlay-opacity":"","overlay-gradient":""},"tablet":{"background-color":"var(--ast-global-color-5)","background-image":"","background-repeat":"repeat","background-position":"center center","background-size":"auto","background-attachment":"scroll","background-type":"","background-media":"","overlay-type":"","overlay-color":"","overlay-opacity":"","overlay-gradient":""},"mobile":{"background-color":"var(--ast-global-color-5)","background-image":"","background-repeat":"repeat","background-position":"center center","background-size":"auto","background-attachment":"scroll","background-type":"","background-media":"","overlay-type":"","overlay-color":"","overlay-opacity":"","overlay-gradient":""}},"footnotes":""},"categories":[74,2,4],"tags":[364],"class_list":["post-3747","post","type-post","status-publish","format-standard","hentry","category-activitats","category-petits","category-portada","tag-p3"],"post_mailing_queue_ids":[],"_links":{"self":[{"href":"https:\/\/agora.xtec.cat\/ceipbellpuig\/wp-json\/wp\/v2\/posts\/3747","targetHints":{"allow":["GET"]}}],"collection":[{"href":"https:\/\/agora.xtec.cat\/ceipbellpuig\/wp-json\/wp\/v2\/posts"}],"about":[{"href":"https:\/\/agora.xtec.cat\/ceipbellpuig\/wp-json\/wp\/v2\/types\/post"}],"author":[{"embeddable":true,"href":"https:\/\/agora.xtec.cat\/ceipbellpuig\/wp-json\/wp\/v2\/users\/1"}],"replies":[{"embeddable":true,"href":"https:\/\/agora.xtec.cat\/ceipbellpuig\/wp-json\/wp\/v2\/comments?post=3747"}],"version-history":[{"count":2,"href":"https:\/\/agora.xtec.cat\/ceipbellpuig\/wp-json\/wp\/v2\/posts\/3747\/revisions"}],"predecessor-version":[{"id":3765,"href":"https:\/\/agora.xtec.cat\/ceipbellpuig\/wp-json\/wp\/v2\/posts\/3747\/revisions\/3765"}],"wp:attachment":[{"href":"https:\/\/agora.xtec.cat\/ceipbellpuig\/wp-json\/wp\/v2\/media?parent=3747"}],"wp:term":[{"taxonomy":"category","embeddable":true,"href":"https:\/\/agora.xtec.cat\/ceipbellpuig\/wp-json\/wp\/v2\/categories?post=3747"},{"taxonomy":"post_tag","embeddable":true,"href":"https:\/\/agora.xtec.cat\/ceipbellpuig\/wp-json\/wp\/v2\/tags?post=3747"}],"curies":[{"name":"wp","href":"https:\/\/api.w.org\/{rel}","templated":true}]}}