{"id":3400,"date":"2020-05-06T17:28:31","date_gmt":"2020-05-06T15:28:31","guid":{"rendered":"http:\/\/agora.xtec.cat\/ceipbellpuig\/?p=3400"},"modified":"2020-05-06T17:28:31","modified_gmt":"2020-05-06T15:28:31","slug":"florence-nightingale","status":"publish","type":"post","link":"https:\/\/agora.xtec.cat\/ceipbellpuig\/portada\/florence-nightingale\/","title":{"rendered":"FLORENCE NIGHTINGALE"},"content":{"rendered":"<p>La salut \u00e9s un tema individual per\u00f2 tamb\u00e9 social, col\u00b7lectiu i ambiental. Con\u00e8ixer, cuidar el cos i incorporar h\u00e0bits adequats (alimentaci\u00f3, higiene, salut, activitat f\u00edsica&#8230;) ens ajuda a viure de manera cada cop m\u00e9s saludable. La protagonista d\u2019educaci\u00f3 f\u00edsica d\u2019aquesta setmana ho sabia molt b\u00e9, per aix\u00f2 us proposo apropar-nos a la seva figura i con\u00e8ixer tot el que va fer!<\/p>\n<p>&nbsp;<\/p>\n<p><b>Florence Nightingale.<\/b><\/p>\n<ol start=\"1820\">\n<li><b> Neix el mite.<\/b><\/li>\n<\/ol>\n<p><span style=\"font-weight: 400\">Va n\u00e9ixer a Flor\u00e8ncia (d\u2019aqu\u00ed el seu nom) el 12 de maig de 1820, per\u00f2 va cr\u00e9ixer a Anglaterra, en el si d&#8217;una fam\u00edlia adinerada.<\/span><\/p>\n<p><span style=\"font-weight: 400\">De ben petita destacava en matem\u00e0tiques i ci\u00e8ncia. Va documentar la seva enorme col\u00b7lecci\u00f3 de petxines de mar amb llistes i taules dissenyades amb molta precisi\u00f3.<\/span><\/p>\n<ol start=\"1844\">\n<li><b> Ser\u00e9 infermera.<\/b><\/li>\n<\/ol>\n<p><span style=\"font-weight: 400\">Va decidir que seria infermera per\u00f2 la fam\u00edlia es va negar ja que en aquells dies la infermeria era una feina que feien els pobres o els servents.<\/span><\/p>\n<p><span style=\"font-weight: 400\">Per\u00f2 Florence sense fer cas dels seus pares continuava visitant hospitals fins que el 1850 li van permetre treballar com a infermera en un hospital de dones.<\/span><\/p>\n<ol start=\"1853\">\n<li><b> La guerra de Crimea.<\/b><\/li>\n<\/ol>\n<p><span style=\"font-weight: 400\">Les hist\u00f2ries que sortien als diaris eren horroroses per les terribles condicions dels hospitals de l&#8217;ex\u00e8rcit.<\/span><\/p>\n<p><span style=\"font-weight: 400\">El govern va demanar a Florence que hi an\u00e9s per millorar la situaci\u00f3 dels soldats. Quan va arribar, l&#8217;hospital estava molt brut, amb el terra cobert per una capa de femta i orina. Al costat del seu equip d&#8217;infermeres van netejar el lloc i es van assegurar que els soldats estiguessin alimentats i vestits correctament.<\/span><\/p>\n<ol start=\"1855\">\n<li><b> Augmenta el nombre de morts.<\/b><\/li>\n<\/ol>\n<p><span style=\"font-weight: 400\">Tot i aconseguir que l&#8217;hospital fos m\u00e9s eficient, no era menys mortal. I \u00e9s que es va descobrir que l&#8217;hospital estava constru\u00eft sobre una claveguera, de manera que els pacients bevien aigua contaminada.<\/span><\/p>\n<p><span style=\"font-weight: 400\">Florence va pensar que la soluci\u00f3 passava per netejar els abocadors contaminants i millorar la ventilaci\u00f3 de l&#8217;hospital aconseguint millorar les condicions de vida dels soldats i aix\u00ed, que hi haguessin menys morts.<\/span><\/p>\n<p>&nbsp;<\/p>\n<ol start=\"1855\">\n<li><b> Li deien \u201cLa dama del llum\u201d. Per qu\u00e8?<\/b><\/li>\n<\/ol>\n<p><span style=\"font-weight: 400\">Florence, feia gu\u00e0rdia a la nit per si algun malalt la necessitava. Per no molestar, portava un petit llum a la m\u00e0.<\/span><\/p>\n<p><span style=\"font-weight: 400\">Quan una imatge de Florence portant la seva llum i atenent pacients va apar\u00e8ixer als diaris, r\u00e0pidament es va guanyar un ex\u00e8rcit de fans i la imatge de la &#8220;dama del llum&#8221; va ser impresa en bosses i souvenirs.<\/span><\/p>\n<ol start=\"1856\">\n<li><b> A treballar.<\/b><\/li>\n<\/ol>\n<p><span style=\"font-weight: 400\">Atormentada per l&#8217;horrible p\u00e8rdua de vides, es va reunir amb una de les seves m\u00e9s grans fans: la reina Victoria. Amb el seu suport, va fer una comissi\u00f3 per investigar la salut de l&#8217;ex\u00e8rcit: la causa de 16.000 de les 18.000 morts no van ser per ferides sofertes en batalles sin\u00f3 per malalties que es podien prevenir. El contagi es devia a la falta d&#8217;higiene!. Despr\u00e9s d&#8217;intervenir, va aconseguir que les morts baixessin un 99% en un sol any.<\/span><\/p>\n<ol start=\"1859\">\n<li><b> Reconeixement.<\/b><\/li>\n<\/ol>\n<p><span style=\"font-weight: 400\">Gr\u00e0cies a l&#8217;obra de Florence es van establir nous departaments, com els de medicina, ci\u00e8ncia sanit\u00e0ria i estad\u00edstica en l&#8217;ex\u00e8rcit, per millorar la cura de la salut.<\/span><\/p>\n<p><span style=\"font-weight: 400\">El 1859 va publicar dos llibres, &#8220;Notes sobre infermeria&#8221; i &#8220;Notes sobre hospitals&#8221;, i l&#8217;any seg\u00fcent es va fundar una escola d&#8217;infermeria en nom seu.<\/span><\/p>\n<p><span style=\"font-weight: 400\">El seu treball va ajudar a establir a la infermeria com una carrera respectable per a les dones i als millorar els hospitals, perqu\u00e8 es tornessin llocs nets i espaiosos en els quals els pacients es poguessin recuperar.<\/span><\/p>\n<ol start=\"1870\">\n<li><b> Salut per a tothom!.<\/b><\/li>\n<\/ol>\n<p><span style=\"font-weight: 400\">Florence va emmalaltir en la guerra. Malgrat tot, fr\u00e0gil i a\u00efllada, va lluitar des del seu llit per millorar els serveis sanitaris examinant dades estad\u00edstiques i realitzant treballs pioners que es van propagar per tot el m\u00f3n.<\/span><\/p>\n<p><span style=\"font-weight: 400\">Tamb\u00e9 va veure que la majoria de la poblaci\u00f3 no podien pagar-se metges quan emmalaltien i va decidir enviar infermeres a les cases de treball per curar malalts.<\/span><\/p>\n<p><span style=\"font-weight: 400\">Aquest intent per fer que la cura m\u00e8dica estigu\u00e9s a l&#8217;abast de tots, sense importar classe o sou, va servir per crear anys despr\u00e9s el Servei Nacional de Salut Brit\u00e0nic.<\/span><\/p>\n<ol start=\"1910\">\n<li><b> Mort de Florence.<\/b><\/li>\n<\/ol>\n<p><span style=\"font-weight: 400\">Va morir als 90 anys sent un referent per a futures generacions aconseguint m\u00e9s del que es podia imaginar en un camp que havia estat considerat inapropiat per a les dones de la seva classe.<\/span><\/p>\n<p><span style=\"font-weight: 400\">Tot i haver estat sovint una veu femenina solit\u00e0ria a la societat, gr\u00e0cies al seu talent i les seves dots matem\u00e0tiques va ajudar a revolucionar les cures sanit\u00e0ries i va salvar a milers de persones de la mort.<\/span><\/p>\n<p><b>\u00a0Curiositats! Sabies que &#8230;<\/b><\/p>\n<p><span style=\"font-weight: 400\">Al segle XlX a les infermeres en deien &#8220;rossinyols&#8221; perqu\u00e8 el cognom de Florence significa &#8220;rossinyol&#8221;.<\/span><\/p>\n<p><span style=\"font-weight: 400\">Va ser la primera dona en rebre l&#8217;Ordre de M\u00e8rit del Regne Unit i la primera que va treballar en l&#8217;ex\u00e8rcit.<\/span><\/p>\n<p><span style=\"font-weight: 400\">Va inspirar a el fundador de la Creu Roja a crear la instituci\u00f3.<\/span><\/p>\n<p><span style=\"font-weight: 400\">Cada 12 de maig, coincidint amb l&#8217;aniversari del seu naixement, se celebra el Dia Internacional de la Infermeria.<\/span><\/p>\n<p><span style=\"font-weight: 400\">Si voleu veure imatges:<\/span><\/p>\n<p><a href=\"https:\/\/mujeresconciencia.com\/2017\/08\/22\/florence-nightingale-mucho-mas-la-dama-la-lampara\/\"><span style=\"font-weight: 400\">https:\/\/mujeresconciencia.com\/2017\/08\/22\/florence-nightingale-mucho-mas-la-dama-la-lampara\/<\/span><\/a><\/p>\n<p><span style=\"font-weight: 400\">Qu\u00e8 t\u00e9 a veure GOOGLE amb Florence?<\/span><\/p>\n<p><a href=\"https:\/\/www.google.com\/doodles\/florence-nightingales-birthday\"><span style=\"font-weight: 400\">https:\/\/www.google.com\/doodles\/florence-nightingales-birthday<\/span><\/a><\/p>\n","protected":false},"excerpt":{"rendered":"<p>La salut \u00e9s un tema individual per\u00f2 tamb\u00e9 social, col\u00b7lectiu i ambiental. Con\u00e8ixer, cuidar el cos i incorporar h\u00e0bits adequats (alimentaci\u00f3, higiene, salut, activitat f\u00edsica&#8230;) ens ajuda a viure de manera cada cop m\u00e9s saludable. La protagonista d\u2019educaci\u00f3 f\u00edsica d\u2019aquesta setmana ho sabia molt b\u00e9, per aix\u00f2 us proposo apropar-nos a la seva figura i [&hellip;]<\/p>\n","protected":false},"author":1,"featured_media":3401,"comment_status":"open","ping_status":"closed","sticky":false,"template":"","format":"standard","meta":{"_bbp_topic_count":0,"_bbp_reply_count":0,"_bbp_total_topic_count":0,"_bbp_total_reply_count":0,"_bbp_voice_count":0,"_bbp_anonymous_reply_count":0,"_bbp_topic_count_hidden":0,"_bbp_reply_count_hidden":0,"_bbp_forum_subforum_count":0,"site-sidebar-layout":"default","site-content-layout":"","ast-site-content-layout":"","site-content-style":"default","site-sidebar-style":"default","ast-global-header-display":"","ast-banner-title-visibility":"","ast-main-header-display":"","ast-hfb-above-header-display":"","ast-hfb-below-header-display":"","ast-hfb-mobile-header-display":"","site-post-title":"","ast-breadcrumbs-content":"","ast-featured-img":"","footer-sml-layout":"","theme-transparent-header-meta":"","adv-header-id-meta":"","stick-header-meta":"","header-above-stick-meta":"","header-main-stick-meta":"","header-below-stick-meta":"","astra-migrate-meta-layouts":"default","ast-page-background-enabled":"default","ast-page-background-meta":{"desktop":{"background-color":"var(--ast-global-color-4)","background-image":"","background-repeat":"repeat","background-position":"center center","background-size":"auto","background-attachment":"scroll","background-type":"","background-media":"","overlay-type":"","overlay-color":"","overlay-opacity":"","overlay-gradient":""},"tablet":{"background-color":"","background-image":"","background-repeat":"repeat","background-position":"center center","background-size":"auto","background-attachment":"scroll","background-type":"","background-media":"","overlay-type":"","overlay-color":"","overlay-opacity":"","overlay-gradient":""},"mobile":{"background-color":"","background-image":"","background-repeat":"repeat","background-position":"center center","background-size":"auto","background-attachment":"scroll","background-type":"","background-media":"","overlay-type":"","overlay-color":"","overlay-opacity":"","overlay-gradient":""}},"ast-content-background-meta":{"desktop":{"background-color":"var(--ast-global-color-5)","background-image":"","background-repeat":"repeat","background-position":"center center","background-size":"auto","background-attachment":"scroll","background-type":"","background-media":"","overlay-type":"","overlay-color":"","overlay-opacity":"","overlay-gradient":""},"tablet":{"background-color":"var(--ast-global-color-5)","background-image":"","background-repeat":"repeat","background-position":"center center","background-size":"auto","background-attachment":"scroll","background-type":"","background-media":"","overlay-type":"","overlay-color":"","overlay-opacity":"","overlay-gradient":""},"mobile":{"background-color":"var(--ast-global-color-5)","background-image":"","background-repeat":"repeat","background-position":"center center","background-size":"auto","background-attachment":"scroll","background-type":"","background-media":"","overlay-type":"","overlay-color":"","overlay-opacity":"","overlay-gradient":""}},"footnotes":""},"categories":[59,60,61,329,91,288,287,4],"tags":[],"class_list":["post-3400","post","type-post","status-publish","format-standard","has-post-thumbnail","hentry","category-cicle-inicial","category-cicle-mitja","category-cicle-superior","category-coronavirus","category-educacio-fisica","category-grans","category-mitjans","category-portada"],"post_mailing_queue_ids":[],"_links":{"self":[{"href":"https:\/\/agora.xtec.cat\/ceipbellpuig\/wp-json\/wp\/v2\/posts\/3400","targetHints":{"allow":["GET"]}}],"collection":[{"href":"https:\/\/agora.xtec.cat\/ceipbellpuig\/wp-json\/wp\/v2\/posts"}],"about":[{"href":"https:\/\/agora.xtec.cat\/ceipbellpuig\/wp-json\/wp\/v2\/types\/post"}],"author":[{"embeddable":true,"href":"https:\/\/agora.xtec.cat\/ceipbellpuig\/wp-json\/wp\/v2\/users\/1"}],"replies":[{"embeddable":true,"href":"https:\/\/agora.xtec.cat\/ceipbellpuig\/wp-json\/wp\/v2\/comments?post=3400"}],"version-history":[{"count":1,"href":"https:\/\/agora.xtec.cat\/ceipbellpuig\/wp-json\/wp\/v2\/posts\/3400\/revisions"}],"predecessor-version":[{"id":3402,"href":"https:\/\/agora.xtec.cat\/ceipbellpuig\/wp-json\/wp\/v2\/posts\/3400\/revisions\/3402"}],"wp:featuredmedia":[{"embeddable":true,"href":"https:\/\/agora.xtec.cat\/ceipbellpuig\/wp-json\/wp\/v2\/media\/3401"}],"wp:attachment":[{"href":"https:\/\/agora.xtec.cat\/ceipbellpuig\/wp-json\/wp\/v2\/media?parent=3400"}],"wp:term":[{"taxonomy":"category","embeddable":true,"href":"https:\/\/agora.xtec.cat\/ceipbellpuig\/wp-json\/wp\/v2\/categories?post=3400"},{"taxonomy":"post_tag","embeddable":true,"href":"https:\/\/agora.xtec.cat\/ceipbellpuig\/wp-json\/wp\/v2\/tags?post=3400"}],"curies":[{"name":"wp","href":"https:\/\/api.w.org\/{rel}","templated":true}]}}