{"id":3385,"date":"2020-04-23T10:53:47","date_gmt":"2020-04-23T08:53:47","guid":{"rendered":"http:\/\/agora.xtec.cat\/ceipbellpuig\/?p=3385"},"modified":"2020-04-23T10:53:47","modified_gmt":"2020-04-23T08:53:47","slug":"oh-quin-bon-invent","status":"publish","type":"post","link":"https:\/\/agora.xtec.cat\/ceipbellpuig\/general\/oh-quin-bon-invent\/","title":{"rendered":"OH! QUIN BON INVENT!!"},"content":{"rendered":"<p><strong><em>La Roda gira sense parar&#8230; Oh! Quin bon invent!!<\/em><\/strong><\/p>\n<p>Aix\u00f2 ens diu un tros de la can\u00e7\u00f3 que els nens i nenes de 4t ens vam inventar per recollir algunes de les novetats que havien descobert investigant la Roda, l&#8217;invent que dona nom a la nostra classe.<\/p>\n<p>Al ritme de la m\u00fasica, ens vam anar animant i vam comen\u00e7ar a imaginar que pod\u00edem fer un videoclip de la can\u00e7\u00f3. A M\u00fasica, amb la N\u00faria, vam treballar la can\u00e7\u00f3 i la vam gravar. A la classe, vam pensar com pod\u00edem interpretar cada tros de la can\u00e7\u00f3. Vam pensar si necessit\u00e0vem vestuari especial, materials extres&#8230; Quan ja quasi ho ten\u00edem tot a punt i ja hav\u00edem gravat alguns fragments&#8230; Va arribar&#8230; el confinament&#8230;<\/p>\n<p>La dist\u00e0ncia per\u00f2, no ha impedit que la L\u00eddia ens hagi pogut fer un muntatge genial amb el que ja ten\u00edem gravat&#8230; No tots els grups van poder gravar la seva part, per\u00f2 al muntatge hi surt tothom&#8230; Segur que teniu ganes de veure&#8217;l!!<\/p>\n<p>Aqu\u00ed el teniu!! <a href=\"https:\/\/drive.google.com\/file\/d\/1i1AxZnQjYqruB-vVV-1df-f1KraTWxRK\/view\" target=\"_blank\" rel=\"noopener noreferrer\">VIDEOCLIP <\/a><\/p>\n<p>&nbsp;<\/p>\n","protected":false},"excerpt":{"rendered":"<p>La Roda gira sense parar&#8230; Oh! Quin bon invent!! Aix\u00f2 ens diu un tros de la can\u00e7\u00f3 que els nens i nenes de 4t ens vam inventar per recollir algunes de les novetats que havien descobert investigant la Roda, l&#8217;invent que dona nom a la nostra classe. Al ritme de la m\u00fasica, ens vam anar [&hellip;]<\/p>\n","protected":false},"author":1,"featured_media":3386,"comment_status":"open","ping_status":"closed","sticky":false,"template":"","format":"standard","meta":{"_bbp_topic_count":0,"_bbp_reply_count":0,"_bbp_total_topic_count":0,"_bbp_total_reply_count":0,"_bbp_voice_count":0,"_bbp_anonymous_reply_count":0,"_bbp_topic_count_hidden":0,"_bbp_reply_count_hidden":0,"_bbp_forum_subforum_count":0,"site-sidebar-layout":"default","site-content-layout":"","ast-site-content-layout":"","site-content-style":"default","site-sidebar-style":"default","ast-global-header-display":"","ast-banner-title-visibility":"","ast-main-header-display":"","ast-hfb-above-header-display":"","ast-hfb-below-header-display":"","ast-hfb-mobile-header-display":"","site-post-title":"","ast-breadcrumbs-content":"","ast-featured-img":"","footer-sml-layout":"","theme-transparent-header-meta":"","adv-header-id-meta":"","stick-header-meta":"","header-above-stick-meta":"","header-main-stick-meta":"","header-below-stick-meta":"","astra-migrate-meta-layouts":"default","ast-page-background-enabled":"default","ast-page-background-meta":{"desktop":{"background-color":"var(--ast-global-color-4)","background-image":"","background-repeat":"repeat","background-position":"center center","background-size":"auto","background-attachment":"scroll","background-type":"","background-media":"","overlay-type":"","overlay-color":"","overlay-opacity":"","overlay-gradient":""},"tablet":{"background-color":"","background-image":"","background-repeat":"repeat","background-position":"center center","background-size":"auto","background-attachment":"scroll","background-type":"","background-media":"","overlay-type":"","overlay-color":"","overlay-opacity":"","overlay-gradient":""},"mobile":{"background-color":"","background-image":"","background-repeat":"repeat","background-position":"center center","background-size":"auto","background-attachment":"scroll","background-type":"","background-media":"","overlay-type":"","overlay-color":"","overlay-opacity":"","overlay-gradient":""}},"ast-content-background-meta":{"desktop":{"background-color":"var(--ast-global-color-5)","background-image":"","background-repeat":"repeat","background-position":"center center","background-size":"auto","background-attachment":"scroll","background-type":"","background-media":"","overlay-type":"","overlay-color":"","overlay-opacity":"","overlay-gradient":""},"tablet":{"background-color":"var(--ast-global-color-5)","background-image":"","background-repeat":"repeat","background-position":"center center","background-size":"auto","background-attachment":"scroll","background-type":"","background-media":"","overlay-type":"","overlay-color":"","overlay-opacity":"","overlay-gradient":""},"mobile":{"background-color":"var(--ast-global-color-5)","background-image":"","background-repeat":"repeat","background-position":"center center","background-size":"auto","background-attachment":"scroll","background-type":"","background-media":"","overlay-type":"","overlay-color":"","overlay-opacity":"","overlay-gradient":""}},"footnotes":""},"categories":[1,288,4],"tags":[251],"class_list":["post-3385","post","type-post","status-publish","format-standard","has-post-thumbnail","hentry","category-general","category-grans","category-portada","tag-quart"],"post_mailing_queue_ids":[],"_links":{"self":[{"href":"https:\/\/agora.xtec.cat\/ceipbellpuig\/wp-json\/wp\/v2\/posts\/3385","targetHints":{"allow":["GET"]}}],"collection":[{"href":"https:\/\/agora.xtec.cat\/ceipbellpuig\/wp-json\/wp\/v2\/posts"}],"about":[{"href":"https:\/\/agora.xtec.cat\/ceipbellpuig\/wp-json\/wp\/v2\/types\/post"}],"author":[{"embeddable":true,"href":"https:\/\/agora.xtec.cat\/ceipbellpuig\/wp-json\/wp\/v2\/users\/1"}],"replies":[{"embeddable":true,"href":"https:\/\/agora.xtec.cat\/ceipbellpuig\/wp-json\/wp\/v2\/comments?post=3385"}],"version-history":[{"count":2,"href":"https:\/\/agora.xtec.cat\/ceipbellpuig\/wp-json\/wp\/v2\/posts\/3385\/revisions"}],"predecessor-version":[{"id":3388,"href":"https:\/\/agora.xtec.cat\/ceipbellpuig\/wp-json\/wp\/v2\/posts\/3385\/revisions\/3388"}],"wp:featuredmedia":[{"embeddable":true,"href":"https:\/\/agora.xtec.cat\/ceipbellpuig\/wp-json\/wp\/v2\/media\/3386"}],"wp:attachment":[{"href":"https:\/\/agora.xtec.cat\/ceipbellpuig\/wp-json\/wp\/v2\/media?parent=3385"}],"wp:term":[{"taxonomy":"category","embeddable":true,"href":"https:\/\/agora.xtec.cat\/ceipbellpuig\/wp-json\/wp\/v2\/categories?post=3385"},{"taxonomy":"post_tag","embeddable":true,"href":"https:\/\/agora.xtec.cat\/ceipbellpuig\/wp-json\/wp\/v2\/tags?post=3385"}],"curies":[{"name":"wp","href":"https:\/\/api.w.org\/{rel}","templated":true}]}}