{"id":3262,"date":"2020-03-23T17:56:51","date_gmt":"2020-03-23T16:56:51","guid":{"rendered":"http:\/\/agora.xtec.cat\/ceipbellpuig\/?p=3262"},"modified":"2020-03-23T17:58:10","modified_gmt":"2020-03-23T16:58:10","slug":"art-i-escola-a-p5-les-mentides-son-ficcio","status":"publish","type":"post","link":"https:\/\/agora.xtec.cat\/ceipbellpuig\/nivells\/petits\/art-i-escola-a-p5-les-mentides-son-ficcio\/","title":{"rendered":"ART I ESCOLA A P5: LES MENTIDES S\u00d3N FICCI\u00d3"},"content":{"rendered":"<p>Aquest curs els nens i nenes de P5 hem participat en la novena edici\u00f3 d&#8217;Art i Escola, que enguany tenia com a tem\u00e0tica la &#8220;Ficci\u00f3&#8221;.<\/p>\n<p>Quan port\u00e0vem uns quants dies parlant de qu\u00e8 era la ficci\u00f3, en Jan va portar aquest conte. <a href=\"https:\/\/agora.xtec.cat\/ceipbellpuig\/wp-content\/uploads\/usu1575\/2020\/03\/La_veritat_segons_l_Artur.png\"><img loading=\"lazy\" decoding=\"async\" class=\" wp-image-3263 alignleft\" src=\"https:\/\/agora.xtec.cat\/ceipbellpuig\/wp-content\/uploads\/usu1575\/2020\/03\/La_veritat_segons_l_Artur-268x300.png\" alt=\"\" width=\"172\" height=\"193\" srcset=\"https:\/\/agora.xtec.cat\/ceipbellpuig\/wp-content\/uploads\/usu1575\/2020\/03\/La_veritat_segons_l_Artur-268x300.png 268w, https:\/\/agora.xtec.cat\/ceipbellpuig\/wp-content\/uploads\/usu1575\/2020\/03\/La_veritat_segons_l_Artur.png 458w\" sizes=\"auto, (max-width: 172px) 100vw, 172px\" \/><\/a><\/p>\n<p>I\u00a0 alg\u00fa\u00a0 va dir:<\/p>\n<p>-Les\u00a0 mentides\u00a0 tamb\u00e9\u00a0 s\u00f3n\u00a0 ficci\u00f3!<\/p>\n<p>I a partir\u00a0 d&#8217;aqu\u00ed\u00a0 vam engegar\u00a0 el\u00a0 nostre\u00a0 proc\u00e9s\u00a0 per\u00a0 investigar\u00a0 les mentides.<\/p>\n<p>Vam parlar de les mentides que d\u00e8iem nosaltres, que eren poques; i vam decidir demanar que els mestres, fam\u00edlies i companys grans de l&#8217;escola ens expliquessin les seves.<\/p>\n<p>Entre tots vam decidir escriure unes cartes dirigides a mestres, fam\u00edlies i companys explicant que recollir\u00edem mentides uns dies al pati i a les entrades de l&#8217;escola.<\/p>\n<p>Vam votar el color de les paperetes per escriure les mentides i va guanyar el lila. Aix\u00ed que el lila ha estat el color que ha marcat el nostre projecte.<\/p>\n<p>A partir d&#8217;una caixa de cartr\u00f3, vam construir una urna . En Carles ens va ajudar a fer l&#8217;obertura amb un c\u00fater.<\/p>\n<p>La nostra recollida de mentides\u00a0 va tenir molt \u00e8xit. Pares, mares, \u00e0vies i avis, mestres, nens i nenes de l&#8217;escola ens van regalar les seves mentides secretes.<\/p>\n<p>Vam classificar les mentides segons el nostre criteri: fortes, mitjanes i petites&#8230;. I llavors, vam descobrir que hi havia alg\u00fa que no en deia mai; aix\u00ed que vam afegir la categoria dels que &#8220;No diuen mentides&#8221;.<\/p>\n<p>Per tal de comprovar a quina categoria hi havia m\u00e9s mentides, vam decidir enganxar-les en tires llargues. La de les fortes era la m\u00e9s llarga!<\/p>\n<p>Llavors, una mestra ens va fer arribar un text que explicava que &#8220;una mentida \u00e9s com una bola que creix i que molts vegades \u00e9s dif\u00edcil d&#8217;aturar&#8221;. Vam acordar penjar les tires de boles de diferents mides segons la import\u00e0ncia de les mentides.<\/p>\n<p>Aquesta instal.laci\u00f3 est\u00e0 al vest\u00edbul de l&#8217;escola, quan hi pod\u00a1guem tornar us animem a veure-la!<\/p>\n<p>Per\u00f2 ens quedava un dubte&#8230; Per qu\u00e8 diem mentides?<\/p>\n<p>Vam tornar a rec\u00f3rrer als m\u00e9s grans de l&#8217;escola que ens van donar molt\u00edssimes respostes:per presumir, per amagar una sorpresa, per no barallar-nos, per aconseguir alguna cosa&#8230;<\/p>\n<p>I aquest projecte l&#8217;hav\u00edem d&#8217;anar a presentar el 24 de mar\u00e7 a la UVIC. El coronavirus no ens ha perm\u00e8s fer-ho. Esperem que sigui possible realitzar l&#8217;exposici\u00f3 de la novena edici\u00f3 d&#8217;Art i escola al centre d&#8217;Arts contempor\u00e0nies de Vic i ens poguem acostar a veure el nostre treball i el que han fet altres centres educactius de la zona.<\/p>\n<p>Us deixem l&#8217;enlla\u00e7 de les fotos i\u00a0 d&#8217;un v\u00eddeo que recull tot el nostre proc\u00e9s d&#8217;investigaci\u00f3 en el que tant hem treballat.<\/p>\n<p><a href=\"https:\/\/photos.app.goo.gl\/JNtczXgLD6y3QuWX8\">FOTOS <\/a><\/p>\n<p><a href=\"https:\/\/www.youtube.com\/watch?v=2dB4sR2ZoV4\">V\u00cdDEO<\/a><\/p>\n<p>Gr\u00e0cies a tots els que heu participat per fer-lo cr\u00e9ixer.<\/p>\n<p>&nbsp;<\/p>\n<p>&nbsp;<\/p>\n<p>&nbsp;<\/p>\n","protected":false},"excerpt":{"rendered":"<p>Aquest curs els nens i nenes de P5 hem participat en la novena edici\u00f3 d&#8217;Art i Escola, que enguany tenia com a tem\u00e0tica la &#8220;Ficci\u00f3&#8221;. Quan port\u00e0vem uns quants dies parlant de qu\u00e8 era la ficci\u00f3, en Jan va portar aquest conte. I\u00a0 alg\u00fa\u00a0 va dir: -Les\u00a0 mentides\u00a0 tamb\u00e9\u00a0 s\u00f3n\u00a0 ficci\u00f3! I a partir\u00a0 d&#8217;aqu\u00ed\u00a0 [&hellip;]<\/p>\n","protected":false},"author":13,"featured_media":3346,"comment_status":"open","ping_status":"closed","sticky":false,"template":"","format":"standard","meta":{"_bbp_topic_count":0,"_bbp_reply_count":0,"_bbp_total_topic_count":0,"_bbp_total_reply_count":0,"_bbp_voice_count":0,"_bbp_anonymous_reply_count":0,"_bbp_topic_count_hidden":0,"_bbp_reply_count_hidden":0,"_bbp_forum_subforum_count":0,"site-sidebar-layout":"default","site-content-layout":"","ast-site-content-layout":"","site-content-style":"default","site-sidebar-style":"default","ast-global-header-display":"","ast-banner-title-visibility":"","ast-main-header-display":"","ast-hfb-above-header-display":"","ast-hfb-below-header-display":"","ast-hfb-mobile-header-display":"","site-post-title":"","ast-breadcrumbs-content":"","ast-featured-img":"","footer-sml-layout":"","theme-transparent-header-meta":"","adv-header-id-meta":"","stick-header-meta":"","header-above-stick-meta":"","header-main-stick-meta":"","header-below-stick-meta":"","astra-migrate-meta-layouts":"default","ast-page-background-enabled":"default","ast-page-background-meta":{"desktop":{"background-color":"var(--ast-global-color-4)","background-image":"","background-repeat":"repeat","background-position":"center center","background-size":"auto","background-attachment":"scroll","background-type":"","background-media":"","overlay-type":"","overlay-color":"","overlay-opacity":"","overlay-gradient":""},"tablet":{"background-color":"","background-image":"","background-repeat":"repeat","background-position":"center center","background-size":"auto","background-attachment":"scroll","background-type":"","background-media":"","overlay-type":"","overlay-color":"","overlay-opacity":"","overlay-gradient":""},"mobile":{"background-color":"","background-image":"","background-repeat":"repeat","background-position":"center center","background-size":"auto","background-attachment":"scroll","background-type":"","background-media":"","overlay-type":"","overlay-color":"","overlay-opacity":"","overlay-gradient":""}},"ast-content-background-meta":{"desktop":{"background-color":"var(--ast-global-color-5)","background-image":"","background-repeat":"repeat","background-position":"center center","background-size":"auto","background-attachment":"scroll","background-type":"","background-media":"","overlay-type":"","overlay-color":"","overlay-opacity":"","overlay-gradient":""},"tablet":{"background-color":"var(--ast-global-color-5)","background-image":"","background-repeat":"repeat","background-position":"center center","background-size":"auto","background-attachment":"scroll","background-type":"","background-media":"","overlay-type":"","overlay-color":"","overlay-opacity":"","overlay-gradient":""},"mobile":{"background-color":"var(--ast-global-color-5)","background-image":"","background-repeat":"repeat","background-position":"center center","background-size":"auto","background-attachment":"scroll","background-type":"","background-media":"","overlay-type":"","overlay-color":"","overlay-opacity":"","overlay-gradient":""}},"footnotes":""},"categories":[2,4,71],"tags":[339,153,181,340],"class_list":["post-3262","post","type-post","status-publish","format-standard","has-post-thumbnail","hentry","category-petits","category-portada","category-projectes","tag-art-i-escola","tag-e-infantil","tag-projectes","tag-visual-implastica"],"post_mailing_queue_ids":[],"_links":{"self":[{"href":"https:\/\/agora.xtec.cat\/ceipbellpuig\/wp-json\/wp\/v2\/posts\/3262","targetHints":{"allow":["GET"]}}],"collection":[{"href":"https:\/\/agora.xtec.cat\/ceipbellpuig\/wp-json\/wp\/v2\/posts"}],"about":[{"href":"https:\/\/agora.xtec.cat\/ceipbellpuig\/wp-json\/wp\/v2\/types\/post"}],"author":[{"embeddable":true,"href":"https:\/\/agora.xtec.cat\/ceipbellpuig\/wp-json\/wp\/v2\/users\/13"}],"replies":[{"embeddable":true,"href":"https:\/\/agora.xtec.cat\/ceipbellpuig\/wp-json\/wp\/v2\/comments?post=3262"}],"version-history":[{"count":3,"href":"https:\/\/agora.xtec.cat\/ceipbellpuig\/wp-json\/wp\/v2\/posts\/3262\/revisions"}],"predecessor-version":[{"id":3348,"href":"https:\/\/agora.xtec.cat\/ceipbellpuig\/wp-json\/wp\/v2\/posts\/3262\/revisions\/3348"}],"wp:featuredmedia":[{"embeddable":true,"href":"https:\/\/agora.xtec.cat\/ceipbellpuig\/wp-json\/wp\/v2\/media\/3346"}],"wp:attachment":[{"href":"https:\/\/agora.xtec.cat\/ceipbellpuig\/wp-json\/wp\/v2\/media?parent=3262"}],"wp:term":[{"taxonomy":"category","embeddable":true,"href":"https:\/\/agora.xtec.cat\/ceipbellpuig\/wp-json\/wp\/v2\/categories?post=3262"},{"taxonomy":"post_tag","embeddable":true,"href":"https:\/\/agora.xtec.cat\/ceipbellpuig\/wp-json\/wp\/v2\/tags?post=3262"}],"curies":[{"name":"wp","href":"https:\/\/api.w.org\/{rel}","templated":true}]}}