{"id":3181,"date":"2020-04-16T14:07:01","date_gmt":"2020-04-16T12:07:01","guid":{"rendered":"http:\/\/agora.xtec.cat\/ceipbellpuig\/?p=3181"},"modified":"2020-06-08T18:23:03","modified_gmt":"2020-06-08T16:23:03","slug":"expliquem-contes-a-p5-curs-2019-2020","status":"publish","type":"post","link":"https:\/\/agora.xtec.cat\/ceipbellpuig\/nivells\/petits\/expliquem-contes-a-p5-curs-2019-2020\/","title":{"rendered":"EXPLIQUEM CONTES A P5 &#8211; CURS 2019\/2020"},"content":{"rendered":"<p>A la classe de P5 hem portat a terme un projecte per animar els nens i nenes a llegir i gaudir de la lectura.<\/p>\n<p>A m\u00e9s a m\u00e9s creiem que \u00e9s molt important que hi participin tamb\u00e9 els familiars, d&#8217;aquesta manera tots ens impliquem en un projecte com\u00fa i molt important en la vida escolar d&#8217;aquesta edat:<\/p>\n<p>LA LECTURA.<\/p>\n<p>La proposta era que totes les nenes i els nens de la classe poguessin explicar un conte a la classe als companys amb l&#8217;ajuda d&#8217;algun familiar. Ja teniem programades totes les sessions i algun ja van poder fer la feina a l&#8217;aula per\u00f2 tamb\u00e9 n&#8217;hi ha molts contes que han quedat pendents amb el confinament.<\/p>\n<p>Per\u00f2 tot t\u00e9 soluci\u00f3 i els nens i nenes ens poden explicar el conte des de casa i pengem el v\u00eddeo, aix\u00ed tots en gaudim. Moltes gr\u00e0cies a tots pel vostre esfor\u00e7.<\/p>\n<p>Si voleu veure les fotos, o els v\u00eddeos, de cada conte cliqueu sobre el nom del nen o nena que trobareu a la taula seg\u00fcent:<\/p>\n<p>(Alguns contes encara no hi s\u00f3n per\u00f2 a mida que els tinguem els penjarem a l&#8217;article)<\/p>\n<table style=\"height: 733px; width: 662px; border-style: solid; border-color: #240785; background-color: #f7f5fa;\">\n<tbody>\n<tr style=\"height: 31px;\">\n<td style=\"width: 278px; height: 31px; text-align: center; border-style: solid; border-color: #3510c9;\">\n<h3><span style=\"color: #333399;\"><strong>T\u00cdTOL DEL CONTE<\/strong><\/span><\/h3>\n<\/td>\n<td style=\"width: 185px; height: 31px; text-align: center; border-style: solid; border-color: #3510c9;\">\n<h3><span style=\"color: #333399;\"><strong>NOM ALUMNE<\/strong><\/span><\/h3>\n<\/td>\n<td style=\"width: 189px; height: 31px; text-align: center; border-style: solid; border-color: #3510c9;\">\n<h3><span style=\"color: #333399;\"><strong>DATA<\/strong><\/span><\/h3>\n<\/td>\n<\/tr>\n<tr style=\"height: 10px;\">\n<td style=\"width: 278px; height: 10px; border-style: solid; border-color: #3510c9;\">COM ES FA UNA CERCAVILA<\/td>\n<td style=\"width: 185px; height: 10px; border-style: solid; border-color: #3510c9;\"><a href=\"https:\/\/photos.app.goo.gl\/Bp1uhmKn4VNU5NKR9\" target=\"_blank\" rel=\"noopener noreferrer\">JAN<\/a><\/td>\n<td style=\"width: 189px; height: 10px; border-style: solid; border-color: #3510c9;\">8 de novembre<\/td>\n<\/tr>\n<tr style=\"height: 10px;\">\n<td style=\"width: 278px; height: 10px; border-style: solid; border-color: #3510c9;\">I SI \u00c9S&#8230;?<\/td>\n<td style=\"width: 185px; height: 10px; border-style: solid; border-color: #3510c9;\"><a href=\"https:\/\/photos.app.goo.gl\/5DGMkGTjRqMRcafL7\" target=\"_blank\" rel=\"noopener noreferrer\">J\u00daLIA<\/a><\/td>\n<td style=\"width: 189px; height: 10px; border-style: solid; border-color: #3510c9;\">17 de gener<\/td>\n<\/tr>\n<tr style=\"height: 31px;\">\n<td style=\"width: 278px; height: 31px; border-style: solid; border-color: #3510c9;\">ELS COLORS DE L&#8217;\u00c0FRICA<\/td>\n<td style=\"width: 185px; height: 31px; border-style: solid; border-color: #3510c9;\"><a href=\"https:\/\/photos.app.goo.gl\/CvyEZajXBoiaGbNj9\" target=\"_blank\" rel=\"noopener noreferrer\">ADRI\u00c0<\/a><\/td>\n<td style=\"width: 189px; height: 31px; border-style: solid; border-color: #3510c9;\">24 de gener<\/td>\n<\/tr>\n<tr style=\"height: 31px;\">\n<td style=\"width: 278px; height: 31px; border-style: solid; border-color: #3510c9;\">LA BALENA<\/td>\n<td style=\"width: 185px; height: 31px; border-style: solid; border-color: #3510c9;\"><a href=\"https:\/\/photos.app.goo.gl\/MALqbbRrCMqLpxDt5\" target=\"_blank\" rel=\"noopener noreferrer\">BETLEM<\/a><\/td>\n<td style=\"width: 189px; height: 31px; border-style: solid; border-color: #3510c9;\">23 de gener<\/td>\n<\/tr>\n<tr style=\"height: 31px;\">\n<td style=\"width: 278px; height: 31px; border-style: solid; border-color: #3510c9;\">EL DRAC PASQUAL DESCOBREIX L&#8217;ANT\u00c0RTIDA<\/td>\n<td style=\"width: 185px; height: 31px; border-style: solid; border-color: #3510c9;\"><a href=\"https:\/\/photos.app.goo.gl\/Y747b5wA7ksRcSEm7\" target=\"_blank\" rel=\"noopener noreferrer\">\u00c8RIC T.<\/a><\/td>\n<td style=\"width: 189px; height: 31px; border-style: solid; border-color: #3510c9;\">31 de gener<\/td>\n<\/tr>\n<tr style=\"height: 31px;\">\n<td style=\"width: 278px; height: 31px; border-style: solid; border-color: #3510c9;\"><span style=\"background-color: #f9f9f9;\">LA BLANCANEUS<\/span><\/td>\n<td style=\"width: 185px; height: 31px; border-style: solid; border-color: #3510c9;\"><a href=\"https:\/\/photos.app.goo.gl\/gewNGUXZBfyT8NN3A\" target=\"_blank\" rel=\"noopener noreferrer\"><span style=\"background-color: #f9f9f9;\">ABRIL\u00a0<\/span><\/a><\/td>\n<td style=\"width: 189px; height: 31px; border-style: solid; border-color: #3510c9;\">7 de febrer<\/td>\n<\/tr>\n<tr style=\"height: 31px;\">\n<td style=\"width: 278px; height: 31px; border-style: solid; border-color: #3510c9;\"><span style=\"background-color: #f7f5fa;\">LA GALLINETA DELS OUS D&#8217;OR<\/span><\/td>\n<td style=\"width: 185px; height: 31px; border-style: solid; border-color: #3510c9;\"><a href=\"https:\/\/photos.app.goo.gl\/7ZPQH4K2AF5hA8ww6\" target=\"_blank\" rel=\"noopener noreferrer\">L\u00cdA<\/a><\/td>\n<td style=\"width: 189px; height: 31px; border-style: solid; border-color: #3510c9;\">14 de febrer<\/td>\n<\/tr>\n<tr style=\"height: 31px;\">\n<td style=\"width: 278px; height: 31px; border-style: solid; border-color: #3510c9;\">LA RATETA<\/td>\n<td style=\"width: 185px; height: 31px; border-style: solid; border-color: #3510c9;\"><a href=\"https:\/\/photos.app.goo.gl\/Bv9KTNayBCJrqxNBA\" target=\"_blank\" rel=\"noopener noreferrer\">MARGOT I VALENTINA<\/a><\/td>\n<td style=\"width: 189px; height: 31px; border-style: solid; border-color: #3510c9;\">28 de febrer<\/td>\n<\/tr>\n<tr style=\"height: 31px;\">\n<td style=\"width: 278px; height: 31px; border-style: solid; border-color: #3510c9;\">LES 7 CABRETES I EL LLOP<\/td>\n<td style=\"width: 185px; height: 31px; border-style: solid; border-color: #3510c9;\"><a href=\"https:\/\/photos.app.goo.gl\/bHbJMRdZ7EfLC7pz8\" target=\"_blank\" rel=\"noopener noreferrer\">LLUNA<\/a><\/td>\n<td style=\"width: 189px; height: 31px; border-style: solid; border-color: #3510c9;\">6 de mar\u00e7<\/td>\n<\/tr>\n<tr style=\"height: 31px;\">\n<td style=\"width: 278px; height: 31px; border-style: solid; border-color: #3510c9;\">LA LLEBRE I LA TORTUGA<\/td>\n<td style=\"width: 185px; height: 31px; border-style: solid; border-color: #3510c9;\">BIEL<\/td>\n<td style=\"width: 189px; height: 31px; border-style: solid; border-color: #3510c9;\">15 mar\u00e7<\/td>\n<\/tr>\n<tr style=\"height: 31px;\">\n<td style=\"width: 278px; height: 31px; border-style: solid; border-color: #3510c9;\">EN PATUFET<\/td>\n<td style=\"width: 185px; height: 31px; border-style: solid; border-color: #3510c9;\">CLARA<\/td>\n<td style=\"width: 189px; height: 31px; border-style: solid; border-color: #3510c9;\">16 mar\u00e7<\/td>\n<\/tr>\n<tr style=\"height: 31px;\">\n<td style=\"width: 278px; height: 31px; border-style: solid; border-color: #3510c9;\">PETITS POEMES<\/td>\n<td style=\"width: 185px; height: 31px; border-style: solid; border-color: #3510c9;\"><a href=\"https:\/\/photos.app.goo.gl\/vPhV6pgeKGywcrva9\" target=\"_blank\" rel=\"noopener noreferrer\">AYLA<\/a><\/td>\n<td style=\"width: 189px; height: 31px; border-style: solid; border-color: #3510c9;\">19 mar\u00e7<\/td>\n<\/tr>\n<tr style=\"height: 31px;\">\n<td style=\"width: 278px; height: 31px; border-style: solid; border-color: #3510c9;\">ELS TRES PORQUETS<\/td>\n<td style=\"width: 185px; height: 31px; border-style: solid; border-color: #3510c9;\">POL<\/td>\n<td style=\"width: 189px; height: 31px; border-style: solid; border-color: #3510c9;\">27 mar\u00e7<\/td>\n<\/tr>\n<tr style=\"height: 31px;\">\n<td style=\"width: 278px; height: 31px; border-style: solid; border-color: #3510c9;\">ELS FANTASMES NO TRUQUEN A LA PORTA<\/td>\n<td style=\"width: 185px; height: 31px; border-style: solid; border-color: #3510c9;\">\u00c8RIC MAS<\/td>\n<td style=\"width: 189px; height: 31px; border-style: solid; border-color: #3510c9;\">17 abril<\/td>\n<\/tr>\n<tr style=\"height: 31px;\">\n<td style=\"width: 278px; height: 31px; border-style: solid; border-color: #3510c9;\">LA LLEGENDA DE SANT JORDI<\/td>\n<td style=\"width: 185px; height: 31px; border-style: solid; border-color: #3510c9;\"><a href=\"https:\/\/photos.app.goo.gl\/a1k695iaF3g7BW9t7\">MART\u00cd<\/a><\/td>\n<td style=\"width: 189px; height: 31px; border-style: solid; border-color: #3510c9;\">24 abril<\/td>\n<\/tr>\n<tr style=\"height: 31px;\">\n<td style=\"width: 278px; height: 31px; border-style: solid; border-color: #3510c9;\">EL GR\u00daFAL<\/td>\n<td style=\"width: 185px; height: 31px; border-style: solid; border-color: #3510c9;\">ANDR\u00c9S<\/td>\n<td style=\"width: 189px; height: 31px; border-style: solid; border-color: #3510c9;\">8 maig<\/td>\n<\/tr>\n<tr style=\"height: 31px;\">\n<td style=\"width: 278px; height: 31px; border-style: solid; border-color: #3510c9;\">LA VENTAFOCS<\/td>\n<td style=\"width: 185px; height: 31px; border-style: solid; border-color: #3510c9;\"><a href=\"https:\/\/photos.app.goo.gl\/UqiLmQjLvdUi8WvC8\" target=\"_blank\" rel=\"noopener noreferrer\">\u00cdRIA<\/a><\/td>\n<td style=\"width: 189px; height: 31px; border-style: solid; border-color: #3510c9;\">15 maig<\/td>\n<\/tr>\n<tr style=\"height: 31px;\">\n<td style=\"width: 278px; height: 31px; border-style: solid; border-color: #3510c9;\"><span style=\"background-color: #f9f9f9;\">LA CASETA DE XOCOLATA<\/span><\/td>\n<td style=\"width: 185px; height: 31px; border-style: solid; border-color: #3510c9;\"><a href=\"https:\/\/drive.google.com\/file\/d\/1BKOqJ3h-Cy92fOGU5QrOHIzU9Q-g39Nw\/view?usp=sharing\" target=\"_blank\" rel=\"noopener noreferrer\">MARTINA<\/a><\/td>\n<td style=\"width: 189px; height: 31px; border-style: solid; border-color: #3510c9;\">22 maig<\/td>\n<\/tr>\n<tr style=\"height: 31px;\">\n<td style=\"width: 278px; height: 31px; border-style: solid; border-color: #3510c9;\"><span style=\"background-color: #f7f5fa;\">DE QUIN COLOR \u00c9S UN PET\u00d3?<\/span><\/td>\n<td style=\"width: 185px; height: 31px; border-style: solid; border-color: #3510c9;\"><a href=\"https:\/\/photos.app.goo.gl\/P39WLpNLMfe5kjsS7\"><span style=\"background-color: #f7f5fa;\">CL\u00c0UDIA<\/span><\/a><\/td>\n<td style=\"width: 189px; height: 31px; border-style: solid; border-color: #3510c9;\">29 maig<\/td>\n<\/tr>\n<tr style=\"height: 31px;\">\n<td style=\"width: 278px; height: 31px; border-style: solid; border-color: #3510c9;\">ELS TRES REIS<\/td>\n<td style=\"width: 185px; height: 31px; border-style: solid; border-color: #3510c9;\"><a href=\"https:\/\/photos.app.goo.gl\/x4LQReVGFYBELw627\" target=\"_blank\" rel=\"noopener noreferrer\">TON<\/a><\/td>\n<td style=\"width: 189px; height: 31px; border-style: solid; border-color: #3510c9;\">5 juny<\/td>\n<\/tr>\n<tr style=\"height: 31px;\">\n<td style=\"width: 278px; height: 31px; border-style: solid; border-color: #3510c9;\"><\/td>\n<td style=\"width: 185px; height: 31px; border-style: solid; border-color: #3510c9;\"><\/td>\n<td style=\"width: 189px; height: 31px; border-style: solid; border-color: #3510c9;\"><\/td>\n<\/tr>\n<tr style=\"height: 31px;\">\n<td style=\"width: 278px; height: 31px; border-style: solid; border-color: #3510c9;\"><\/td>\n<td style=\"width: 185px; height: 31px; border-style: solid; border-color: #3510c9;\"><\/td>\n<td style=\"width: 189px; height: 31px; border-style: solid; border-color: #3510c9;\"><\/td>\n<\/tr>\n<tr style=\"height: 31px;\">\n<td style=\"width: 278px; height: 31px; border-style: solid; border-color: #3510c9;\"><\/td>\n<td style=\"width: 185px; height: 31px; border-style: solid; border-color: #3510c9;\"><\/td>\n<td style=\"width: 189px; height: 31px; border-style: solid; border-color: #3510c9;\"><\/td>\n<\/tr>\n<tr style=\"height: 31px;\">\n<td style=\"width: 278px; height: 31px; border-style: solid; border-color: #3510c9;\"><\/td>\n<td style=\"width: 185px; height: 31px; border-style: solid; border-color: #3510c9;\"><\/td>\n<td style=\"width: 189px; height: 31px; border-style: solid; border-color: #3510c9;\"><\/td>\n<\/tr>\n<\/tbody>\n<\/table>\n<p>ESPEREM QUE US AGRADIN!!!<\/p>\n","protected":false},"excerpt":{"rendered":"<p>A la classe de P5 hem portat a terme un projecte per animar els nens i nenes a llegir i gaudir de la lectura. A m\u00e9s a m\u00e9s creiem que \u00e9s molt important que hi participin tamb\u00e9 els familiars, d&#8217;aquesta manera tots ens impliquem en un projecte com\u00fa i molt important en la vida escolar [&hellip;]<\/p>\n","protected":false},"author":1,"featured_media":3184,"comment_status":"open","ping_status":"closed","sticky":false,"template":"","format":"standard","meta":{"_bbp_topic_count":0,"_bbp_reply_count":0,"_bbp_total_topic_count":0,"_bbp_total_reply_count":0,"_bbp_voice_count":0,"_bbp_anonymous_reply_count":0,"_bbp_topic_count_hidden":0,"_bbp_reply_count_hidden":0,"_bbp_forum_subforum_count":0,"site-sidebar-layout":"default","site-content-layout":"","ast-site-content-layout":"","site-content-style":"default","site-sidebar-style":"default","ast-global-header-display":"","ast-banner-title-visibility":"","ast-main-header-display":"","ast-hfb-above-header-display":"","ast-hfb-below-header-display":"","ast-hfb-mobile-header-display":"","site-post-title":"","ast-breadcrumbs-content":"","ast-featured-img":"","footer-sml-layout":"","theme-transparent-header-meta":"","adv-header-id-meta":"","stick-header-meta":"","header-above-stick-meta":"","header-main-stick-meta":"","header-below-stick-meta":"","astra-migrate-meta-layouts":"default","ast-page-background-enabled":"default","ast-page-background-meta":{"desktop":{"background-color":"var(--ast-global-color-4)","background-image":"","background-repeat":"repeat","background-position":"center center","background-size":"auto","background-attachment":"scroll","background-type":"","background-media":"","overlay-type":"","overlay-color":"","overlay-opacity":"","overlay-gradient":""},"tablet":{"background-color":"","background-image":"","background-repeat":"repeat","background-position":"center center","background-size":"auto","background-attachment":"scroll","background-type":"","background-media":"","overlay-type":"","overlay-color":"","overlay-opacity":"","overlay-gradient":""},"mobile":{"background-color":"","background-image":"","background-repeat":"repeat","background-position":"center center","background-size":"auto","background-attachment":"scroll","background-type":"","background-media":"","overlay-type":"","overlay-color":"","overlay-opacity":"","overlay-gradient":""}},"ast-content-background-meta":{"desktop":{"background-color":"var(--ast-global-color-5)","background-image":"","background-repeat":"repeat","background-position":"center center","background-size":"auto","background-attachment":"scroll","background-type":"","background-media":"","overlay-type":"","overlay-color":"","overlay-opacity":"","overlay-gradient":""},"tablet":{"background-color":"var(--ast-global-color-5)","background-image":"","background-repeat":"repeat","background-position":"center center","background-size":"auto","background-attachment":"scroll","background-type":"","background-media":"","overlay-type":"","overlay-color":"","overlay-opacity":"","overlay-gradient":""},"mobile":{"background-color":"var(--ast-global-color-5)","background-image":"","background-repeat":"repeat","background-position":"center center","background-size":"auto","background-attachment":"scroll","background-type":"","background-media":"","overlay-type":"","overlay-color":"","overlay-opacity":"","overlay-gradient":""}},"footnotes":""},"categories":[74,2,4],"tags":[104,281,153,111],"class_list":["post-3181","post","type-post","status-publish","format-standard","has-post-thumbnail","hentry","category-activitats","category-petits","category-portada","tag-contes","tag-e-bellpuig","tag-e-infantil","tag-p5"],"post_mailing_queue_ids":[],"_links":{"self":[{"href":"https:\/\/agora.xtec.cat\/ceipbellpuig\/wp-json\/wp\/v2\/posts\/3181","targetHints":{"allow":["GET"]}}],"collection":[{"href":"https:\/\/agora.xtec.cat\/ceipbellpuig\/wp-json\/wp\/v2\/posts"}],"about":[{"href":"https:\/\/agora.xtec.cat\/ceipbellpuig\/wp-json\/wp\/v2\/types\/post"}],"author":[{"embeddable":true,"href":"https:\/\/agora.xtec.cat\/ceipbellpuig\/wp-json\/wp\/v2\/users\/1"}],"replies":[{"embeddable":true,"href":"https:\/\/agora.xtec.cat\/ceipbellpuig\/wp-json\/wp\/v2\/comments?post=3181"}],"version-history":[{"count":3,"href":"https:\/\/agora.xtec.cat\/ceipbellpuig\/wp-json\/wp\/v2\/posts\/3181\/revisions"}],"predecessor-version":[{"id":3478,"href":"https:\/\/agora.xtec.cat\/ceipbellpuig\/wp-json\/wp\/v2\/posts\/3181\/revisions\/3478"}],"wp:featuredmedia":[{"embeddable":true,"href":"https:\/\/agora.xtec.cat\/ceipbellpuig\/wp-json\/wp\/v2\/media\/3184"}],"wp:attachment":[{"href":"https:\/\/agora.xtec.cat\/ceipbellpuig\/wp-json\/wp\/v2\/media?parent=3181"}],"wp:term":[{"taxonomy":"category","embeddable":true,"href":"https:\/\/agora.xtec.cat\/ceipbellpuig\/wp-json\/wp\/v2\/categories?post=3181"},{"taxonomy":"post_tag","embeddable":true,"href":"https:\/\/agora.xtec.cat\/ceipbellpuig\/wp-json\/wp\/v2\/tags?post=3181"}],"curies":[{"name":"wp","href":"https:\/\/api.w.org\/{rel}","templated":true}]}}