{"id":2837,"date":"2019-12-13T13:25:23","date_gmt":"2019-12-13T12:25:23","guid":{"rendered":"http:\/\/agora.xtec.cat\/ceipbellpuig\/?p=2837"},"modified":"2019-12-13T13:25:23","modified_gmt":"2019-12-13T12:25:23","slug":"motricitat-fina-i-gruixuda","status":"publish","type":"post","link":"https:\/\/agora.xtec.cat\/ceipbellpuig\/portada\/motricitat-fina-i-gruixuda\/","title":{"rendered":"Motricitat fina i gruixuda"},"content":{"rendered":"<p>El ventall del moviment \u00e9s molt ampli i<strong>\u00a0la motricitat se subdivideix en fina i gruixuda.<\/strong><\/p>\n<p>La motricitat fina es refereix a tasques petites i delicades que es poden fer amb els dits o amb m\u00fasculs facials, com ara agafar, parlar, pintar, fer la pin\u00e7a amb els dits de les mans&#8230;<\/p>\n<p>La motricitat gruixuda s\u00f3n els grans moviments del cos, com c\u00f3rrer, saltar&#8230;, i es desenvolupa del cap fins als peus.<\/p>\n<p>Despr\u00e9s de comentar els dos tipus de motricitat, veiem cinc quadres, o millor dit, obres d\u2019art segons l\u2019alumnat de sis\u00e8. Aquests quadres tenen una particularitat comuna, i es que estan pintats amb la boca o amb els peus.<\/p>\n<p>Els autors\/es , Ruth Rieser, Manuel Parre\u00f1o o Jos\u00e9 Uribe a conseq\u00fc\u00e8ncia de diversos condicionants f\u00edsics han acabat practicant aquesta disciplina i desenvolupant una motricitat fina molt espec\u00edfica.<\/p>\n<p>Despr\u00e9s hem provat nosaltres a posar el nostre nom o fer un petit dibuix amb els peus i la boca. Ha esdevingut tot un repte!<\/p>\n<p>Us convidem a quie entreu a la xarxa i busqueu aquests autors i les seves obres. Una de les que m\u00e9s ha agradat ha estat l&#8217;obra anomenada \u201cflors\u201d de Ruth Rieser, pintat amb la boca.<\/p>\n<p>&nbsp;<\/p>\n","protected":false},"excerpt":{"rendered":"<p>El ventall del moviment \u00e9s molt ampli i\u00a0la motricitat se subdivideix en fina i gruixuda. La motricitat fina es refereix a tasques petites i delicades que es poden fer amb els dits o amb m\u00fasculs facials, com ara agafar, parlar, pintar, fer la pin\u00e7a amb els dits de les mans&#8230; La motricitat gruixuda s\u00f3n els [&hellip;]<\/p>\n","protected":false},"author":1,"featured_media":0,"comment_status":"open","ping_status":"closed","sticky":false,"template":"","format":"standard","meta":{"_bbp_topic_count":0,"_bbp_reply_count":0,"_bbp_total_topic_count":0,"_bbp_total_reply_count":0,"_bbp_voice_count":0,"_bbp_anonymous_reply_count":0,"_bbp_topic_count_hidden":0,"_bbp_reply_count_hidden":0,"_bbp_forum_subforum_count":0,"site-sidebar-layout":"default","site-content-layout":"","ast-site-content-layout":"","site-content-style":"default","site-sidebar-style":"default","ast-global-header-display":"","ast-banner-title-visibility":"","ast-main-header-display":"","ast-hfb-above-header-display":"","ast-hfb-below-header-display":"","ast-hfb-mobile-header-display":"","site-post-title":"","ast-breadcrumbs-content":"","ast-featured-img":"","footer-sml-layout":"","theme-transparent-header-meta":"","adv-header-id-meta":"","stick-header-meta":"","header-above-stick-meta":"","header-main-stick-meta":"","header-below-stick-meta":"","astra-migrate-meta-layouts":"default","ast-page-background-enabled":"default","ast-page-background-meta":{"desktop":{"background-color":"var(--ast-global-color-4)","background-image":"","background-repeat":"repeat","background-position":"center center","background-size":"auto","background-attachment":"scroll","background-type":"","background-media":"","overlay-type":"","overlay-color":"","overlay-opacity":"","overlay-gradient":""},"tablet":{"background-color":"","background-image":"","background-repeat":"repeat","background-position":"center center","background-size":"auto","background-attachment":"scroll","background-type":"","background-media":"","overlay-type":"","overlay-color":"","overlay-opacity":"","overlay-gradient":""},"mobile":{"background-color":"","background-image":"","background-repeat":"repeat","background-position":"center center","background-size":"auto","background-attachment":"scroll","background-type":"","background-media":"","overlay-type":"","overlay-color":"","overlay-opacity":"","overlay-gradient":""}},"ast-content-background-meta":{"desktop":{"background-color":"var(--ast-global-color-5)","background-image":"","background-repeat":"repeat","background-position":"center center","background-size":"auto","background-attachment":"scroll","background-type":"","background-media":"","overlay-type":"","overlay-color":"","overlay-opacity":"","overlay-gradient":""},"tablet":{"background-color":"var(--ast-global-color-5)","background-image":"","background-repeat":"repeat","background-position":"center center","background-size":"auto","background-attachment":"scroll","background-type":"","background-media":"","overlay-type":"","overlay-color":"","overlay-opacity":"","overlay-gradient":""},"mobile":{"background-color":"var(--ast-global-color-5)","background-image":"","background-repeat":"repeat","background-position":"center center","background-size":"auto","background-attachment":"scroll","background-type":"","background-media":"","overlay-type":"","overlay-color":"","overlay-opacity":"","overlay-gradient":""}},"footnotes":""},"categories":[61,91,4,5],"tags":[],"class_list":["post-2837","post","type-post","status-publish","format-standard","hentry","category-cicle-superior","category-educacio-fisica","category-portada","category-primaria"],"post_mailing_queue_ids":[],"_links":{"self":[{"href":"https:\/\/agora.xtec.cat\/ceipbellpuig\/wp-json\/wp\/v2\/posts\/2837","targetHints":{"allow":["GET"]}}],"collection":[{"href":"https:\/\/agora.xtec.cat\/ceipbellpuig\/wp-json\/wp\/v2\/posts"}],"about":[{"href":"https:\/\/agora.xtec.cat\/ceipbellpuig\/wp-json\/wp\/v2\/types\/post"}],"author":[{"embeddable":true,"href":"https:\/\/agora.xtec.cat\/ceipbellpuig\/wp-json\/wp\/v2\/users\/1"}],"replies":[{"embeddable":true,"href":"https:\/\/agora.xtec.cat\/ceipbellpuig\/wp-json\/wp\/v2\/comments?post=2837"}],"version-history":[{"count":1,"href":"https:\/\/agora.xtec.cat\/ceipbellpuig\/wp-json\/wp\/v2\/posts\/2837\/revisions"}],"predecessor-version":[{"id":2838,"href":"https:\/\/agora.xtec.cat\/ceipbellpuig\/wp-json\/wp\/v2\/posts\/2837\/revisions\/2838"}],"wp:attachment":[{"href":"https:\/\/agora.xtec.cat\/ceipbellpuig\/wp-json\/wp\/v2\/media?parent=2837"}],"wp:term":[{"taxonomy":"category","embeddable":true,"href":"https:\/\/agora.xtec.cat\/ceipbellpuig\/wp-json\/wp\/v2\/categories?post=2837"},{"taxonomy":"post_tag","embeddable":true,"href":"https:\/\/agora.xtec.cat\/ceipbellpuig\/wp-json\/wp\/v2\/tags?post=2837"}],"curies":[{"name":"wp","href":"https:\/\/api.w.org\/{rel}","templated":true}]}}