{"id":2820,"date":"2019-12-04T10:34:19","date_gmt":"2019-12-04T09:34:19","guid":{"rendered":"http:\/\/agora.xtec.cat\/ceipbellpuig\/?p=2820"},"modified":"2019-12-04T10:34:19","modified_gmt":"2019-12-04T09:34:19","slug":"parts-del-cos-que-no-ens-serveixen-per-a-res","status":"publish","type":"post","link":"https:\/\/agora.xtec.cat\/ceipbellpuig\/portada\/parts-del-cos-que-no-ens-serveixen-per-a-res\/","title":{"rendered":"PARTS DEL COS QUE NO ENS SERVEIXEN PER A RES"},"content":{"rendered":"<p>Avui ens fem ress\u00f2 d\u2019una noticia publicada al gener de 2019 a diferents mitjans de comunicaci\u00f3 en que es parlava de les parts del cos que no ens serveixen per res a l\u2019actualitat.<\/p>\n<p>Des d&#8217;un punt de vista antropol\u00f2gic, es coneix com \u00absobres evolutives\u00bb a les parts de el cos que ja no necessitem per a res. No tenen cap utilitat per a les funcions i activitats que es desenvolupen en la vida actual, segons informava BBC M\u00f3n.<\/p>\n<p>Tot i aix\u00ed, no sempre ha estat aix\u00ed. Abans, en els nostres avantpassats, complien funcions espec\u00edfiques. Ara no tothom les conserva, tal com va revelar Dorsa Amir, un antrop\u00f2loga de l&#8217;evoluci\u00f3 en el Boston College (Estats Units).<\/p>\n<p>Tot seguit us deixo un extracte de l&#8217;article publicat:<\/p>\n<p><strong>Partes del cuerpo que no sirven para nada. <\/strong><\/p>\n<p><strong>Ap\u00e9ndice<\/strong><\/p>\n<p>Este \u00f3rgano tiene la fama de inflamarse o incluso de romperse, por lo cual deben\u00a0<strong>estirp\u00e1rtelo<\/strong>. Situaciones como esta lo han puesto hist\u00f3ricamente como un\u00a0<strong>\u00f3rgano<\/strong>\u00a0<strong>vestigial<\/strong>\u00a0sin funci\u00f3n real.<\/p>\n<p><strong>El m\u00fasculo palmar largo<\/strong><\/p>\n<p>Este m\u00fasculo se encuentra desde la\u00a0<strong>mu\u00f1eca hasta el codo<\/strong>\u00a0y es visible al extender tu brazo con la palma de la mano hacia arriba y unir tu pulgar con tus dedos formando una especie de cono. Eso que ver\u00e1s brotando es el palmar largo. Alrededor del\u00a0<strong>10 %<\/strong>\u00a0de los humanos no lo tienen.<\/p>\n<p>Seg\u00fan Amir este m\u00fasculo est\u00e1 ah\u00ed porque ayud\u00f3 a nuestros ancestros a\u00a0<strong>trepar<\/strong>\u00a0<strong>\u00e1rboles<\/strong>.<\/p>\n<p><strong>Muelas del juicio<\/strong><\/p>\n<p>Llegan a un punto de tu vida en que te pueden generar fuertes dolores por la cual debes sacarlas. A\u00fan as\u00ed las pierdas, no las volver\u00e1s a necesitar.<\/p>\n<p>\u201cDado que ahora\u00a0<strong>comemos alimentos muy blandos\u00a0<\/strong>y que las muelas se usan para moler, ya no las necesitamos\u201d, explica la antrop\u00f3loga.<\/p>\n<p>Para nuestros ancestros, con mand\u00edbulas m\u00e1s potentes, sol\u00edan ser una herramienta \u00fatil para\u00a0<strong>masticar alimentos m\u00e1s duros<\/strong>.<\/p>\n<p><strong>\u00a0<\/strong><strong>La \u2018piel de gallina\u2019<\/strong><\/p>\n<p>A nuestros antepasados, con mucho m\u00e1s vello corporal, les serv\u00edan para situaciones de<strong>\u00a0riesgo o amenaza<\/strong>; los hac\u00eda parecer m\u00e1s grandes al erizarse su pelo.<\/p>\n<p>Esta acci\u00f3n a\u00fan se puede ver en animales (<strong>gatos o erizos)<\/strong>\u00a0cuando se sienten amenazados (proporciona aislamiento). A los humanos poco o nada nos sirve ahora.<\/p>\n<p><strong>\u00a0<\/strong><strong>Cola embrionaria<\/strong><\/p>\n<p>Al momento que un beb\u00e9 se encuentra entre la semana<strong>\u00a0cinco y ocho<\/strong>\u00a0de gestaci\u00f3n, comienza a crecerle una cola que luego desaparece. Hablamos de la\u00a0<strong>cola<\/strong>\u00a0<strong>embrionaria<\/strong>, eso que al nacer se transforma en lo que conocemos ahora como coxis y que no lo empleamos para ninguna acci\u00f3n.<\/p>\n<p>Esta parte ayud\u00f3 a nuestros antepasados a tener equilibrio y moverse cuando a\u00fan and\u00e1bamos en nuestras 4 extremidades (piernas y brazos); esto cambi\u00f3 cuando el ser humano aprendi\u00f3 a\u00a0<strong>caminar erguido en sus dos piernas\u00a0<\/strong>como lo hacemos actualmente.<\/p>\n<p>\u201cA nuestros antepasados \u200b\u200bque ten\u00edan mutaciones que hac\u00edan que no tuvieran cola les iba mejor, y as\u00ed nuestras colas fueron desapareciendo a lo largo de muchas generaciones\u201d.,<\/p>\n<p><strong>\u00a0<\/strong><strong>M\u00fasculo auriculares<\/strong><\/p>\n<p>Seguro alguna vez conociste a alguien que pod\u00eda mover sus orejas. Esta acci\u00f3n es una\u00a0<strong>\u2018cualidad\u2019<\/strong>\u00a0<strong>humana<\/strong>\u00a0que muy pocos poseen, pero a nosotros ya no nos es \u00fatil. En cambio a los mam\u00edferos los ayuda a localizar el sonido y expresar emociones. Dado que tenemos cuellos flexibles, ya no tenemos la necesidad de mover las orejas hacia los sonidos.<\/p>\n<p><strong>\u00a0<\/strong><strong>Pezones (en hombres)<\/strong><\/p>\n<p>Generalmente sabemos que los pezones femeninos son para dar de amamantar, pero \u00bfporqu\u00e9 los hombres los tienen si no pueden dar de amamantar?<\/p>\n<p>Los fetos masculinos y femeninos inicialmente se desarrollan iguales, y es la testosterona la que define la formaci\u00f3n de los \u00f3rganos sexuales masculinos mediante pasa el tiempo.<\/p>\n<p>Sin embargo, los pezones ya han comenzado a desarrollarse antes de que estas hormonas se activen, haciendo que los hombres nazcan con ellos.<\/p>\n<p><strong>\u00a0<\/strong><strong>Tercer p\u00e1rpado<\/strong><\/p>\n<p>Su funci\u00f3n en muchos animales\u00a0<strong>es<\/strong>\u00a0<strong>protectora <\/strong>manteniendo el ojo limpio y h\u00famedo y ocultar el iris de los depredadores.<\/p>\n<p>\u201cNo est\u00e1 exactamente claro por qu\u00e9 los humanos ya no tienen, pero en realidad son raras entre los primates, as\u00ed que debemos haberlos perdido hace mucho tiempo\u201d.<\/p>\n<p>&nbsp;<\/p>\n<p>&nbsp;<\/p>\n","protected":false},"excerpt":{"rendered":"<p>Avui ens fem ress\u00f2 d\u2019una noticia publicada al gener de 2019 a diferents mitjans de comunicaci\u00f3 en que es parlava de les parts del cos que no ens serveixen per res a l\u2019actualitat. Des d&#8217;un punt de vista antropol\u00f2gic, es coneix com \u00absobres evolutives\u00bb a les parts de el cos que ja no necessitem per [&hellip;]<\/p>\n","protected":false},"author":1,"featured_media":0,"comment_status":"open","ping_status":"closed","sticky":false,"template":"","format":"standard","meta":{"_bbp_topic_count":0,"_bbp_reply_count":0,"_bbp_total_topic_count":0,"_bbp_total_reply_count":0,"_bbp_voice_count":0,"_bbp_anonymous_reply_count":0,"_bbp_topic_count_hidden":0,"_bbp_reply_count_hidden":0,"_bbp_forum_subforum_count":0,"site-sidebar-layout":"default","site-content-layout":"","ast-site-content-layout":"","site-content-style":"default","site-sidebar-style":"default","ast-global-header-display":"","ast-banner-title-visibility":"","ast-main-header-display":"","ast-hfb-above-header-display":"","ast-hfb-below-header-display":"","ast-hfb-mobile-header-display":"","site-post-title":"","ast-breadcrumbs-content":"","ast-featured-img":"","footer-sml-layout":"","theme-transparent-header-meta":"","adv-header-id-meta":"","stick-header-meta":"","header-above-stick-meta":"","header-main-stick-meta":"","header-below-stick-meta":"","astra-migrate-meta-layouts":"default","ast-page-background-enabled":"default","ast-page-background-meta":{"desktop":{"background-color":"var(--ast-global-color-4)","background-image":"","background-repeat":"repeat","background-position":"center center","background-size":"auto","background-attachment":"scroll","background-type":"","background-media":"","overlay-type":"","overlay-color":"","overlay-opacity":"","overlay-gradient":""},"tablet":{"background-color":"","background-image":"","background-repeat":"repeat","background-position":"center center","background-size":"auto","background-attachment":"scroll","background-type":"","background-media":"","overlay-type":"","overlay-color":"","overlay-opacity":"","overlay-gradient":""},"mobile":{"background-color":"","background-image":"","background-repeat":"repeat","background-position":"center center","background-size":"auto","background-attachment":"scroll","background-type":"","background-media":"","overlay-type":"","overlay-color":"","overlay-opacity":"","overlay-gradient":""}},"ast-content-background-meta":{"desktop":{"background-color":"var(--ast-global-color-5)","background-image":"","background-repeat":"repeat","background-position":"center center","background-size":"auto","background-attachment":"scroll","background-type":"","background-media":"","overlay-type":"","overlay-color":"","overlay-opacity":"","overlay-gradient":""},"tablet":{"background-color":"var(--ast-global-color-5)","background-image":"","background-repeat":"repeat","background-position":"center center","background-size":"auto","background-attachment":"scroll","background-type":"","background-media":"","overlay-type":"","overlay-color":"","overlay-opacity":"","overlay-gradient":""},"mobile":{"background-color":"var(--ast-global-color-5)","background-image":"","background-repeat":"repeat","background-position":"center center","background-size":"auto","background-attachment":"scroll","background-type":"","background-media":"","overlay-type":"","overlay-color":"","overlay-opacity":"","overlay-gradient":""}},"footnotes":""},"categories":[61,91,4,5],"tags":[],"class_list":["post-2820","post","type-post","status-publish","format-standard","hentry","category-cicle-superior","category-educacio-fisica","category-portada","category-primaria"],"post_mailing_queue_ids":[],"_links":{"self":[{"href":"https:\/\/agora.xtec.cat\/ceipbellpuig\/wp-json\/wp\/v2\/posts\/2820","targetHints":{"allow":["GET"]}}],"collection":[{"href":"https:\/\/agora.xtec.cat\/ceipbellpuig\/wp-json\/wp\/v2\/posts"}],"about":[{"href":"https:\/\/agora.xtec.cat\/ceipbellpuig\/wp-json\/wp\/v2\/types\/post"}],"author":[{"embeddable":true,"href":"https:\/\/agora.xtec.cat\/ceipbellpuig\/wp-json\/wp\/v2\/users\/1"}],"replies":[{"embeddable":true,"href":"https:\/\/agora.xtec.cat\/ceipbellpuig\/wp-json\/wp\/v2\/comments?post=2820"}],"version-history":[{"count":1,"href":"https:\/\/agora.xtec.cat\/ceipbellpuig\/wp-json\/wp\/v2\/posts\/2820\/revisions"}],"predecessor-version":[{"id":2821,"href":"https:\/\/agora.xtec.cat\/ceipbellpuig\/wp-json\/wp\/v2\/posts\/2820\/revisions\/2821"}],"wp:attachment":[{"href":"https:\/\/agora.xtec.cat\/ceipbellpuig\/wp-json\/wp\/v2\/media?parent=2820"}],"wp:term":[{"taxonomy":"category","embeddable":true,"href":"https:\/\/agora.xtec.cat\/ceipbellpuig\/wp-json\/wp\/v2\/categories?post=2820"},{"taxonomy":"post_tag","embeddable":true,"href":"https:\/\/agora.xtec.cat\/ceipbellpuig\/wp-json\/wp\/v2\/tags?post=2820"}],"curies":[{"name":"wp","href":"https:\/\/api.w.org\/{rel}","templated":true}]}}