{"id":2811,"date":"2019-11-29T11:09:55","date_gmt":"2019-11-29T10:09:55","guid":{"rendered":"http:\/\/agora.xtec.cat\/ceipbellpuig\/?p=2811"},"modified":"2019-11-29T11:09:55","modified_gmt":"2019-11-29T10:09:55","slug":"hem-celebrat-santa-cecilia","status":"publish","type":"post","link":"https:\/\/agora.xtec.cat\/ceipbellpuig\/portada\/hem-celebrat-santa-cecilia\/","title":{"rendered":"HEM CELEBRAT SANTA CEC\u00cdLIA"},"content":{"rendered":"<p>La setmana passada va ser una setmana plena d&#8217;activitats musicals. Els nens i nenes de l&#8217;escola van fer concerts a les diferents aules cantant can\u00e7ons en angl\u00e8s i en catal\u00e0, vam gaudir d&#8217;un concert dels nens i nenes que toquen instruments i d&#8217;uns familiars d&#8217;un alumne de l&#8217;escola. Tamb\u00e9 vam veure l&#8217;espectacle d&#8217;en Xavi Lozano i els seus invents musicals. Aquesta setmana s&#8217;han fet tallers d&#8217;instruments inventats pels nens i nenes de 5\u00e8 i 6\u00e8 a les altres classes de prim\u00e0ria. Aqu\u00ed teniu el recull de fotos en els diferents \u00e0lbums.<\/p>\n<p><a href=\"https:\/\/agora.xtec.cat\/ceipbellpuig\/wp-content\/uploads\/usu1575\/2019\/11\/IMG_6492.jpg\"><img loading=\"lazy\" decoding=\"async\" class=\"alignnone size-full wp-image-2812\" src=\"https:\/\/agora.xtec.cat\/ceipbellpuig\/wp-content\/uploads\/usu1575\/2019\/11\/IMG_6492.jpg\" alt=\"\" width=\"903\" height=\"677\" srcset=\"https:\/\/agora.xtec.cat\/ceipbellpuig\/wp-content\/uploads\/usu1575\/2019\/11\/IMG_6492.jpg 903w, https:\/\/agora.xtec.cat\/ceipbellpuig\/wp-content\/uploads\/usu1575\/2019\/11\/IMG_6492-300x225.jpg 300w, https:\/\/agora.xtec.cat\/ceipbellpuig\/wp-content\/uploads\/usu1575\/2019\/11\/IMG_6492-768x576.jpg 768w, https:\/\/agora.xtec.cat\/ceipbellpuig\/wp-content\/uploads\/usu1575\/2019\/11\/IMG_6492-200x150.jpg 200w\" sizes=\"auto, (max-width: 903px) 100vw, 903px\" \/><\/a><\/p>\n<p><a href=\"https:\/\/photos.app.goo.gl\/pmpaWuZ3eiNkfavT8\" target=\"_blank\" rel=\"noopener noreferrer\">Concert de nens a les aules<\/a><\/p>\n<p><a href=\"https:\/\/photos.app.goo.gl\/E83CJGZfVY3Po3LF9\" target=\"_blank\" rel=\"noopener noreferrer\">Concert dels nens i nenes m\u00fasics<\/a><\/p>\n<p><a href=\"https:\/\/photos.app.goo.gl\/z4srwbkD22cDoTZp8\" target=\"_blank\" rel=\"noopener noreferrer\">Concert d&#8217;acordi\u00f3<\/a><\/p>\n<p><a href=\"https:\/\/photos.app.goo.gl\/pVwXqw54HWWNJi2v6\" target=\"_blank\" rel=\"noopener noreferrer\">Espectacle Xavi Lozano<\/a><\/p>\n<p><a href=\"https:\/\/photos.app.goo.gl\/oHENFQ4xxu4xpkai6\" target=\"_blank\" rel=\"noopener noreferrer\">Tallers d&#8217;instruments<\/a><\/p>\n","protected":false},"excerpt":{"rendered":"<p>La setmana passada va ser una setmana plena d&#8217;activitats musicals. Els nens i nenes de l&#8217;escola van fer concerts a les diferents aules cantant can\u00e7ons en angl\u00e8s i en catal\u00e0, vam gaudir d&#8217;un concert dels nens i nenes que toquen instruments i d&#8217;uns familiars d&#8217;un alumne de l&#8217;escola. Tamb\u00e9 vam veure l&#8217;espectacle d&#8217;en Xavi Lozano [&hellip;]<\/p>\n","protected":false},"author":14,"featured_media":0,"comment_status":"open","ping_status":"closed","sticky":false,"template":"","format":"standard","meta":{"_bbp_topic_count":0,"_bbp_reply_count":0,"_bbp_total_topic_count":0,"_bbp_total_reply_count":0,"_bbp_voice_count":0,"_bbp_anonymous_reply_count":0,"_bbp_topic_count_hidden":0,"_bbp_reply_count_hidden":0,"_bbp_forum_subforum_count":0,"site-sidebar-layout":"default","site-content-layout":"","ast-site-content-layout":"","site-content-style":"default","site-sidebar-style":"default","ast-global-header-display":"","ast-banner-title-visibility":"","ast-main-header-display":"","ast-hfb-above-header-display":"","ast-hfb-below-header-display":"","ast-hfb-mobile-header-display":"","site-post-title":"","ast-breadcrumbs-content":"","ast-featured-img":"","footer-sml-layout":"","theme-transparent-header-meta":"","adv-header-id-meta":"","stick-header-meta":"","header-above-stick-meta":"","header-main-stick-meta":"","header-below-stick-meta":"","astra-migrate-meta-layouts":"default","ast-page-background-enabled":"default","ast-page-background-meta":{"desktop":{"background-color":"var(--ast-global-color-4)","background-image":"","background-repeat":"repeat","background-position":"center center","background-size":"auto","background-attachment":"scroll","background-type":"","background-media":"","overlay-type":"","overlay-color":"","overlay-opacity":"","overlay-gradient":""},"tablet":{"background-color":"","background-image":"","background-repeat":"repeat","background-position":"center center","background-size":"auto","background-attachment":"scroll","background-type":"","background-media":"","overlay-type":"","overlay-color":"","overlay-opacity":"","overlay-gradient":""},"mobile":{"background-color":"","background-image":"","background-repeat":"repeat","background-position":"center center","background-size":"auto","background-attachment":"scroll","background-type":"","background-media":"","overlay-type":"","overlay-color":"","overlay-opacity":"","overlay-gradient":""}},"ast-content-background-meta":{"desktop":{"background-color":"var(--ast-global-color-5)","background-image":"","background-repeat":"repeat","background-position":"center center","background-size":"auto","background-attachment":"scroll","background-type":"","background-media":"","overlay-type":"","overlay-color":"","overlay-opacity":"","overlay-gradient":""},"tablet":{"background-color":"var(--ast-global-color-5)","background-image":"","background-repeat":"repeat","background-position":"center center","background-size":"auto","background-attachment":"scroll","background-type":"","background-media":"","overlay-type":"","overlay-color":"","overlay-opacity":"","overlay-gradient":""},"mobile":{"background-color":"var(--ast-global-color-5)","background-image":"","background-repeat":"repeat","background-position":"center center","background-size":"auto","background-attachment":"scroll","background-type":"","background-media":"","overlay-type":"","overlay-color":"","overlay-opacity":"","overlay-gradient":""}},"footnotes":""},"categories":[92,4],"tags":[],"class_list":["post-2811","post","type-post","status-publish","format-standard","hentry","category-musica","category-portada"],"post_mailing_queue_ids":[],"_links":{"self":[{"href":"https:\/\/agora.xtec.cat\/ceipbellpuig\/wp-json\/wp\/v2\/posts\/2811","targetHints":{"allow":["GET"]}}],"collection":[{"href":"https:\/\/agora.xtec.cat\/ceipbellpuig\/wp-json\/wp\/v2\/posts"}],"about":[{"href":"https:\/\/agora.xtec.cat\/ceipbellpuig\/wp-json\/wp\/v2\/types\/post"}],"author":[{"embeddable":true,"href":"https:\/\/agora.xtec.cat\/ceipbellpuig\/wp-json\/wp\/v2\/users\/14"}],"replies":[{"embeddable":true,"href":"https:\/\/agora.xtec.cat\/ceipbellpuig\/wp-json\/wp\/v2\/comments?post=2811"}],"version-history":[{"count":1,"href":"https:\/\/agora.xtec.cat\/ceipbellpuig\/wp-json\/wp\/v2\/posts\/2811\/revisions"}],"predecessor-version":[{"id":2813,"href":"https:\/\/agora.xtec.cat\/ceipbellpuig\/wp-json\/wp\/v2\/posts\/2811\/revisions\/2813"}],"wp:attachment":[{"href":"https:\/\/agora.xtec.cat\/ceipbellpuig\/wp-json\/wp\/v2\/media?parent=2811"}],"wp:term":[{"taxonomy":"category","embeddable":true,"href":"https:\/\/agora.xtec.cat\/ceipbellpuig\/wp-json\/wp\/v2\/categories?post=2811"},{"taxonomy":"post_tag","embeddable":true,"href":"https:\/\/agora.xtec.cat\/ceipbellpuig\/wp-json\/wp\/v2\/tags?post=2811"}],"curies":[{"name":"wp","href":"https:\/\/api.w.org\/{rel}","templated":true}]}}