{"id":2777,"date":"2019-11-22T11:27:23","date_gmt":"2019-11-22T10:27:23","guid":{"rendered":"http:\/\/agora.xtec.cat\/ceipbellpuig\/?p=2777"},"modified":"2019-11-22T11:27:23","modified_gmt":"2019-11-22T10:27:23","slug":"vacunes-amb-colorant-alimentari-i-aigua","status":"publish","type":"post","link":"https:\/\/agora.xtec.cat\/ceipbellpuig\/portada\/vacunes-amb-colorant-alimentari-i-aigua\/","title":{"rendered":"VACUNES AMB COLORANT ALIMENTARI I AIGUA"},"content":{"rendered":"<p>Amb l\u2019alumnat de cicle superior hem parlat de les vacunes (origen, aplicaci\u00f3, tipus&#8230;). . Dilluns es va fer la campanya anual de vacunes a l\u2019escola i va sorgir la idea de poder parlar-ne a educaci\u00f3 f\u00edsica.<\/p>\n<p>Hem fet una activitat explicativa amb colorant alimentari i dues ampolles amb aigua.<\/p>\n<p>La primera ampolla ens hem imaginat que era l\u2019organisme d\u2019una persona. Al introduir-hi unes gotes de colorant alimentari vermell (ens imaginem que \u00e9s per exemple el virus de la grip) i fent la dissoluci\u00f3, l\u2019aigua quedava tintada de color vermell. Aix\u00f2 volia dir que el virus havia entrat al cos de la persona i que com a conseq\u00fc\u00e8ncia es posava malalta.<\/p>\n<p>Tot seguit hem agafat la segona ampolla i hem introdu\u00eft color alimentari per\u00f2 amb menor proporci\u00f3. Observant la dissoluci\u00f3 no es podia apreciar el color vermell tot i que sab\u00edem que el virus hi era present. Aix\u00ed hem ent\u00e8s que quan ens vacunem, ens entra a l\u2019organisme una petita proporci\u00f3 de virus que podem \u201cassimilar\u201d i desenvolupar anticossos per poder combatre\u2019l.<\/p>\n<p>Tamb\u00e9 hem fet un petit debat per valorar si realment son efectives o no les vacunes. Hi ha corrents socials que defensen que les vacunes no son necess\u00e0ries ja que es considera que contenen subst\u00e0ncies t\u00f2xiques, que els efectes secundaris poden ser pitjors que les pr\u00f2pies malalties o que hi ha un monopoli farmac\u00e8utic al darrera.<\/p>\n","protected":false},"excerpt":{"rendered":"<p>Amb l\u2019alumnat de cicle superior hem parlat de les vacunes (origen, aplicaci\u00f3, tipus&#8230;). . Dilluns es va fer la campanya anual de vacunes a l\u2019escola i va sorgir la idea de poder parlar-ne a educaci\u00f3 f\u00edsica. Hem fet una activitat explicativa amb colorant alimentari i dues ampolles amb aigua. La primera ampolla ens hem imaginat [&hellip;]<\/p>\n","protected":false},"author":1,"featured_media":0,"comment_status":"open","ping_status":"closed","sticky":false,"template":"","format":"standard","meta":{"_bbp_topic_count":0,"_bbp_reply_count":0,"_bbp_total_topic_count":0,"_bbp_total_reply_count":0,"_bbp_voice_count":0,"_bbp_anonymous_reply_count":0,"_bbp_topic_count_hidden":0,"_bbp_reply_count_hidden":0,"_bbp_forum_subforum_count":0,"site-sidebar-layout":"default","site-content-layout":"","ast-site-content-layout":"","site-content-style":"default","site-sidebar-style":"default","ast-global-header-display":"","ast-banner-title-visibility":"","ast-main-header-display":"","ast-hfb-above-header-display":"","ast-hfb-below-header-display":"","ast-hfb-mobile-header-display":"","site-post-title":"","ast-breadcrumbs-content":"","ast-featured-img":"","footer-sml-layout":"","theme-transparent-header-meta":"","adv-header-id-meta":"","stick-header-meta":"","header-above-stick-meta":"","header-main-stick-meta":"","header-below-stick-meta":"","astra-migrate-meta-layouts":"default","ast-page-background-enabled":"default","ast-page-background-meta":{"desktop":{"background-color":"var(--ast-global-color-4)","background-image":"","background-repeat":"repeat","background-position":"center center","background-size":"auto","background-attachment":"scroll","background-type":"","background-media":"","overlay-type":"","overlay-color":"","overlay-opacity":"","overlay-gradient":""},"tablet":{"background-color":"","background-image":"","background-repeat":"repeat","background-position":"center center","background-size":"auto","background-attachment":"scroll","background-type":"","background-media":"","overlay-type":"","overlay-color":"","overlay-opacity":"","overlay-gradient":""},"mobile":{"background-color":"","background-image":"","background-repeat":"repeat","background-position":"center center","background-size":"auto","background-attachment":"scroll","background-type":"","background-media":"","overlay-type":"","overlay-color":"","overlay-opacity":"","overlay-gradient":""}},"ast-content-background-meta":{"desktop":{"background-color":"var(--ast-global-color-5)","background-image":"","background-repeat":"repeat","background-position":"center center","background-size":"auto","background-attachment":"scroll","background-type":"","background-media":"","overlay-type":"","overlay-color":"","overlay-opacity":"","overlay-gradient":""},"tablet":{"background-color":"var(--ast-global-color-5)","background-image":"","background-repeat":"repeat","background-position":"center center","background-size":"auto","background-attachment":"scroll","background-type":"","background-media":"","overlay-type":"","overlay-color":"","overlay-opacity":"","overlay-gradient":""},"mobile":{"background-color":"var(--ast-global-color-5)","background-image":"","background-repeat":"repeat","background-position":"center center","background-size":"auto","background-attachment":"scroll","background-type":"","background-media":"","overlay-type":"","overlay-color":"","overlay-opacity":"","overlay-gradient":""}},"footnotes":""},"categories":[61,91,4],"tags":[],"class_list":["post-2777","post","type-post","status-publish","format-standard","hentry","category-cicle-superior","category-educacio-fisica","category-portada"],"post_mailing_queue_ids":[],"_links":{"self":[{"href":"https:\/\/agora.xtec.cat\/ceipbellpuig\/wp-json\/wp\/v2\/posts\/2777","targetHints":{"allow":["GET"]}}],"collection":[{"href":"https:\/\/agora.xtec.cat\/ceipbellpuig\/wp-json\/wp\/v2\/posts"}],"about":[{"href":"https:\/\/agora.xtec.cat\/ceipbellpuig\/wp-json\/wp\/v2\/types\/post"}],"author":[{"embeddable":true,"href":"https:\/\/agora.xtec.cat\/ceipbellpuig\/wp-json\/wp\/v2\/users\/1"}],"replies":[{"embeddable":true,"href":"https:\/\/agora.xtec.cat\/ceipbellpuig\/wp-json\/wp\/v2\/comments?post=2777"}],"version-history":[{"count":1,"href":"https:\/\/agora.xtec.cat\/ceipbellpuig\/wp-json\/wp\/v2\/posts\/2777\/revisions"}],"predecessor-version":[{"id":2778,"href":"https:\/\/agora.xtec.cat\/ceipbellpuig\/wp-json\/wp\/v2\/posts\/2777\/revisions\/2778"}],"wp:attachment":[{"href":"https:\/\/agora.xtec.cat\/ceipbellpuig\/wp-json\/wp\/v2\/media?parent=2777"}],"wp:term":[{"taxonomy":"category","embeddable":true,"href":"https:\/\/agora.xtec.cat\/ceipbellpuig\/wp-json\/wp\/v2\/categories?post=2777"},{"taxonomy":"post_tag","embeddable":true,"href":"https:\/\/agora.xtec.cat\/ceipbellpuig\/wp-json\/wp\/v2\/tags?post=2777"}],"curies":[{"name":"wp","href":"https:\/\/api.w.org\/{rel}","templated":true}]}}