{"id":2760,"date":"2019-11-16T22:05:56","date_gmt":"2019-11-16T21:05:56","guid":{"rendered":"http:\/\/agora.xtec.cat\/ceipbellpuig\/?p=2760"},"modified":"2019-11-16T22:05:56","modified_gmt":"2019-11-16T21:05:56","slug":"microorganismes","status":"publish","type":"post","link":"https:\/\/agora.xtec.cat\/ceipbellpuig\/nivells\/petits\/microorganismes\/","title":{"rendered":"MICROORGANISMES"},"content":{"rendered":"<p>El passat 8 de novembre els nens i nenes de P4 i P5 vam anar a la UVIC a fer un taller sobre microorganismes.<\/p>\n<p>Ens van explicar que s\u00f3n tan petits que no els podem veure a simple vista, necessitem un microscopi o aparell que augmenti molt el que veiem.<\/p>\n<p>Vam aprendre que a les nostres mans hi poden haver molts microbis i per aix\u00f2 \u00e9s molt important que ens rentem abans de menjar.<\/p>\n<p><a href=\"https:\/\/photos.app.goo.gl\/aFRxXywKheUMdYB87\" target=\"_blank\" rel=\"noopener noreferrer\">https:\/\/photos.app.goo.gl\/aFRxXywKheUMdYB87<\/a><\/p>\n<p>A classe vam pensar que potser podriem veure microorganismes si deixavem florir alguna fruita i verdura i tamb\u00e9 pa. La veritat \u00e9s que nom\u00e9s es va florir el tom\u00e0quet i la taronja, el pa es va assecar i el pl\u00e0tan nom\u00e9s es va tornar de color marr\u00f3.<\/p>\n<p>Vam connectar la lupa al projector i vam poder veure la descomposici\u00f3 molt b\u00e9, per\u00f2 no els microorganismes.<a href=\"https:\/\/agora.xtec.cat\/ceipbellpuig\/wp-content\/uploads\/usu1575\/2019\/11\/TOMAQUET-1.jpg\"><img loading=\"lazy\" decoding=\"async\" class=\"alignnone size-full wp-image-2762\" src=\"https:\/\/agora.xtec.cat\/ceipbellpuig\/wp-content\/uploads\/usu1575\/2019\/11\/TOMAQUET-1.jpg\" alt=\"\" width=\"640\" height=\"480\" srcset=\"https:\/\/agora.xtec.cat\/ceipbellpuig\/wp-content\/uploads\/usu1575\/2019\/11\/TOMAQUET-1.jpg 640w, https:\/\/agora.xtec.cat\/ceipbellpuig\/wp-content\/uploads\/usu1575\/2019\/11\/TOMAQUET-1-300x225.jpg 300w, https:\/\/agora.xtec.cat\/ceipbellpuig\/wp-content\/uploads\/usu1575\/2019\/11\/TOMAQUET-1-200x150.jpg 200w\" sizes=\"auto, (max-width: 640px) 100vw, 640px\" \/><\/a><\/p>\n<p><a href=\"https:\/\/photos.app.goo.gl\/SZNvPLHQL5Gvmb357\" target=\"_blank\" rel=\"noopener noreferrer\">FOTOS A CLASSE<\/a><\/p>\n<p>Haurem de fer un altre intent amb el microscopi<\/p>\n<p>&nbsp;<\/p>\n","protected":false},"excerpt":{"rendered":"<p>El passat 8 de novembre els nens i nenes de P4 i P5 vam anar a la UVIC a fer un taller sobre microorganismes. Ens van explicar que s\u00f3n tan petits que no els podem veure a simple vista, necessitem un microscopi o aparell que augmenti molt el que veiem. Vam aprendre que a les [&hellip;]<\/p>\n","protected":false},"author":1,"featured_media":2761,"comment_status":"open","ping_status":"closed","sticky":false,"template":"","format":"standard","meta":{"_bbp_topic_count":0,"_bbp_reply_count":0,"_bbp_total_topic_count":0,"_bbp_total_reply_count":0,"_bbp_voice_count":0,"_bbp_anonymous_reply_count":0,"_bbp_topic_count_hidden":0,"_bbp_reply_count_hidden":0,"_bbp_forum_subforum_count":0,"site-sidebar-layout":"default","site-content-layout":"","ast-site-content-layout":"","site-content-style":"default","site-sidebar-style":"default","ast-global-header-display":"","ast-banner-title-visibility":"","ast-main-header-display":"","ast-hfb-above-header-display":"","ast-hfb-below-header-display":"","ast-hfb-mobile-header-display":"","site-post-title":"","ast-breadcrumbs-content":"","ast-featured-img":"","footer-sml-layout":"","theme-transparent-header-meta":"","adv-header-id-meta":"","stick-header-meta":"","header-above-stick-meta":"","header-main-stick-meta":"","header-below-stick-meta":"","astra-migrate-meta-layouts":"default","ast-page-background-enabled":"default","ast-page-background-meta":{"desktop":{"background-color":"var(--ast-global-color-4)","background-image":"","background-repeat":"repeat","background-position":"center center","background-size":"auto","background-attachment":"scroll","background-type":"","background-media":"","overlay-type":"","overlay-color":"","overlay-opacity":"","overlay-gradient":""},"tablet":{"background-color":"","background-image":"","background-repeat":"repeat","background-position":"center center","background-size":"auto","background-attachment":"scroll","background-type":"","background-media":"","overlay-type":"","overlay-color":"","overlay-opacity":"","overlay-gradient":""},"mobile":{"background-color":"","background-image":"","background-repeat":"repeat","background-position":"center center","background-size":"auto","background-attachment":"scroll","background-type":"","background-media":"","overlay-type":"","overlay-color":"","overlay-opacity":"","overlay-gradient":""}},"ast-content-background-meta":{"desktop":{"background-color":"var(--ast-global-color-5)","background-image":"","background-repeat":"repeat","background-position":"center center","background-size":"auto","background-attachment":"scroll","background-type":"","background-media":"","overlay-type":"","overlay-color":"","overlay-opacity":"","overlay-gradient":""},"tablet":{"background-color":"var(--ast-global-color-5)","background-image":"","background-repeat":"repeat","background-position":"center center","background-size":"auto","background-attachment":"scroll","background-type":"","background-media":"","overlay-type":"","overlay-color":"","overlay-opacity":"","overlay-gradient":""},"mobile":{"background-color":"var(--ast-global-color-5)","background-image":"","background-repeat":"repeat","background-position":"center center","background-size":"auto","background-attachment":"scroll","background-type":"","background-media":"","overlay-type":"","overlay-color":"","overlay-opacity":"","overlay-gradient":""}},"footnotes":""},"categories":[74,2,4],"tags":[],"class_list":["post-2760","post","type-post","status-publish","format-standard","has-post-thumbnail","hentry","category-activitats","category-petits","category-portada"],"post_mailing_queue_ids":[],"_links":{"self":[{"href":"https:\/\/agora.xtec.cat\/ceipbellpuig\/wp-json\/wp\/v2\/posts\/2760","targetHints":{"allow":["GET"]}}],"collection":[{"href":"https:\/\/agora.xtec.cat\/ceipbellpuig\/wp-json\/wp\/v2\/posts"}],"about":[{"href":"https:\/\/agora.xtec.cat\/ceipbellpuig\/wp-json\/wp\/v2\/types\/post"}],"author":[{"embeddable":true,"href":"https:\/\/agora.xtec.cat\/ceipbellpuig\/wp-json\/wp\/v2\/users\/1"}],"replies":[{"embeddable":true,"href":"https:\/\/agora.xtec.cat\/ceipbellpuig\/wp-json\/wp\/v2\/comments?post=2760"}],"version-history":[{"count":1,"href":"https:\/\/agora.xtec.cat\/ceipbellpuig\/wp-json\/wp\/v2\/posts\/2760\/revisions"}],"predecessor-version":[{"id":2763,"href":"https:\/\/agora.xtec.cat\/ceipbellpuig\/wp-json\/wp\/v2\/posts\/2760\/revisions\/2763"}],"wp:featuredmedia":[{"embeddable":true,"href":"https:\/\/agora.xtec.cat\/ceipbellpuig\/wp-json\/wp\/v2\/media\/2761"}],"wp:attachment":[{"href":"https:\/\/agora.xtec.cat\/ceipbellpuig\/wp-json\/wp\/v2\/media?parent=2760"}],"wp:term":[{"taxonomy":"category","embeddable":true,"href":"https:\/\/agora.xtec.cat\/ceipbellpuig\/wp-json\/wp\/v2\/categories?post=2760"},{"taxonomy":"post_tag","embeddable":true,"href":"https:\/\/agora.xtec.cat\/ceipbellpuig\/wp-json\/wp\/v2\/tags?post=2760"}],"curies":[{"name":"wp","href":"https:\/\/api.w.org\/{rel}","templated":true}]}}