{"id":2735,"date":"2019-11-14T22:01:00","date_gmt":"2019-11-14T21:01:00","guid":{"rendered":"http:\/\/agora.xtec.cat\/ceipbellpuig\/?p=2735"},"modified":"2020-03-09T16:59:26","modified_gmt":"2020-03-09T15:59:26","slug":"aiguabarreig-dactivitats-de-la-setmana-de-la-ciencia-a-2n","status":"publish","type":"post","link":"https:\/\/agora.xtec.cat\/ceipbellpuig\/portada\/aiguabarreig-dactivitats-de-la-setmana-de-la-ciencia-a-2n\/","title":{"rendered":"AIGUABARREIG D&#8217;ACTIVITATS DE LA SETMANA DE LA CI\u00c8NCIA A 2n"},"content":{"rendered":"<p>Aquesta setmana, aprofitant la setmana de la ci\u00e8ncia, les nenes i nens de 2n hem portat\u00a0 a terme un aiguabarreig d\u2019activitats que ens han perm\u00e8s adquirir m\u00e9s cultura i coneixement cient\u00edfic de manera divertida. La Setmana de la Ci\u00e8ncia \u00e9s un esdeveniment europeu molt important pel qu\u00e8 fa a la comunicaci\u00f3 social de la ci\u00e8ncia i la tecnologia. Per aquest motiu, des de l\u2019escola hem portat a terme diferents activitats per potenciar el coneixement cient\u00edfic dels infants.<\/p>\n<p>El dimarts, vam anar a dins del planetari que tenim muntat al gimn\u00e0s de l\u2019escola. Vam aprendre els punts cardinals, qu\u00e8 era una constel\u00b7laci\u00f3, qu\u00e8 \u00e9s un estel fuga\u00e7, qu\u00e8 podem veure a les nits de les diferents estacions&#8230; i a mirar-nos el cel amb uns ulls m\u00e9s curiosos.<\/p>\n<p>El dimecres 13, vam assistir a un taller elaborat per la UVIC dels ratpenats. En Ferran, un estudiant de biologia, ens va explicar qu\u00e8 eren els ratpenats, de qu\u00e8 s\u2019alimenten, les esp\u00e8cies, costums &#8230; i quins beneficis aporten. Hem quedat parats d\u2019aprendre tantes coses! I a m\u00e9s a m\u00e9s vam poder veure una caixa niu de ratpenats. Ens ho vam passar pipa i vam aprendre molt!<\/p>\n<p>A grups de lectura, aprofitant la setmana hem comen\u00e7at a llegir el llibre: Els capgrossos es queden sense aigua. Hem parlat de la metamorfosi de les granotes i gripaus, dels seus h\u00e0bits, la seva alimentaci\u00f3, etc.<\/p>\n<p>A tallers d\u2019experiments dels mitjans, durant aquests dies, hem portat a terme diferents activitats cient\u00edfiques:\u00a0 l\u2019electricitat, el magnetisme i els volcans. Encara ens falta la for\u00e7a de l\u2019aire i la tensi\u00f3 superficial dels l\u00edquids que farem la setmana vinent.<\/p>\n<p>Per veure m\u00e9s fotos cliqueu el seguent enlla\u00e7 o a la imatge <a href=\"https:\/\/photos.app.goo.gl\/f1ymStFw8qeE69fH6\" target=\"_blank\" rel=\"noopener noreferrer\"><em><strong>Taller d&#8217;experiments<\/strong><\/em><\/a><\/p>\n<p><a href=\"https:\/\/photos.app.goo.gl\/f1ymStFw8qeE69fH6\" target=\"_blank\" rel=\"noopener noreferrer\"><img loading=\"lazy\" decoding=\"async\" class=\"alignnone wp-image-2740\" src=\"https:\/\/agora.xtec.cat\/ceipbellpuig\/wp-content\/uploads\/usu1575\/2019\/11\/EXPERIMENTS-1024x576.jpg\" alt=\"\" width=\"488\" height=\"274\" srcset=\"https:\/\/agora.xtec.cat\/ceipbellpuig\/wp-content\/uploads\/usu1575\/2019\/11\/EXPERIMENTS-1024x576.jpg 1024w, https:\/\/agora.xtec.cat\/ceipbellpuig\/wp-content\/uploads\/usu1575\/2019\/11\/EXPERIMENTS-300x169.jpg 300w, https:\/\/agora.xtec.cat\/ceipbellpuig\/wp-content\/uploads\/usu1575\/2019\/11\/EXPERIMENTS-768x432.jpg 768w, https:\/\/agora.xtec.cat\/ceipbellpuig\/wp-content\/uploads\/usu1575\/2019\/11\/EXPERIMENTS.jpg 1421w\" sizes=\"auto, (max-width: 488px) 100vw, 488px\" \/><\/a><\/p>\n<p>Avui, els alumnes de 4t estaven treballant amb el Pro-Bot. Com que el Pro-Bot \u00e9s un cotxe han pensat amb nosaltres i ens han vingut a buscar a la classe. La Bruna ens ha explicat com funcionava i ens ho ha deixat provar. S\u00f3n una mica diferents dels Bee-Boot que utilitzem a tallers. Ens ha encantat veure com aquest cotxe feia camins a partir de les ordes que li don\u00e0vem.<\/p>\n<p>Encara no s\u2019ha acabat la setmana,&#8230; per\u00f2 ens ha encantat poder experimentar i aprendre coses noves!!!<\/p>\n<p>Per veure m\u00e9s imatges cliequeu a la foto o a l&#8217;enlla\u00e7\u00a0 \u00a0<a href=\"https:\/\/photos.app.goo.gl\/ui9T9gnWvTBYZCSK6\" target=\"_blank\" rel=\"noopener noreferrer\"><em><strong>Setmana de la Ci\u00e8ncia 2n<\/strong><\/em><\/a><\/p>\n<p><a href=\"https:\/\/photos.app.goo.gl\/ui9T9gnWvTBYZCSK6\" target=\"_blank\" rel=\"noopener noreferrer\"><img loading=\"lazy\" decoding=\"async\" class=\"alignnone wp-image-2739\" src=\"https:\/\/agora.xtec.cat\/ceipbellpuig\/wp-content\/uploads\/usu1575\/2019\/11\/ratpenat-petit-1024x662.jpg\" alt=\"\" width=\"444\" height=\"287\" srcset=\"https:\/\/agora.xtec.cat\/ceipbellpuig\/wp-content\/uploads\/usu1575\/2019\/11\/ratpenat-petit-1024x662.jpg 1024w, https:\/\/agora.xtec.cat\/ceipbellpuig\/wp-content\/uploads\/usu1575\/2019\/11\/ratpenat-petit-300x194.jpg 300w, https:\/\/agora.xtec.cat\/ceipbellpuig\/wp-content\/uploads\/usu1575\/2019\/11\/ratpenat-petit-768x496.jpg 768w, https:\/\/agora.xtec.cat\/ceipbellpuig\/wp-content\/uploads\/usu1575\/2019\/11\/ratpenat-petit.jpg 1585w\" sizes=\"auto, (max-width: 444px) 100vw, 444px\" \/><\/a><\/p>\n","protected":false},"excerpt":{"rendered":"<p>Aquesta setmana, aprofitant la setmana de la ci\u00e8ncia, les nenes i nens de 2n hem portat\u00a0 a terme un aiguabarreig d\u2019activitats que ens han perm\u00e8s adquirir m\u00e9s cultura i coneixement cient\u00edfic de manera divertida. La Setmana de la Ci\u00e8ncia \u00e9s un esdeveniment europeu molt important pel qu\u00e8 fa a la comunicaci\u00f3 social de la ci\u00e8ncia [&hellip;]<\/p>\n","protected":false},"author":4,"featured_media":0,"comment_status":"open","ping_status":"closed","sticky":false,"template":"","format":"standard","meta":{"_bbp_topic_count":0,"_bbp_reply_count":0,"_bbp_total_topic_count":0,"_bbp_total_reply_count":0,"_bbp_voice_count":0,"_bbp_anonymous_reply_count":0,"_bbp_topic_count_hidden":0,"_bbp_reply_count_hidden":0,"_bbp_forum_subforum_count":0,"site-sidebar-layout":"default","site-content-layout":"","ast-site-content-layout":"","site-content-style":"default","site-sidebar-style":"default","ast-global-header-display":"","ast-banner-title-visibility":"","ast-main-header-display":"","ast-hfb-above-header-display":"","ast-hfb-below-header-display":"","ast-hfb-mobile-header-display":"","site-post-title":"","ast-breadcrumbs-content":"","ast-featured-img":"","footer-sml-layout":"","theme-transparent-header-meta":"","adv-header-id-meta":"","stick-header-meta":"","header-above-stick-meta":"","header-main-stick-meta":"","header-below-stick-meta":"","astra-migrate-meta-layouts":"default","ast-page-background-enabled":"default","ast-page-background-meta":{"desktop":{"background-color":"var(--ast-global-color-4)","background-image":"","background-repeat":"repeat","background-position":"center center","background-size":"auto","background-attachment":"scroll","background-type":"","background-media":"","overlay-type":"","overlay-color":"","overlay-opacity":"","overlay-gradient":""},"tablet":{"background-color":"","background-image":"","background-repeat":"repeat","background-position":"center center","background-size":"auto","background-attachment":"scroll","background-type":"","background-media":"","overlay-type":"","overlay-color":"","overlay-opacity":"","overlay-gradient":""},"mobile":{"background-color":"","background-image":"","background-repeat":"repeat","background-position":"center center","background-size":"auto","background-attachment":"scroll","background-type":"","background-media":"","overlay-type":"","overlay-color":"","overlay-opacity":"","overlay-gradient":""}},"ast-content-background-meta":{"desktop":{"background-color":"var(--ast-global-color-5)","background-image":"","background-repeat":"repeat","background-position":"center center","background-size":"auto","background-attachment":"scroll","background-type":"","background-media":"","overlay-type":"","overlay-color":"","overlay-opacity":"","overlay-gradient":""},"tablet":{"background-color":"var(--ast-global-color-5)","background-image":"","background-repeat":"repeat","background-position":"center center","background-size":"auto","background-attachment":"scroll","background-type":"","background-media":"","overlay-type":"","overlay-color":"","overlay-opacity":"","overlay-gradient":""},"mobile":{"background-color":"var(--ast-global-color-5)","background-image":"","background-repeat":"repeat","background-position":"center center","background-size":"auto","background-attachment":"scroll","background-type":"","background-media":"","overlay-type":"","overlay-color":"","overlay-opacity":"","overlay-gradient":""}},"footnotes":""},"categories":[59,287,4],"tags":[],"class_list":["post-2735","post","type-post","status-publish","format-standard","hentry","category-cicle-inicial","category-mitjans","category-portada"],"post_mailing_queue_ids":[],"_links":{"self":[{"href":"https:\/\/agora.xtec.cat\/ceipbellpuig\/wp-json\/wp\/v2\/posts\/2735","targetHints":{"allow":["GET"]}}],"collection":[{"href":"https:\/\/agora.xtec.cat\/ceipbellpuig\/wp-json\/wp\/v2\/posts"}],"about":[{"href":"https:\/\/agora.xtec.cat\/ceipbellpuig\/wp-json\/wp\/v2\/types\/post"}],"author":[{"embeddable":true,"href":"https:\/\/agora.xtec.cat\/ceipbellpuig\/wp-json\/wp\/v2\/users\/4"}],"replies":[{"embeddable":true,"href":"https:\/\/agora.xtec.cat\/ceipbellpuig\/wp-json\/wp\/v2\/comments?post=2735"}],"version-history":[{"count":2,"href":"https:\/\/agora.xtec.cat\/ceipbellpuig\/wp-json\/wp\/v2\/posts\/2735\/revisions"}],"predecessor-version":[{"id":2744,"href":"https:\/\/agora.xtec.cat\/ceipbellpuig\/wp-json\/wp\/v2\/posts\/2735\/revisions\/2744"}],"wp:attachment":[{"href":"https:\/\/agora.xtec.cat\/ceipbellpuig\/wp-json\/wp\/v2\/media?parent=2735"}],"wp:term":[{"taxonomy":"category","embeddable":true,"href":"https:\/\/agora.xtec.cat\/ceipbellpuig\/wp-json\/wp\/v2\/categories?post=2735"},{"taxonomy":"post_tag","embeddable":true,"href":"https:\/\/agora.xtec.cat\/ceipbellpuig\/wp-json\/wp\/v2\/tags?post=2735"}],"curies":[{"name":"wp","href":"https:\/\/api.w.org\/{rel}","templated":true}]}}