{"id":2732,"date":"2019-11-14T14:30:49","date_gmt":"2019-11-14T13:30:49","guid":{"rendered":"http:\/\/agora.xtec.cat\/ceipbellpuig\/?p=2732"},"modified":"2019-11-14T14:30:49","modified_gmt":"2019-11-14T13:30:49","slug":"el-cel-ha-entrat-a-lescola","status":"publish","type":"post","link":"https:\/\/agora.xtec.cat\/ceipbellpuig\/general\/el-cel-ha-entrat-a-lescola\/","title":{"rendered":"EL CEL HA ENTRAT A L&#8217;ESCOLA"},"content":{"rendered":"<p>Aquests dies, en el marc de les activitats programades durant la Setmana de la Ci\u00e8ncia, els alumnes de 3r i el conjunt de tota l\u2019escola hem pogut gaudir d\u2019un planetari!!! S\u00ed, s\u00ed, d\u2019un planetari espectacular, cedit per EduCaixa.<\/p>\n<p>Molt afortunats nosaltres, ja que hem gaudit de totes les projeccions que ens oferia aquest planetari amb el qual hem observat els diferents cels: el de la tardor, hivern, primavera i estiu. Tots!!!!!!<\/p>\n<p>Val a dir, que ha estat una eina pedag\u00f2gica que ens ha ajudat a entendre i aprendre molt m\u00e9s el nostre Sistema Solar.<\/p>\n<p>Tamb\u00e9 hem apr\u00e8s coses molt interessants, com ara, que la Lluna tamb\u00e9 surt de dia, que en funci\u00f3 de en quin hemisferi ens trobem veurem unes constel\u00b7lacions o unes altres. Aiiiii, les constel\u00b7lacions, com ens han agradat!!!!<\/p>\n<p>Tamb\u00e9 juntament amb el planetari hem rebut altres eines que ens han estat de molta utilitat; una lluna interactiva per treballar les diferents fases del sat\u00e8l\u00b7lit, un globus terraq\u00fci, un sistema solar en miniatura i un bon reguitzell de lectures relacionades amb el Sistema Solar.<\/p>\n<p>I per acabar, ens acomiadem \u00a0tal i com fan les projeccions en el planetari.<\/p>\n<p><strong>\u201c Que tinguem nits fosques\u00a0 i serenes per poder observar b\u00e9 el cel. \u201d<\/strong><\/p>\n<p><a href=\"https:\/\/photos.app.goo.gl\/Y4SuGJrcdCSjdhS68\" target=\"_blank\" rel=\"noopener noreferrer\">Podeu veure les fotos clicant aqu\u00ed<\/a><\/p>\n","protected":false},"excerpt":{"rendered":"<p>Aquests dies, en el marc de les activitats programades durant la Setmana de la Ci\u00e8ncia, els alumnes de 3r i el conjunt de tota l\u2019escola hem pogut gaudir d\u2019un planetari!!! S\u00ed, s\u00ed, d\u2019un planetari espectacular, cedit per EduCaixa. Molt afortunats nosaltres, ja que hem gaudit de totes les projeccions que ens oferia aquest planetari amb [&hellip;]<\/p>\n","protected":false},"author":1,"featured_media":2734,"comment_status":"open","ping_status":"closed","sticky":false,"template":"","format":"standard","meta":{"_bbp_topic_count":0,"_bbp_reply_count":0,"_bbp_total_topic_count":0,"_bbp_total_reply_count":0,"_bbp_voice_count":0,"_bbp_anonymous_reply_count":0,"_bbp_topic_count_hidden":0,"_bbp_reply_count_hidden":0,"_bbp_forum_subforum_count":0,"site-sidebar-layout":"default","site-content-layout":"","ast-site-content-layout":"","site-content-style":"default","site-sidebar-style":"default","ast-global-header-display":"","ast-banner-title-visibility":"","ast-main-header-display":"","ast-hfb-above-header-display":"","ast-hfb-below-header-display":"","ast-hfb-mobile-header-display":"","site-post-title":"","ast-breadcrumbs-content":"","ast-featured-img":"","footer-sml-layout":"","theme-transparent-header-meta":"","adv-header-id-meta":"","stick-header-meta":"","header-above-stick-meta":"","header-main-stick-meta":"","header-below-stick-meta":"","astra-migrate-meta-layouts":"default","ast-page-background-enabled":"default","ast-page-background-meta":{"desktop":{"background-color":"var(--ast-global-color-4)","background-image":"","background-repeat":"repeat","background-position":"center center","background-size":"auto","background-attachment":"scroll","background-type":"","background-media":"","overlay-type":"","overlay-color":"","overlay-opacity":"","overlay-gradient":""},"tablet":{"background-color":"","background-image":"","background-repeat":"repeat","background-position":"center center","background-size":"auto","background-attachment":"scroll","background-type":"","background-media":"","overlay-type":"","overlay-color":"","overlay-opacity":"","overlay-gradient":""},"mobile":{"background-color":"","background-image":"","background-repeat":"repeat","background-position":"center center","background-size":"auto","background-attachment":"scroll","background-type":"","background-media":"","overlay-type":"","overlay-color":"","overlay-opacity":"","overlay-gradient":""}},"ast-content-background-meta":{"desktop":{"background-color":"var(--ast-global-color-5)","background-image":"","background-repeat":"repeat","background-position":"center center","background-size":"auto","background-attachment":"scroll","background-type":"","background-media":"","overlay-type":"","overlay-color":"","overlay-opacity":"","overlay-gradient":""},"tablet":{"background-color":"var(--ast-global-color-5)","background-image":"","background-repeat":"repeat","background-position":"center center","background-size":"auto","background-attachment":"scroll","background-type":"","background-media":"","overlay-type":"","overlay-color":"","overlay-opacity":"","overlay-gradient":""},"mobile":{"background-color":"var(--ast-global-color-5)","background-image":"","background-repeat":"repeat","background-position":"center center","background-size":"auto","background-attachment":"scroll","background-type":"","background-media":"","overlay-type":"","overlay-color":"","overlay-opacity":"","overlay-gradient":""}},"footnotes":""},"categories":[74,60,64,1,287,4,5],"tags":[297,77,298,299],"class_list":["post-2732","post","type-post","status-publish","format-standard","has-post-thumbnail","hentry","category-activitats","category-cicle-mitja","category-escola-bellpuig","category-general","category-mitjans","category-portada","category-primaria","tag-3r","tag-escola-bellpuig","tag-mitjans","tag-setmana-de-la-ciencia"],"post_mailing_queue_ids":[],"_links":{"self":[{"href":"https:\/\/agora.xtec.cat\/ceipbellpuig\/wp-json\/wp\/v2\/posts\/2732","targetHints":{"allow":["GET"]}}],"collection":[{"href":"https:\/\/agora.xtec.cat\/ceipbellpuig\/wp-json\/wp\/v2\/posts"}],"about":[{"href":"https:\/\/agora.xtec.cat\/ceipbellpuig\/wp-json\/wp\/v2\/types\/post"}],"author":[{"embeddable":true,"href":"https:\/\/agora.xtec.cat\/ceipbellpuig\/wp-json\/wp\/v2\/users\/1"}],"replies":[{"embeddable":true,"href":"https:\/\/agora.xtec.cat\/ceipbellpuig\/wp-json\/wp\/v2\/comments?post=2732"}],"version-history":[{"count":1,"href":"https:\/\/agora.xtec.cat\/ceipbellpuig\/wp-json\/wp\/v2\/posts\/2732\/revisions"}],"predecessor-version":[{"id":2733,"href":"https:\/\/agora.xtec.cat\/ceipbellpuig\/wp-json\/wp\/v2\/posts\/2732\/revisions\/2733"}],"wp:featuredmedia":[{"embeddable":true,"href":"https:\/\/agora.xtec.cat\/ceipbellpuig\/wp-json\/wp\/v2\/media\/2734"}],"wp:attachment":[{"href":"https:\/\/agora.xtec.cat\/ceipbellpuig\/wp-json\/wp\/v2\/media?parent=2732"}],"wp:term":[{"taxonomy":"category","embeddable":true,"href":"https:\/\/agora.xtec.cat\/ceipbellpuig\/wp-json\/wp\/v2\/categories?post=2732"},{"taxonomy":"post_tag","embeddable":true,"href":"https:\/\/agora.xtec.cat\/ceipbellpuig\/wp-json\/wp\/v2\/tags?post=2732"}],"curies":[{"name":"wp","href":"https:\/\/api.w.org\/{rel}","templated":true}]}}