{"id":2704,"date":"2019-11-08T21:21:09","date_gmt":"2019-11-08T20:21:09","guid":{"rendered":"http:\/\/agora.xtec.cat\/ceipbellpuig\/?p=2704"},"modified":"2019-11-08T21:21:09","modified_gmt":"2019-11-08T20:21:09","slug":"els-petits-de-lescola-al-museu-de-la-ciencia","status":"publish","type":"post","link":"https:\/\/agora.xtec.cat\/ceipbellpuig\/nivells\/petits\/els-petits-de-lescola-al-museu-de-la-ciencia\/","title":{"rendered":"ELS PETITS DE L&#8217;ESCOLA AL MUSEU DE LA CI\u00c8NCIA"},"content":{"rendered":"<p>Els nens i nenes d&#8217;E. Infantil vam visitar el museu de la ci\u00e8ncia a terrassa on hi vam portar l&#8217;activitat: &#8220;EXPLORA 06&#8221;<br \/>\n&#8220;Explora 0-6&#8221; \u00e9s un espai espec\u00edfic dedicat als infants de 0 a 6 anys, en qu\u00e8 els m\u00e9s petits de casa jugaran amb diversos materials i aparells per experimentar en els \u00e0mbits cient\u00edfic i t\u00e8cnic. Aquest espai del mNACTEC es proposa despertar la curiositat dels infants d\u2019una manera propera i engrescadora per contribuir al seu aprenentatge.<br \/>\nVa resultar una activitat molt atractiva pel alumnes i amb un munt de noves experi\u00e8ncies.<br \/>\nTamb\u00e9 vam aprofitar per visitar dues exposicions permanents del museu totalment recomanables i que van col\u00b7laborar a ampliar considerablement els nostres aprenentatges:<br \/>\n&#8211; VIVA MONTESA I ELS TRANSPORTS, amb una espectacular maqueta de trens que vam tenir el goig de veure en funcionament<br \/>\n&#8211; EL COS HUM\u00c0. COM S\u00d3C JO? Una exposici\u00f3 molt interactiva i atractiva per a totes les edats.<br \/>\nUna sortida molt profitosa!<\/p>\n<p>Per veure les fotos cliqueu als enlla\u00e7os seg\u00fcents:<a href=\"https:\/\/agora.xtec.cat\/ceipbellpuig\/wp-content\/uploads\/usu1575\/2019\/11\/MUSEU.jpg\"><img loading=\"lazy\" decoding=\"async\" class=\"size-full wp-image-2706 alignright\" src=\"https:\/\/agora.xtec.cat\/ceipbellpuig\/wp-content\/uploads\/usu1575\/2019\/11\/MUSEU.jpg\" alt=\"\" width=\"185\" height=\"185\" srcset=\"https:\/\/agora.xtec.cat\/ceipbellpuig\/wp-content\/uploads\/usu1575\/2019\/11\/MUSEU.jpg 185w, https:\/\/agora.xtec.cat\/ceipbellpuig\/wp-content\/uploads\/usu1575\/2019\/11\/MUSEU-150x150.jpg 150w\" sizes=\"auto, (max-width: 185px) 100vw, 185px\" \/><\/a><\/p>\n<ul>\n<li><a href=\"https:\/\/photos.app.goo.gl\/CirbGgpcGNg9frhu8\" target=\"_blank\" rel=\"noopener noreferrer\">FOTOS P3<\/a><\/li>\n<li><a href=\"https:\/\/photos.app.goo.gl\/sVmRp9rtLFDX2KpP8\" target=\"_blank\" rel=\"noopener noreferrer\">FOTOS P4<\/a><\/li>\n<li><a href=\"https:\/\/photos.app.goo.gl\/vLTvgWaWMEhqyo4w8\" target=\"_blank\" rel=\"noopener noreferrer\">FOTOS P5<\/a><\/li>\n<\/ul>\n","protected":false},"excerpt":{"rendered":"<p>Els nens i nenes d&#8217;E. Infantil vam visitar el museu de la ci\u00e8ncia a terrassa on hi vam portar l&#8217;activitat: &#8220;EXPLORA 06&#8221; &#8220;Explora 0-6&#8221; \u00e9s un espai espec\u00edfic dedicat als infants de 0 a 6 anys, en qu\u00e8 els m\u00e9s petits de casa jugaran amb diversos materials i aparells per experimentar en els \u00e0mbits cient\u00edfic [&hellip;]<\/p>\n","protected":false},"author":1,"featured_media":2706,"comment_status":"open","ping_status":"closed","sticky":false,"template":"","format":"standard","meta":{"_bbp_topic_count":0,"_bbp_reply_count":0,"_bbp_total_topic_count":0,"_bbp_total_reply_count":0,"_bbp_voice_count":0,"_bbp_anonymous_reply_count":0,"_bbp_topic_count_hidden":0,"_bbp_reply_count_hidden":0,"_bbp_forum_subforum_count":0,"site-sidebar-layout":"default","site-content-layout":"","ast-site-content-layout":"","site-content-style":"default","site-sidebar-style":"default","ast-global-header-display":"","ast-banner-title-visibility":"","ast-main-header-display":"","ast-hfb-above-header-display":"","ast-hfb-below-header-display":"","ast-hfb-mobile-header-display":"","site-post-title":"","ast-breadcrumbs-content":"","ast-featured-img":"","footer-sml-layout":"","theme-transparent-header-meta":"","adv-header-id-meta":"","stick-header-meta":"","header-above-stick-meta":"","header-main-stick-meta":"","header-below-stick-meta":"","astra-migrate-meta-layouts":"default","ast-page-background-enabled":"default","ast-page-background-meta":{"desktop":{"background-color":"var(--ast-global-color-4)","background-image":"","background-repeat":"repeat","background-position":"center center","background-size":"auto","background-attachment":"scroll","background-type":"","background-media":"","overlay-type":"","overlay-color":"","overlay-opacity":"","overlay-gradient":""},"tablet":{"background-color":"","background-image":"","background-repeat":"repeat","background-position":"center center","background-size":"auto","background-attachment":"scroll","background-type":"","background-media":"","overlay-type":"","overlay-color":"","overlay-opacity":"","overlay-gradient":""},"mobile":{"background-color":"","background-image":"","background-repeat":"repeat","background-position":"center center","background-size":"auto","background-attachment":"scroll","background-type":"","background-media":"","overlay-type":"","overlay-color":"","overlay-opacity":"","overlay-gradient":""}},"ast-content-background-meta":{"desktop":{"background-color":"var(--ast-global-color-5)","background-image":"","background-repeat":"repeat","background-position":"center center","background-size":"auto","background-attachment":"scroll","background-type":"","background-media":"","overlay-type":"","overlay-color":"","overlay-opacity":"","overlay-gradient":""},"tablet":{"background-color":"var(--ast-global-color-5)","background-image":"","background-repeat":"repeat","background-position":"center center","background-size":"auto","background-attachment":"scroll","background-type":"","background-media":"","overlay-type":"","overlay-color":"","overlay-opacity":"","overlay-gradient":""},"mobile":{"background-color":"var(--ast-global-color-5)","background-image":"","background-repeat":"repeat","background-position":"center center","background-size":"auto","background-attachment":"scroll","background-type":"","background-media":"","overlay-type":"","overlay-color":"","overlay-opacity":"","overlay-gradient":""}},"footnotes":""},"categories":[2,4],"tags":[153,77,110],"class_list":["post-2704","post","type-post","status-publish","format-standard","has-post-thumbnail","hentry","category-petits","category-portada","tag-e-infantil","tag-escola-bellpuig","tag-museu-de-la-ciencia"],"post_mailing_queue_ids":[],"_links":{"self":[{"href":"https:\/\/agora.xtec.cat\/ceipbellpuig\/wp-json\/wp\/v2\/posts\/2704","targetHints":{"allow":["GET"]}}],"collection":[{"href":"https:\/\/agora.xtec.cat\/ceipbellpuig\/wp-json\/wp\/v2\/posts"}],"about":[{"href":"https:\/\/agora.xtec.cat\/ceipbellpuig\/wp-json\/wp\/v2\/types\/post"}],"author":[{"embeddable":true,"href":"https:\/\/agora.xtec.cat\/ceipbellpuig\/wp-json\/wp\/v2\/users\/1"}],"replies":[{"embeddable":true,"href":"https:\/\/agora.xtec.cat\/ceipbellpuig\/wp-json\/wp\/v2\/comments?post=2704"}],"version-history":[{"count":1,"href":"https:\/\/agora.xtec.cat\/ceipbellpuig\/wp-json\/wp\/v2\/posts\/2704\/revisions"}],"predecessor-version":[{"id":2707,"href":"https:\/\/agora.xtec.cat\/ceipbellpuig\/wp-json\/wp\/v2\/posts\/2704\/revisions\/2707"}],"wp:featuredmedia":[{"embeddable":true,"href":"https:\/\/agora.xtec.cat\/ceipbellpuig\/wp-json\/wp\/v2\/media\/2706"}],"wp:attachment":[{"href":"https:\/\/agora.xtec.cat\/ceipbellpuig\/wp-json\/wp\/v2\/media?parent=2704"}],"wp:term":[{"taxonomy":"category","embeddable":true,"href":"https:\/\/agora.xtec.cat\/ceipbellpuig\/wp-json\/wp\/v2\/categories?post=2704"},{"taxonomy":"post_tag","embeddable":true,"href":"https:\/\/agora.xtec.cat\/ceipbellpuig\/wp-json\/wp\/v2\/tags?post=2704"}],"curies":[{"name":"wp","href":"https:\/\/api.w.org\/{rel}","templated":true}]}}