{"id":2655,"date":"2019-10-25T11:29:06","date_gmt":"2019-10-25T09:29:06","guid":{"rendered":"http:\/\/agora.xtec.cat\/ceipbellpuig\/?p=2655"},"modified":"2019-10-25T11:29:06","modified_gmt":"2019-10-25T09:29:06","slug":"bikila-el-nostre-heroi","status":"publish","type":"post","link":"https:\/\/agora.xtec.cat\/ceipbellpuig\/portada\/bikila-el-nostre-heroi\/","title":{"rendered":"BIKILA. EL NOSTRE HEROI"},"content":{"rendered":"<p>La setmana passada a educaci\u00f3 f\u00edsica vam parlar de l\u2019atleta et\u00edop Abebe Bikila.<\/p>\n<p>Fou membre de l&#8217;equip que particip\u00e0 en els JJOO de Roma (1960) i va passar a la hist\u00f2ria per c\u00f3rrer descal\u00e7 (igual com acostumava a entrenar) i guanyar la prova de marat\u00f3 \u00a0amb un temps de 2:15. Fou el primer afric\u00e0 a guanyar una medalla d&#8217;or ol\u00edmpica.<\/p>\n<p>Un mes abans dels Jocs de T\u00f2quio 1964, Bikila pat\u00ed un atac d&#8217;<a href=\"https:\/\/ca.wikipedia.org\/wiki\/Apendicitis\">apendic\u00edtis aguda<\/a>. Malgrat aix\u00f2 es recuper\u00e0 i va poder competir a la marat\u00f3, aquest cop, ben cal\u00e7at.<\/p>\n<p>Guany\u00e0 la marat\u00f3 amb un nou r\u00e8cord del m\u00f3n de 2:12. Fou el primer atleta en la hist\u00f2ria capa\u00e7 de guanyar dues maratons ol\u00edmpiques.<\/p>\n<p>Es diu que s\u2019avorria mentre entrenava, fet que el va portar a entrenar i ca\u00e7ar alhora. Els animals no podien aguantar el seu ritme i queien derrotats a terra.<\/p>\n<p>L&#8217;any 1973 va morir als 41 anys a causa d&#8217;una hemorr\u00e0gia cerebral, relacionada amb un accident que havia sofert 4 anys abans. Al seu enterrament hi van assistir 65.000 persones.<\/p>\n","protected":false},"excerpt":{"rendered":"<p>La setmana passada a educaci\u00f3 f\u00edsica vam parlar de l\u2019atleta et\u00edop Abebe Bikila. Fou membre de l&#8217;equip que particip\u00e0 en els JJOO de Roma (1960) i va passar a la hist\u00f2ria per c\u00f3rrer descal\u00e7 (igual com acostumava a entrenar) i guanyar la prova de marat\u00f3 \u00a0amb un temps de 2:15. Fou el primer afric\u00e0 a [&hellip;]<\/p>\n","protected":false},"author":1,"featured_media":0,"comment_status":"open","ping_status":"closed","sticky":false,"template":"","format":"standard","meta":{"_bbp_topic_count":0,"_bbp_reply_count":0,"_bbp_total_topic_count":0,"_bbp_total_reply_count":0,"_bbp_voice_count":0,"_bbp_anonymous_reply_count":0,"_bbp_topic_count_hidden":0,"_bbp_reply_count_hidden":0,"_bbp_forum_subforum_count":0,"site-sidebar-layout":"default","site-content-layout":"","ast-site-content-layout":"","site-content-style":"default","site-sidebar-style":"default","ast-global-header-display":"","ast-banner-title-visibility":"","ast-main-header-display":"","ast-hfb-above-header-display":"","ast-hfb-below-header-display":"","ast-hfb-mobile-header-display":"","site-post-title":"","ast-breadcrumbs-content":"","ast-featured-img":"","footer-sml-layout":"","theme-transparent-header-meta":"","adv-header-id-meta":"","stick-header-meta":"","header-above-stick-meta":"","header-main-stick-meta":"","header-below-stick-meta":"","astra-migrate-meta-layouts":"default","ast-page-background-enabled":"default","ast-page-background-meta":{"desktop":{"background-color":"var(--ast-global-color-4)","background-image":"","background-repeat":"repeat","background-position":"center center","background-size":"auto","background-attachment":"scroll","background-type":"","background-media":"","overlay-type":"","overlay-color":"","overlay-opacity":"","overlay-gradient":""},"tablet":{"background-color":"","background-image":"","background-repeat":"repeat","background-position":"center center","background-size":"auto","background-attachment":"scroll","background-type":"","background-media":"","overlay-type":"","overlay-color":"","overlay-opacity":"","overlay-gradient":""},"mobile":{"background-color":"","background-image":"","background-repeat":"repeat","background-position":"center center","background-size":"auto","background-attachment":"scroll","background-type":"","background-media":"","overlay-type":"","overlay-color":"","overlay-opacity":"","overlay-gradient":""}},"ast-content-background-meta":{"desktop":{"background-color":"var(--ast-global-color-5)","background-image":"","background-repeat":"repeat","background-position":"center center","background-size":"auto","background-attachment":"scroll","background-type":"","background-media":"","overlay-type":"","overlay-color":"","overlay-opacity":"","overlay-gradient":""},"tablet":{"background-color":"var(--ast-global-color-5)","background-image":"","background-repeat":"repeat","background-position":"center center","background-size":"auto","background-attachment":"scroll","background-type":"","background-media":"","overlay-type":"","overlay-color":"","overlay-opacity":"","overlay-gradient":""},"mobile":{"background-color":"var(--ast-global-color-5)","background-image":"","background-repeat":"repeat","background-position":"center center","background-size":"auto","background-attachment":"scroll","background-type":"","background-media":"","overlay-type":"","overlay-color":"","overlay-opacity":"","overlay-gradient":""}},"footnotes":""},"categories":[61,91,288,4],"tags":[],"class_list":["post-2655","post","type-post","status-publish","format-standard","hentry","category-cicle-superior","category-educacio-fisica","category-grans","category-portada"],"post_mailing_queue_ids":[],"_links":{"self":[{"href":"https:\/\/agora.xtec.cat\/ceipbellpuig\/wp-json\/wp\/v2\/posts\/2655","targetHints":{"allow":["GET"]}}],"collection":[{"href":"https:\/\/agora.xtec.cat\/ceipbellpuig\/wp-json\/wp\/v2\/posts"}],"about":[{"href":"https:\/\/agora.xtec.cat\/ceipbellpuig\/wp-json\/wp\/v2\/types\/post"}],"author":[{"embeddable":true,"href":"https:\/\/agora.xtec.cat\/ceipbellpuig\/wp-json\/wp\/v2\/users\/1"}],"replies":[{"embeddable":true,"href":"https:\/\/agora.xtec.cat\/ceipbellpuig\/wp-json\/wp\/v2\/comments?post=2655"}],"version-history":[{"count":1,"href":"https:\/\/agora.xtec.cat\/ceipbellpuig\/wp-json\/wp\/v2\/posts\/2655\/revisions"}],"predecessor-version":[{"id":2656,"href":"https:\/\/agora.xtec.cat\/ceipbellpuig\/wp-json\/wp\/v2\/posts\/2655\/revisions\/2656"}],"wp:attachment":[{"href":"https:\/\/agora.xtec.cat\/ceipbellpuig\/wp-json\/wp\/v2\/media?parent=2655"}],"wp:term":[{"taxonomy":"category","embeddable":true,"href":"https:\/\/agora.xtec.cat\/ceipbellpuig\/wp-json\/wp\/v2\/categories?post=2655"},{"taxonomy":"post_tag","embeddable":true,"href":"https:\/\/agora.xtec.cat\/ceipbellpuig\/wp-json\/wp\/v2\/tags?post=2655"}],"curies":[{"name":"wp","href":"https:\/\/api.w.org\/{rel}","templated":true}]}}