{"id":2650,"date":"2019-10-24T21:52:20","date_gmt":"2019-10-24T19:52:20","guid":{"rendered":"http:\/\/agora.xtec.cat\/ceipbellpuig\/?p=2650"},"modified":"2019-10-24T21:54:29","modified_gmt":"2019-10-24T19:54:29","slug":"colonies-a-empuries","status":"publish","type":"post","link":"https:\/\/agora.xtec.cat\/ceipbellpuig\/general\/colonies-a-empuries\/","title":{"rendered":"COL\u00d2NIES A EMP\u00daRIES"},"content":{"rendered":"<p>Els dies 10 i 11 d&#8217;octubre, les nenes i nens de cinqu\u00e8 i sis\u00e8 vam anar de col\u00f2nies al Camp d&#8217;Aprenentatge d&#8217;Emp\u00faries.<\/p>\n<p>Tan bon punt vam arribar, ens van dividir en dos grups,\u00a0 per aix\u00ed m\u00e9s tard poder fer els tallers. Els nostres monitors, la Xon i l&#8217;Eusebi, ens van explicar les activitats que far\u00edem durant la nostra estada a Emp\u00faries.<\/p>\n<p>El primer taller el vam fer a la tarda, i va consistir en la recerca\u00a0 d&#8217;un seguit d&#8217;enigmes amb el GPS pel sistema dunar.<\/p>\n<p>Al vespre, havent sopat, vam anar a passejar per la platja, i per grups v\u00e0rem buscar petxines a la sorra. M\u00e9s tard es va fer un concurs amb les petxines m\u00e9s originals.<\/p>\n<p>Com no podia ser d&#8217;una altra manera, abans d&#8217;anar a dormir i per acabar d&#8217;esgotar les bateries, vam ballar una mica a la disco de l&#8217;alberg.<\/p>\n<p>L&#8217;endem\u00e0, tan bon punt ens vam llevar, i despr\u00e9s d&#8217;una nit mooolt &#8220;tranquil\u00b7la&#8221;, v\u00e0rem fer un bon esmorzar i tot seguit ja vam marxar cap a l&#8217;antiga ciutat grega i romana d&#8217;Emp\u00faries. All\u00e0 vam passejar-nos tot descobrint la ciutat a trav\u00e9s de la mitologia grega.<\/p>\n<p>Han estat unes col\u00f2nies molt divertides i que sempre m\u00e9s recordarem!<\/p>\n<p>Podeu veure les fotos clicant <a href=\"https:\/\/photos.app.goo.gl\/9jVRJgHMJB8Uf7XB9\">AQU\u00cd<\/a><\/p>\n<p>&nbsp;<\/p>\n<p>&nbsp;<\/p>\n","protected":false},"excerpt":{"rendered":"<p>Els dies 10 i 11 d&#8217;octubre, les nenes i nens de cinqu\u00e8 i sis\u00e8 vam anar de col\u00f2nies al Camp d&#8217;Aprenentatge d&#8217;Emp\u00faries. Tan bon punt vam arribar, ens van dividir en dos grups,\u00a0 per aix\u00ed m\u00e9s tard poder fer els tallers. Els nostres monitors, la Xon i l&#8217;Eusebi, ens van explicar les activitats que far\u00edem [&hellip;]<\/p>\n","protected":false},"author":1,"featured_media":2651,"comment_status":"open","ping_status":"closed","sticky":false,"template":"","format":"standard","meta":{"_bbp_topic_count":0,"_bbp_reply_count":0,"_bbp_total_topic_count":0,"_bbp_total_reply_count":0,"_bbp_voice_count":0,"_bbp_anonymous_reply_count":0,"_bbp_topic_count_hidden":0,"_bbp_reply_count_hidden":0,"_bbp_forum_subforum_count":0,"site-sidebar-layout":"default","site-content-layout":"","ast-site-content-layout":"","site-content-style":"default","site-sidebar-style":"default","ast-global-header-display":"","ast-banner-title-visibility":"","ast-main-header-display":"","ast-hfb-above-header-display":"","ast-hfb-below-header-display":"","ast-hfb-mobile-header-display":"","site-post-title":"","ast-breadcrumbs-content":"","ast-featured-img":"","footer-sml-layout":"","theme-transparent-header-meta":"","adv-header-id-meta":"","stick-header-meta":"","header-above-stick-meta":"","header-main-stick-meta":"","header-below-stick-meta":"","astra-migrate-meta-layouts":"default","ast-page-background-enabled":"default","ast-page-background-meta":{"desktop":{"background-color":"var(--ast-global-color-4)","background-image":"","background-repeat":"repeat","background-position":"center center","background-size":"auto","background-attachment":"scroll","background-type":"","background-media":"","overlay-type":"","overlay-color":"","overlay-opacity":"","overlay-gradient":""},"tablet":{"background-color":"","background-image":"","background-repeat":"repeat","background-position":"center center","background-size":"auto","background-attachment":"scroll","background-type":"","background-media":"","overlay-type":"","overlay-color":"","overlay-opacity":"","overlay-gradient":""},"mobile":{"background-color":"","background-image":"","background-repeat":"repeat","background-position":"center center","background-size":"auto","background-attachment":"scroll","background-type":"","background-media":"","overlay-type":"","overlay-color":"","overlay-opacity":"","overlay-gradient":""}},"ast-content-background-meta":{"desktop":{"background-color":"var(--ast-global-color-5)","background-image":"","background-repeat":"repeat","background-position":"center center","background-size":"auto","background-attachment":"scroll","background-type":"","background-media":"","overlay-type":"","overlay-color":"","overlay-opacity":"","overlay-gradient":""},"tablet":{"background-color":"var(--ast-global-color-5)","background-image":"","background-repeat":"repeat","background-position":"center center","background-size":"auto","background-attachment":"scroll","background-type":"","background-media":"","overlay-type":"","overlay-color":"","overlay-opacity":"","overlay-gradient":""},"mobile":{"background-color":"var(--ast-global-color-5)","background-image":"","background-repeat":"repeat","background-position":"center center","background-size":"auto","background-attachment":"scroll","background-type":"","background-media":"","overlay-type":"","overlay-color":"","overlay-opacity":"","overlay-gradient":""}},"footnotes":""},"categories":[74,61,1,288,73,76,4,5],"tags":[294,295,292,293,77,229],"class_list":["post-2650","post","type-post","status-publish","format-standard","has-post-thumbnail","hentry","category-activitats","category-cicle-superior","category-general","category-grans","category-fem","category-nivells","category-portada","category-primaria","tag-5e","tag-6e","tag-colonies-2019","tag-empuries","tag-escola-bellpuig","tag-grans"],"post_mailing_queue_ids":[],"_links":{"self":[{"href":"https:\/\/agora.xtec.cat\/ceipbellpuig\/wp-json\/wp\/v2\/posts\/2650","targetHints":{"allow":["GET"]}}],"collection":[{"href":"https:\/\/agora.xtec.cat\/ceipbellpuig\/wp-json\/wp\/v2\/posts"}],"about":[{"href":"https:\/\/agora.xtec.cat\/ceipbellpuig\/wp-json\/wp\/v2\/types\/post"}],"author":[{"embeddable":true,"href":"https:\/\/agora.xtec.cat\/ceipbellpuig\/wp-json\/wp\/v2\/users\/1"}],"replies":[{"embeddable":true,"href":"https:\/\/agora.xtec.cat\/ceipbellpuig\/wp-json\/wp\/v2\/comments?post=2650"}],"version-history":[{"count":1,"href":"https:\/\/agora.xtec.cat\/ceipbellpuig\/wp-json\/wp\/v2\/posts\/2650\/revisions"}],"predecessor-version":[{"id":2652,"href":"https:\/\/agora.xtec.cat\/ceipbellpuig\/wp-json\/wp\/v2\/posts\/2650\/revisions\/2652"}],"wp:featuredmedia":[{"embeddable":true,"href":"https:\/\/agora.xtec.cat\/ceipbellpuig\/wp-json\/wp\/v2\/media\/2651"}],"wp:attachment":[{"href":"https:\/\/agora.xtec.cat\/ceipbellpuig\/wp-json\/wp\/v2\/media?parent=2650"}],"wp:term":[{"taxonomy":"category","embeddable":true,"href":"https:\/\/agora.xtec.cat\/ceipbellpuig\/wp-json\/wp\/v2\/categories?post=2650"},{"taxonomy":"post_tag","embeddable":true,"href":"https:\/\/agora.xtec.cat\/ceipbellpuig\/wp-json\/wp\/v2\/tags?post=2650"}],"curies":[{"name":"wp","href":"https:\/\/api.w.org\/{rel}","templated":true}]}}