{"id":2575,"date":"2019-10-01T18:40:21","date_gmt":"2019-10-01T16:40:21","guid":{"rendered":"http:\/\/agora.xtec.cat\/ceipbellpuig\/?p=2575"},"modified":"2019-10-01T18:40:21","modified_gmt":"2019-10-01T16:40:21","slug":"lemergencia-climatica","status":"publish","type":"post","link":"https:\/\/agora.xtec.cat\/ceipbellpuig\/general\/lemergencia-climatica\/","title":{"rendered":"L&#8217;EMERG\u00c8NCIA CLIM\u00c0TICA!"},"content":{"rendered":"<p>Al llarg de tota la setmana passada vam estar parlant de la import\u00e0ncia del canvi clim\u00e0tic. Alguns grups van veure v\u00eddeos molt interessants, d&#8217;altres van fer algun mural,&#8230;i tots en vam parlar i debatre a consci\u00e8ncia.\u00a0<a href=\"https:\/\/photos.app.goo.gl\/K13bqEYyYE3f5vTx5\" target=\"_blank\" rel=\"noopener noreferrer\">FOTOS DELS PETITS <\/a><\/p>\n<p><iframe loading=\"lazy\" src=\"https:\/\/docs.google.com\/presentation\/d\/e\/2PACX-1vRfFtAr6WJrQ6TcEFyAY7Np5aUXfxtYLt8xtElG-Bxv2qTawHBRS0zWaE2Hdler3GquF4hpafVSes8o\/embed?start=true&amp;loop=false&amp;delayms=5000\" width=\"480\" height=\"299\" frameborder=\"0\" allowfullscreen=\"allowfullscreen\"><\/iframe><\/p>\n<p>El divendres 27 de setembre a les 12h del mat\u00ed tots els alumnes de l&#8217;escola vam sortir a l&#8217;entrada\u00a0 per concentrar-nos i solidaritzar-nos amb l&#8217;emerg\u00e8ncia clim\u00e0tica. Els alumnes de 6\u00e8 ens van explicar\u00a0 qu\u00e8 \u00e9s el canvi clim\u00e0tic i ens van fer algunes recomanacions. Per acabar vam escoltar la can\u00e7\u00f3 Heal The World de Michael Jackson.\u00a0<a href=\"https:\/\/photos.app.goo.gl\/y7eX35ciSvYtFBDR7\" target=\"_blank\" rel=\"noopener noreferrer\">Fotos<\/a><\/p>\n","protected":false},"excerpt":{"rendered":"<p>Al llarg de tota la setmana passada vam estar parlant de la import\u00e0ncia del canvi clim\u00e0tic. Alguns grups van veure v\u00eddeos molt interessants, d&#8217;altres van fer algun mural,&#8230;i tots en vam parlar i debatre a consci\u00e8ncia.\u00a0FOTOS DELS PETITS El divendres 27 de setembre a les 12h del mat\u00ed tots els alumnes de l&#8217;escola vam sortir [&hellip;]<\/p>\n","protected":false},"author":1,"featured_media":2588,"comment_status":"open","ping_status":"closed","sticky":false,"template":"","format":"standard","meta":{"_bbp_topic_count":0,"_bbp_reply_count":0,"_bbp_total_topic_count":0,"_bbp_total_reply_count":0,"_bbp_voice_count":0,"_bbp_anonymous_reply_count":0,"_bbp_topic_count_hidden":0,"_bbp_reply_count_hidden":0,"_bbp_forum_subforum_count":0,"site-sidebar-layout":"default","site-content-layout":"","ast-site-content-layout":"","site-content-style":"default","site-sidebar-style":"default","ast-global-header-display":"","ast-banner-title-visibility":"","ast-main-header-display":"","ast-hfb-above-header-display":"","ast-hfb-below-header-display":"","ast-hfb-mobile-header-display":"","site-post-title":"","ast-breadcrumbs-content":"","ast-featured-img":"","footer-sml-layout":"","theme-transparent-header-meta":"","adv-header-id-meta":"","stick-header-meta":"","header-above-stick-meta":"","header-main-stick-meta":"","header-below-stick-meta":"","astra-migrate-meta-layouts":"default","ast-page-background-enabled":"default","ast-page-background-meta":{"desktop":{"background-color":"var(--ast-global-color-4)","background-image":"","background-repeat":"repeat","background-position":"center center","background-size":"auto","background-attachment":"scroll","background-type":"","background-media":"","overlay-type":"","overlay-color":"","overlay-opacity":"","overlay-gradient":""},"tablet":{"background-color":"","background-image":"","background-repeat":"repeat","background-position":"center center","background-size":"auto","background-attachment":"scroll","background-type":"","background-media":"","overlay-type":"","overlay-color":"","overlay-opacity":"","overlay-gradient":""},"mobile":{"background-color":"","background-image":"","background-repeat":"repeat","background-position":"center center","background-size":"auto","background-attachment":"scroll","background-type":"","background-media":"","overlay-type":"","overlay-color":"","overlay-opacity":"","overlay-gradient":""}},"ast-content-background-meta":{"desktop":{"background-color":"var(--ast-global-color-5)","background-image":"","background-repeat":"repeat","background-position":"center center","background-size":"auto","background-attachment":"scroll","background-type":"","background-media":"","overlay-type":"","overlay-color":"","overlay-opacity":"","overlay-gradient":""},"tablet":{"background-color":"var(--ast-global-color-5)","background-image":"","background-repeat":"repeat","background-position":"center center","background-size":"auto","background-attachment":"scroll","background-type":"","background-media":"","overlay-type":"","overlay-color":"","overlay-opacity":"","overlay-gradient":""},"mobile":{"background-color":"var(--ast-global-color-5)","background-image":"","background-repeat":"repeat","background-position":"center center","background-size":"auto","background-attachment":"scroll","background-type":"","background-media":"","overlay-type":"","overlay-color":"","overlay-opacity":"","overlay-gradient":""}},"footnotes":""},"categories":[74,1,4],"tags":[286],"class_list":["post-2575","post","type-post","status-publish","format-standard","has-post-thumbnail","hentry","category-activitats","category-general","category-portada","tag-emergencia-climatica"],"post_mailing_queue_ids":[],"_links":{"self":[{"href":"https:\/\/agora.xtec.cat\/ceipbellpuig\/wp-json\/wp\/v2\/posts\/2575","targetHints":{"allow":["GET"]}}],"collection":[{"href":"https:\/\/agora.xtec.cat\/ceipbellpuig\/wp-json\/wp\/v2\/posts"}],"about":[{"href":"https:\/\/agora.xtec.cat\/ceipbellpuig\/wp-json\/wp\/v2\/types\/post"}],"author":[{"embeddable":true,"href":"https:\/\/agora.xtec.cat\/ceipbellpuig\/wp-json\/wp\/v2\/users\/1"}],"replies":[{"embeddable":true,"href":"https:\/\/agora.xtec.cat\/ceipbellpuig\/wp-json\/wp\/v2\/comments?post=2575"}],"version-history":[{"count":2,"href":"https:\/\/agora.xtec.cat\/ceipbellpuig\/wp-json\/wp\/v2\/posts\/2575\/revisions"}],"predecessor-version":[{"id":2589,"href":"https:\/\/agora.xtec.cat\/ceipbellpuig\/wp-json\/wp\/v2\/posts\/2575\/revisions\/2589"}],"wp:featuredmedia":[{"embeddable":true,"href":"https:\/\/agora.xtec.cat\/ceipbellpuig\/wp-json\/wp\/v2\/media\/2588"}],"wp:attachment":[{"href":"https:\/\/agora.xtec.cat\/ceipbellpuig\/wp-json\/wp\/v2\/media?parent=2575"}],"wp:term":[{"taxonomy":"category","embeddable":true,"href":"https:\/\/agora.xtec.cat\/ceipbellpuig\/wp-json\/wp\/v2\/categories?post=2575"},{"taxonomy":"post_tag","embeddable":true,"href":"https:\/\/agora.xtec.cat\/ceipbellpuig\/wp-json\/wp\/v2\/tags?post=2575"}],"curies":[{"name":"wp","href":"https:\/\/api.w.org\/{rel}","templated":true}]}}