{"id":2359,"date":"2019-05-08T12:58:43","date_gmt":"2019-05-08T10:58:43","guid":{"rendered":"http:\/\/agora.xtec.cat\/ceipbellpuig\/?p=2359"},"modified":"2019-05-08T12:58:43","modified_gmt":"2019-05-08T10:58:43","slug":"la-cara-a-p3","status":"publish","type":"post","link":"https:\/\/agora.xtec.cat\/ceipbellpuig\/nivells\/petits\/la-cara-a-p3\/","title":{"rendered":"LA CARA A P3"},"content":{"rendered":"<p style=\"margin: 0cm;margin-bottom: .0001pt;text-align: justify;background: white\"><span style=\"font-size: 11.5pt;font-family: 'Arial','sans-serif';color: black\">Els nens i nenes de la classe dels Colors (P3) hem realitzat un seguit de propostes per treballar la cara. Per una banda hem ampliat vocabulari i per l\u2019altra, hem realitzat diferents activitats creatives per anar adquirint consci\u00e8ncia de com som i con\u00e8ixer-nos una mica m\u00e9s.\u00a0<\/span><\/p>\n<p>&nbsp;<\/p>\n<p>Clicant a <a href=\"https:\/\/photos.app.goo.gl\/p8VZ1sEQfaj2Myfg8\" target=\"_blank\" rel=\"noopener\">l&#8217;enlla\u00e7<\/a> podeu trobar un recull d&#8217;imatges:<\/p>\n<p style=\"margin: 0cm;margin-bottom: .0001pt;text-align: justify;background: white\">\n","protected":false},"excerpt":{"rendered":"<p>Els nens i nenes de la classe dels Colors (P3) hem realitzat un seguit de propostes per treballar la cara. Per una banda hem ampliat vocabulari i per l\u2019altra, hem realitzat diferents activitats creatives per anar adquirint consci\u00e8ncia de com som i con\u00e8ixer-nos una mica m\u00e9s.\u00a0 &nbsp; Clicant a l&#8217;enlla\u00e7 podeu trobar un recull d&#8217;imatges:<\/p>\n","protected":false},"author":1,"featured_media":0,"comment_status":"open","ping_status":"closed","sticky":false,"template":"","format":"standard","meta":{"_bbp_topic_count":0,"_bbp_reply_count":0,"_bbp_total_topic_count":0,"_bbp_total_reply_count":0,"_bbp_voice_count":0,"_bbp_anonymous_reply_count":0,"_bbp_topic_count_hidden":0,"_bbp_reply_count_hidden":0,"_bbp_forum_subforum_count":0,"site-sidebar-layout":"default","site-content-layout":"","ast-site-content-layout":"","site-content-style":"default","site-sidebar-style":"default","ast-global-header-display":"","ast-banner-title-visibility":"","ast-main-header-display":"","ast-hfb-above-header-display":"","ast-hfb-below-header-display":"","ast-hfb-mobile-header-display":"","site-post-title":"","ast-breadcrumbs-content":"","ast-featured-img":"","footer-sml-layout":"","theme-transparent-header-meta":"","adv-header-id-meta":"","stick-header-meta":"","header-above-stick-meta":"","header-main-stick-meta":"","header-below-stick-meta":"","astra-migrate-meta-layouts":"default","ast-page-background-enabled":"default","ast-page-background-meta":{"desktop":{"background-color":"var(--ast-global-color-4)","background-image":"","background-repeat":"repeat","background-position":"center center","background-size":"auto","background-attachment":"scroll","background-type":"","background-media":"","overlay-type":"","overlay-color":"","overlay-opacity":"","overlay-gradient":""},"tablet":{"background-color":"","background-image":"","background-repeat":"repeat","background-position":"center center","background-size":"auto","background-attachment":"scroll","background-type":"","background-media":"","overlay-type":"","overlay-color":"","overlay-opacity":"","overlay-gradient":""},"mobile":{"background-color":"","background-image":"","background-repeat":"repeat","background-position":"center center","background-size":"auto","background-attachment":"scroll","background-type":"","background-media":"","overlay-type":"","overlay-color":"","overlay-opacity":"","overlay-gradient":""}},"ast-content-background-meta":{"desktop":{"background-color":"var(--ast-global-color-5)","background-image":"","background-repeat":"repeat","background-position":"center center","background-size":"auto","background-attachment":"scroll","background-type":"","background-media":"","overlay-type":"","overlay-color":"","overlay-opacity":"","overlay-gradient":""},"tablet":{"background-color":"var(--ast-global-color-5)","background-image":"","background-repeat":"repeat","background-position":"center center","background-size":"auto","background-attachment":"scroll","background-type":"","background-media":"","overlay-type":"","overlay-color":"","overlay-opacity":"","overlay-gradient":""},"mobile":{"background-color":"var(--ast-global-color-5)","background-image":"","background-repeat":"repeat","background-position":"center center","background-size":"auto","background-attachment":"scroll","background-type":"","background-media":"","overlay-type":"","overlay-color":"","overlay-opacity":"","overlay-gradient":""}},"footnotes":""},"categories":[2,4],"tags":[267,255,269,100,77,270,266,265,268],"class_list":["post-2359","post","type-post","status-publish","format-standard","hentry","category-petits","category-portada","tag-compartir","tag-crear","tag-descobir","tag-educacio-infantil","tag-escola-bellpuig","tag-gaudir","tag-imaginar","tag-la-cara","tag-pensar"],"post_mailing_queue_ids":[],"_links":{"self":[{"href":"https:\/\/agora.xtec.cat\/ceipbellpuig\/wp-json\/wp\/v2\/posts\/2359","targetHints":{"allow":["GET"]}}],"collection":[{"href":"https:\/\/agora.xtec.cat\/ceipbellpuig\/wp-json\/wp\/v2\/posts"}],"about":[{"href":"https:\/\/agora.xtec.cat\/ceipbellpuig\/wp-json\/wp\/v2\/types\/post"}],"author":[{"embeddable":true,"href":"https:\/\/agora.xtec.cat\/ceipbellpuig\/wp-json\/wp\/v2\/users\/1"}],"replies":[{"embeddable":true,"href":"https:\/\/agora.xtec.cat\/ceipbellpuig\/wp-json\/wp\/v2\/comments?post=2359"}],"version-history":[{"count":2,"href":"https:\/\/agora.xtec.cat\/ceipbellpuig\/wp-json\/wp\/v2\/posts\/2359\/revisions"}],"predecessor-version":[{"id":2362,"href":"https:\/\/agora.xtec.cat\/ceipbellpuig\/wp-json\/wp\/v2\/posts\/2359\/revisions\/2362"}],"wp:attachment":[{"href":"https:\/\/agora.xtec.cat\/ceipbellpuig\/wp-json\/wp\/v2\/media?parent=2359"}],"wp:term":[{"taxonomy":"category","embeddable":true,"href":"https:\/\/agora.xtec.cat\/ceipbellpuig\/wp-json\/wp\/v2\/categories?post=2359"},{"taxonomy":"post_tag","embeddable":true,"href":"https:\/\/agora.xtec.cat\/ceipbellpuig\/wp-json\/wp\/v2\/tags?post=2359"}],"curies":[{"name":"wp","href":"https:\/\/api.w.org\/{rel}","templated":true}]}}