{"id":2148,"date":"2019-03-24T20:55:34","date_gmt":"2019-03-24T19:55:34","guid":{"rendered":"http:\/\/agora.xtec.cat\/ceipbellpuig\/?p=2148"},"modified":"2019-03-24T21:10:23","modified_gmt":"2019-03-24T20:10:23","slug":"poesia-cooperativa-a-quart","status":"publish","type":"post","link":"https:\/\/agora.xtec.cat\/ceipbellpuig\/general\/poesia-cooperativa-a-quart\/","title":{"rendered":"POESIA COOPERATIVA A QUART"},"content":{"rendered":"<p>Aquest any els de quart s&#8217;estrenen com a poetes de cara als Jocs Florals de l&#8217;escola.<\/p>\n<p>No \u00e9s f\u00e0cil fer un poema. Abans de posar-nos a escriure vam fer una activitat en equips cooperatius per familiaritzar-nos amb diferents tipus de poesia.<\/p>\n<p>Cada alumne va rebre un tros de poema. L&#8217;havia de llegir i entendre&#8217;n les paraules, si calia amb l&#8217;ajuda del diccionari.<\/p>\n<p>Posteriorment amb el seu equip cooperatiu refeien el poema (ja que cadasc\u00fa tenia una part del mateix poema) i en feien una lectura compartida.<\/p>\n<p>Vam visualitzar a la S\u00f2nia Moll recitant un poema.<\/p>\n<div class=\"ast-oembed-container \" style=\"height: 100%;\"><iframe loading=\"lazy\" title=\"Un lloc, recita S\u00f2nia Moll\" width=\"500\" height=\"281\" src=\"https:\/\/www.youtube.com\/embed\/x-JHPanyj6g?feature=oembed\" frameborder=\"0\" allow=\"accelerometer; autoplay; clipboard-write; encrypted-media; gyroscope; picture-in-picture; web-share\" referrerpolicy=\"strict-origin-when-cross-origin\" allowfullscreen><\/iframe><\/div>\n<p>Despr\u00e9s\u00a0 van assajar la pron\u00fancia, el ritme i l&#8217;entonaci\u00f3 i ens el van recitar a la resta de la classe.<\/p>\n<p>Vam poder veure poemes que eren endevinalles, poemes que eren jocs de paraules, poemes sat\u00edrics o de sentiments. Vam observar que n&#8217;hi havia que rimaven i n&#8217;hi havia que no, de llargs i de m\u00e9s curts&#8230;<\/p>\n<p>El dia de la poesia (21 de mar\u00e7) vam fer una sessi\u00f3 de Biblioteca amb el davantal de poesia i la Jana Mor\u00e9 ens va recitar uns quants poemes que havia escrit ella.<\/p>\n<p><a href=\"https:\/\/photos.app.goo.gl\/zYSB9bF4TFVHPDMJ6\">FOTOS POESIA QUART<\/a><\/p>\n<p>&nbsp;<\/p>\n","protected":false},"excerpt":{"rendered":"<p>Aquest any els de quart s&#8217;estrenen com a poetes de cara als Jocs Florals de l&#8217;escola. No \u00e9s f\u00e0cil fer un poema. Abans de posar-nos a escriure vam fer una activitat en equips cooperatius per familiaritzar-nos amb diferents tipus de poesia. Cada alumne va rebre un tros de poema. L&#8217;havia de llegir i entendre&#8217;n les [&hellip;]<\/p>\n","protected":false},"author":13,"featured_media":0,"comment_status":"open","ping_status":"closed","sticky":false,"template":"","format":"standard","meta":{"_bbp_topic_count":0,"_bbp_reply_count":0,"_bbp_total_topic_count":0,"_bbp_total_reply_count":0,"_bbp_voice_count":0,"_bbp_anonymous_reply_count":0,"_bbp_topic_count_hidden":0,"_bbp_reply_count_hidden":0,"_bbp_forum_subforum_count":0,"site-sidebar-layout":"default","site-content-layout":"","ast-site-content-layout":"","site-content-style":"default","site-sidebar-style":"default","ast-global-header-display":"","ast-banner-title-visibility":"","ast-main-header-display":"","ast-hfb-above-header-display":"","ast-hfb-below-header-display":"","ast-hfb-mobile-header-display":"","site-post-title":"","ast-breadcrumbs-content":"","ast-featured-img":"","footer-sml-layout":"","theme-transparent-header-meta":"","adv-header-id-meta":"","stick-header-meta":"","header-above-stick-meta":"","header-main-stick-meta":"","header-below-stick-meta":"","astra-migrate-meta-layouts":"default","ast-page-background-enabled":"default","ast-page-background-meta":{"desktop":{"background-color":"var(--ast-global-color-4)","background-image":"","background-repeat":"repeat","background-position":"center center","background-size":"auto","background-attachment":"scroll","background-type":"","background-media":"","overlay-type":"","overlay-color":"","overlay-opacity":"","overlay-gradient":""},"tablet":{"background-color":"","background-image":"","background-repeat":"repeat","background-position":"center center","background-size":"auto","background-attachment":"scroll","background-type":"","background-media":"","overlay-type":"","overlay-color":"","overlay-opacity":"","overlay-gradient":""},"mobile":{"background-color":"","background-image":"","background-repeat":"repeat","background-position":"center center","background-size":"auto","background-attachment":"scroll","background-type":"","background-media":"","overlay-type":"","overlay-color":"","overlay-opacity":"","overlay-gradient":""}},"ast-content-background-meta":{"desktop":{"background-color":"var(--ast-global-color-5)","background-image":"","background-repeat":"repeat","background-position":"center center","background-size":"auto","background-attachment":"scroll","background-type":"","background-media":"","overlay-type":"","overlay-color":"","overlay-opacity":"","overlay-gradient":""},"tablet":{"background-color":"var(--ast-global-color-5)","background-image":"","background-repeat":"repeat","background-position":"center center","background-size":"auto","background-attachment":"scroll","background-type":"","background-media":"","overlay-type":"","overlay-color":"","overlay-opacity":"","overlay-gradient":""},"mobile":{"background-color":"var(--ast-global-color-5)","background-image":"","background-repeat":"repeat","background-position":"center center","background-size":"auto","background-attachment":"scroll","background-type":"","background-media":"","overlay-type":"","overlay-color":"","overlay-opacity":"","overlay-gradient":""}},"footnotes":""},"categories":[60,1,4,5],"tags":[250,249,251],"class_list":["post-2148","post","type-post","status-publish","format-standard","hentry","category-cicle-mitja","category-general","category-portada","category-primaria","tag-aprenentatge-cooperatiu","tag-llengua-catalana","tag-quart"],"post_mailing_queue_ids":[],"_links":{"self":[{"href":"https:\/\/agora.xtec.cat\/ceipbellpuig\/wp-json\/wp\/v2\/posts\/2148","targetHints":{"allow":["GET"]}}],"collection":[{"href":"https:\/\/agora.xtec.cat\/ceipbellpuig\/wp-json\/wp\/v2\/posts"}],"about":[{"href":"https:\/\/agora.xtec.cat\/ceipbellpuig\/wp-json\/wp\/v2\/types\/post"}],"author":[{"embeddable":true,"href":"https:\/\/agora.xtec.cat\/ceipbellpuig\/wp-json\/wp\/v2\/users\/13"}],"replies":[{"embeddable":true,"href":"https:\/\/agora.xtec.cat\/ceipbellpuig\/wp-json\/wp\/v2\/comments?post=2148"}],"version-history":[{"count":3,"href":"https:\/\/agora.xtec.cat\/ceipbellpuig\/wp-json\/wp\/v2\/posts\/2148\/revisions"}],"predecessor-version":[{"id":2152,"href":"https:\/\/agora.xtec.cat\/ceipbellpuig\/wp-json\/wp\/v2\/posts\/2148\/revisions\/2152"}],"wp:attachment":[{"href":"https:\/\/agora.xtec.cat\/ceipbellpuig\/wp-json\/wp\/v2\/media?parent=2148"}],"wp:term":[{"taxonomy":"category","embeddable":true,"href":"https:\/\/agora.xtec.cat\/ceipbellpuig\/wp-json\/wp\/v2\/categories?post=2148"},{"taxonomy":"post_tag","embeddable":true,"href":"https:\/\/agora.xtec.cat\/ceipbellpuig\/wp-json\/wp\/v2\/tags?post=2148"}],"curies":[{"name":"wp","href":"https:\/\/api.w.org\/{rel}","templated":true}]}}