{"id":2130,"date":"2019-03-21T21:27:20","date_gmt":"2019-03-21T20:27:20","guid":{"rendered":"http:\/\/agora.xtec.cat\/ceipbellpuig\/?p=2130"},"modified":"2019-03-22T18:31:33","modified_gmt":"2019-03-22T17:31:33","slug":"taller-stop-motion","status":"publish","type":"post","link":"https:\/\/agora.xtec.cat\/ceipbellpuig\/portada\/taller-stop-motion\/","title":{"rendered":"TALLER STOP MOTION"},"content":{"rendered":"<p>En Jordi Sol\u00e9, el pare de l&#8217;Alba Sol\u00e9, ens ha fet una taller xul\u00edssim als nens i nenes de la classe del Cine. A la primera sessi\u00f3 ens va explicar com es feien els dibuixos animats i la t\u00e8cnica de l&#8217;Stop Motion. Despr\u00e9s ens va fer la proposta de fer junts un Stop Motion del sistema solar. Aquesta proposta ens va agradar molt i de seguida ens vam posar a treballar. Entre tots vam fer el fons (l&#8217;espai) amb pintura. Per parelles o grups de 3 vam dibuixar el nostre coet i ens vam encarregar de dibuixar el planeta que hav\u00edem escollit. Vam preparar l&#8217;explicaci\u00f3 del planeta i vam gravar les nostres veus. La segona sessi\u00f3 va consistir en fer les fotos. Els nens i nenes an\u00e0vem movent el coets, mica en mica, per l&#8217;espai al voltant del planeta i en Jordi anava fent les fotos. Va fer m\u00e9s de 700 fotografies! Uauuuuu!!!. A la tercera sessi\u00f3 vam poder veure l&#8217;Stop Motion acabat. Estavem molt nerviosos i teniem moltes ganes de veure com havia quedat i ens va&#8230; ENCANTAR!<\/p>\n<p style=\"text-align: left;\">MOLTES GR\u00c0CIES JORDI!!!<\/p>\n<p>&nbsp;<\/p>\n<p>https:\/\/youtu.be\/4f2mEbO-jqc<\/p>\n<p>EL MAKING OF<\/p>\n<p><iframe loading=\"lazy\" src=\"https:\/\/www.youtube.com\/embed\/t4m9pZDyy7Y\" width=\"560\" height=\"315\" frameborder=\"0\" allowfullscreen=\"allowfullscreen\"><\/iframe><\/p>\n","protected":false},"excerpt":{"rendered":"<p>En Jordi Sol\u00e9, el pare de l&#8217;Alba Sol\u00e9, ens ha fet una taller xul\u00edssim als nens i nenes de la classe del Cine. A la primera sessi\u00f3 ens va explicar com es feien els dibuixos animats i la t\u00e8cnica de l&#8217;Stop Motion. Despr\u00e9s ens va fer la proposta de fer junts un Stop Motion del [&hellip;]<\/p>\n","protected":false},"author":1,"featured_media":2135,"comment_status":"open","ping_status":"closed","sticky":false,"template":"","format":"standard","meta":{"_bbp_topic_count":0,"_bbp_reply_count":0,"_bbp_total_topic_count":0,"_bbp_total_reply_count":0,"_bbp_voice_count":0,"_bbp_anonymous_reply_count":0,"_bbp_topic_count_hidden":0,"_bbp_reply_count_hidden":0,"_bbp_forum_subforum_count":0,"site-sidebar-layout":"default","site-content-layout":"","ast-site-content-layout":"","site-content-style":"default","site-sidebar-style":"default","ast-global-header-display":"","ast-banner-title-visibility":"","ast-main-header-display":"","ast-hfb-above-header-display":"","ast-hfb-below-header-display":"","ast-hfb-mobile-header-display":"","site-post-title":"","ast-breadcrumbs-content":"","ast-featured-img":"","footer-sml-layout":"","theme-transparent-header-meta":"","adv-header-id-meta":"","stick-header-meta":"","header-above-stick-meta":"","header-main-stick-meta":"","header-below-stick-meta":"","astra-migrate-meta-layouts":"default","ast-page-background-enabled":"default","ast-page-background-meta":{"desktop":{"background-color":"var(--ast-global-color-4)","background-image":"","background-repeat":"repeat","background-position":"center center","background-size":"auto","background-attachment":"scroll","background-type":"","background-media":"","overlay-type":"","overlay-color":"","overlay-opacity":"","overlay-gradient":""},"tablet":{"background-color":"","background-image":"","background-repeat":"repeat","background-position":"center center","background-size":"auto","background-attachment":"scroll","background-type":"","background-media":"","overlay-type":"","overlay-color":"","overlay-opacity":"","overlay-gradient":""},"mobile":{"background-color":"","background-image":"","background-repeat":"repeat","background-position":"center center","background-size":"auto","background-attachment":"scroll","background-type":"","background-media":"","overlay-type":"","overlay-color":"","overlay-opacity":"","overlay-gradient":""}},"ast-content-background-meta":{"desktop":{"background-color":"var(--ast-global-color-5)","background-image":"","background-repeat":"repeat","background-position":"center center","background-size":"auto","background-attachment":"scroll","background-type":"","background-media":"","overlay-type":"","overlay-color":"","overlay-opacity":"","overlay-gradient":""},"tablet":{"background-color":"var(--ast-global-color-5)","background-image":"","background-repeat":"repeat","background-position":"center center","background-size":"auto","background-attachment":"scroll","background-type":"","background-media":"","overlay-type":"","overlay-color":"","overlay-opacity":"","overlay-gradient":""},"mobile":{"background-color":"var(--ast-global-color-5)","background-image":"","background-repeat":"repeat","background-position":"center center","background-size":"auto","background-attachment":"scroll","background-type":"","background-media":"","overlay-type":"","overlay-color":"","overlay-opacity":"","overlay-gradient":""}},"footnotes":""},"categories":[60,4],"tags":[244,243,245],"class_list":["post-2130","post","type-post","status-publish","format-standard","has-post-thumbnail","hentry","category-cicle-mitja","category-portada","tag-sistema-solar","tag-stop-motion","tag-viatge-per-a-les-estrelles"],"post_mailing_queue_ids":[],"_links":{"self":[{"href":"https:\/\/agora.xtec.cat\/ceipbellpuig\/wp-json\/wp\/v2\/posts\/2130","targetHints":{"allow":["GET"]}}],"collection":[{"href":"https:\/\/agora.xtec.cat\/ceipbellpuig\/wp-json\/wp\/v2\/posts"}],"about":[{"href":"https:\/\/agora.xtec.cat\/ceipbellpuig\/wp-json\/wp\/v2\/types\/post"}],"author":[{"embeddable":true,"href":"https:\/\/agora.xtec.cat\/ceipbellpuig\/wp-json\/wp\/v2\/users\/1"}],"replies":[{"embeddable":true,"href":"https:\/\/agora.xtec.cat\/ceipbellpuig\/wp-json\/wp\/v2\/comments?post=2130"}],"version-history":[{"count":3,"href":"https:\/\/agora.xtec.cat\/ceipbellpuig\/wp-json\/wp\/v2\/posts\/2130\/revisions"}],"predecessor-version":[{"id":2144,"href":"https:\/\/agora.xtec.cat\/ceipbellpuig\/wp-json\/wp\/v2\/posts\/2130\/revisions\/2144"}],"wp:featuredmedia":[{"embeddable":true,"href":"https:\/\/agora.xtec.cat\/ceipbellpuig\/wp-json\/wp\/v2\/media\/2135"}],"wp:attachment":[{"href":"https:\/\/agora.xtec.cat\/ceipbellpuig\/wp-json\/wp\/v2\/media?parent=2130"}],"wp:term":[{"taxonomy":"category","embeddable":true,"href":"https:\/\/agora.xtec.cat\/ceipbellpuig\/wp-json\/wp\/v2\/categories?post=2130"},{"taxonomy":"post_tag","embeddable":true,"href":"https:\/\/agora.xtec.cat\/ceipbellpuig\/wp-json\/wp\/v2\/tags?post=2130"}],"curies":[{"name":"wp","href":"https:\/\/api.w.org\/{rel}","templated":true}]}}