{"id":2013,"date":"2019-02-06T12:16:57","date_gmt":"2019-02-06T11:16:57","guid":{"rendered":"http:\/\/agora.xtec.cat\/ceipbellpuig\/?p=2013"},"modified":"2019-02-06T12:16:57","modified_gmt":"2019-02-06T11:16:57","slug":"lespai-de-modelatge","status":"publish","type":"post","link":"https:\/\/agora.xtec.cat\/ceipbellpuig\/portada\/lespai-de-modelatge\/","title":{"rendered":"L\u2019ESPAI DE MODELATGE"},"content":{"rendered":"<p>El grup dels grans, treballem el modelatge amb diferents materials, per tal que els nens i nenes experimentin amb diverses textures i aprenguin que\u00a0 tots tenen diferents tractaments i es poden modelar, amb les nostres mans com a principal eina, un munt d\u2019objectes art\u00edstics.<\/p>\n<p><a href=\"https:\/\/agora.xtec.cat\/ceipbellpuig\/wp-content\/uploads\/usu1575\/2019\/02\/COCODRIL.jpg\"><img loading=\"lazy\" decoding=\"async\" class=\"wp-image-2014 alignleft\" src=\"https:\/\/agora.xtec.cat\/ceipbellpuig\/wp-content\/uploads\/usu1575\/2019\/02\/COCODRIL.jpg\" alt=\"\" width=\"171\" height=\"228\" srcset=\"https:\/\/agora.xtec.cat\/ceipbellpuig\/wp-content\/uploads\/usu1575\/2019\/02\/COCODRIL.jpg 479w, https:\/\/agora.xtec.cat\/ceipbellpuig\/wp-content\/uploads\/usu1575\/2019\/02\/COCODRIL-225x300.jpg 225w\" sizes=\"auto, (max-width: 171px) 100vw, 171px\" \/><\/a>El primer material que treballem, \u00e9s el fang, ja que \u00e9s un material natural molt estimulant i atractiu que \u00e9s pot manipular f\u00e0cilment, per\u00f2 s\u2019han de tenir en compte una s\u00e8rie de recomanacions com: humitejar-lo perqu\u00e8 sin\u00f3 s\u2019asseca, com enganxar peces de fang i com treballar-lo perqu\u00e8 no es trenqui quan estigui sec. Tamb\u00e9 els explico que el fang, s\u2019utilitza sobretot per fer cer\u00e0micaque normalment es cou en forns especials i es pot pintar abans. Com a referent ceramista, he presentat a Jordi Aiguad\u00e9.<\/p>\n<p>La plastilina \u00e9s un altre material que utilitzem, molt mal\u00b7leable i f\u00e0cil de treballar. Ja fa anys que aquest material s\u2019utilitza en l\u2019animaci\u00f3 i s\u2019han fet v\u00e0ries pel\u00b7l\u00edcules.<\/p>\n<p><a href=\"https:\/\/photos.app.goo.gl\/YKypjY2MJ4tzXGkk8\" target=\"_blank\" rel=\"noopener\">FOTOS<\/a><\/p>\n","protected":false},"excerpt":{"rendered":"<p>El grup dels grans, treballem el modelatge amb diferents materials, per tal que els nens i nenes experimentin amb diverses textures i aprenguin que\u00a0 tots tenen diferents tractaments i es poden modelar, amb les nostres mans com a principal eina, un munt d\u2019objectes art\u00edstics. El primer material que treballem, \u00e9s el fang, ja que \u00e9s [&hellip;]<\/p>\n","protected":false},"author":4,"featured_media":0,"comment_status":"open","ping_status":"closed","sticky":false,"template":"","format":"standard","meta":{"_bbp_topic_count":0,"_bbp_reply_count":0,"_bbp_total_topic_count":0,"_bbp_total_reply_count":0,"_bbp_voice_count":0,"_bbp_anonymous_reply_count":0,"_bbp_topic_count_hidden":0,"_bbp_reply_count_hidden":0,"_bbp_forum_subforum_count":0,"site-sidebar-layout":"default","site-content-layout":"","ast-site-content-layout":"","site-content-style":"default","site-sidebar-style":"default","ast-global-header-display":"","ast-banner-title-visibility":"","ast-main-header-display":"","ast-hfb-above-header-display":"","ast-hfb-below-header-display":"","ast-hfb-mobile-header-display":"","site-post-title":"","ast-breadcrumbs-content":"","ast-featured-img":"","footer-sml-layout":"","theme-transparent-header-meta":"","adv-header-id-meta":"","stick-header-meta":"","header-above-stick-meta":"","header-main-stick-meta":"","header-below-stick-meta":"","astra-migrate-meta-layouts":"default","ast-page-background-enabled":"default","ast-page-background-meta":{"desktop":{"background-color":"var(--ast-global-color-4)","background-image":"","background-repeat":"repeat","background-position":"center center","background-size":"auto","background-attachment":"scroll","background-type":"","background-media":"","overlay-type":"","overlay-color":"","overlay-opacity":"","overlay-gradient":""},"tablet":{"background-color":"","background-image":"","background-repeat":"repeat","background-position":"center center","background-size":"auto","background-attachment":"scroll","background-type":"","background-media":"","overlay-type":"","overlay-color":"","overlay-opacity":"","overlay-gradient":""},"mobile":{"background-color":"","background-image":"","background-repeat":"repeat","background-position":"center center","background-size":"auto","background-attachment":"scroll","background-type":"","background-media":"","overlay-type":"","overlay-color":"","overlay-opacity":"","overlay-gradient":""}},"ast-content-background-meta":{"desktop":{"background-color":"var(--ast-global-color-5)","background-image":"","background-repeat":"repeat","background-position":"center center","background-size":"auto","background-attachment":"scroll","background-type":"","background-media":"","overlay-type":"","overlay-color":"","overlay-opacity":"","overlay-gradient":""},"tablet":{"background-color":"var(--ast-global-color-5)","background-image":"","background-repeat":"repeat","background-position":"center center","background-size":"auto","background-attachment":"scroll","background-type":"","background-media":"","overlay-type":"","overlay-color":"","overlay-opacity":"","overlay-gradient":""},"mobile":{"background-color":"var(--ast-global-color-5)","background-image":"","background-repeat":"repeat","background-position":"center center","background-size":"auto","background-attachment":"scroll","background-type":"","background-media":"","overlay-type":"","overlay-color":"","overlay-opacity":"","overlay-gradient":""}},"footnotes":""},"categories":[60,61,4,5],"tags":[],"class_list":["post-2013","post","type-post","status-publish","format-standard","hentry","category-cicle-mitja","category-cicle-superior","category-portada","category-primaria"],"post_mailing_queue_ids":[],"_links":{"self":[{"href":"https:\/\/agora.xtec.cat\/ceipbellpuig\/wp-json\/wp\/v2\/posts\/2013","targetHints":{"allow":["GET"]}}],"collection":[{"href":"https:\/\/agora.xtec.cat\/ceipbellpuig\/wp-json\/wp\/v2\/posts"}],"about":[{"href":"https:\/\/agora.xtec.cat\/ceipbellpuig\/wp-json\/wp\/v2\/types\/post"}],"author":[{"embeddable":true,"href":"https:\/\/agora.xtec.cat\/ceipbellpuig\/wp-json\/wp\/v2\/users\/4"}],"replies":[{"embeddable":true,"href":"https:\/\/agora.xtec.cat\/ceipbellpuig\/wp-json\/wp\/v2\/comments?post=2013"}],"version-history":[{"count":1,"href":"https:\/\/agora.xtec.cat\/ceipbellpuig\/wp-json\/wp\/v2\/posts\/2013\/revisions"}],"predecessor-version":[{"id":2015,"href":"https:\/\/agora.xtec.cat\/ceipbellpuig\/wp-json\/wp\/v2\/posts\/2013\/revisions\/2015"}],"wp:attachment":[{"href":"https:\/\/agora.xtec.cat\/ceipbellpuig\/wp-json\/wp\/v2\/media?parent=2013"}],"wp:term":[{"taxonomy":"category","embeddable":true,"href":"https:\/\/agora.xtec.cat\/ceipbellpuig\/wp-json\/wp\/v2\/categories?post=2013"},{"taxonomy":"post_tag","embeddable":true,"href":"https:\/\/agora.xtec.cat\/ceipbellpuig\/wp-json\/wp\/v2\/tags?post=2013"}],"curies":[{"name":"wp","href":"https:\/\/api.w.org\/{rel}","templated":true}]}}