{"id":2010,"date":"2019-02-02T12:41:53","date_gmt":"2019-02-02T11:41:53","guid":{"rendered":"http:\/\/agora.xtec.cat\/ceipbellpuig\/?p=2010"},"modified":"2019-02-23T12:55:57","modified_gmt":"2019-02-23T11:55:57","slug":"els-grans-anem-al-palau-de-la-musica","status":"publish","type":"post","link":"https:\/\/agora.xtec.cat\/ceipbellpuig\/portada\/els-grans-anem-al-palau-de-la-musica\/","title":{"rendered":"ELS GRANS AL PALAU DE LA M\u00daSICA"},"content":{"rendered":"<p>El dilluns 28 de gener els Grans de l&#8217;escola (4t, 5\u00e8 i 6\u00e8) vam anar al Palau de la m\u00fasica catalana.<\/p>\n<p><a href=\"https:\/\/agora.xtec.cat\/ceipbellpuig\/wp-content\/uploads\/usu1575\/2019\/02\/palau-de-la-musica-catalana-barcellona.jpg\"><img loading=\"lazy\" decoding=\"async\" class=\"wp-image-2011 aligncenter\" src=\"https:\/\/agora.xtec.cat\/ceipbellpuig\/wp-content\/uploads\/usu1575\/2019\/02\/palau-de-la-musica-catalana-barcellona.jpg\" alt=\"\" width=\"320\" height=\"213\" srcset=\"https:\/\/agora.xtec.cat\/ceipbellpuig\/wp-content\/uploads\/usu1575\/2019\/02\/palau-de-la-musica-catalana-barcellona.jpg 900w, https:\/\/agora.xtec.cat\/ceipbellpuig\/wp-content\/uploads\/usu1575\/2019\/02\/palau-de-la-musica-catalana-barcellona-300x200.jpg 300w, https:\/\/agora.xtec.cat\/ceipbellpuig\/wp-content\/uploads\/usu1575\/2019\/02\/palau-de-la-musica-catalana-barcellona-768x512.jpg 768w\" sizes=\"auto, (max-width: 320px) 100vw, 320px\" \/><\/a><\/p>\n<p>En arribar a Barcelona, vam esmorzar a la pla\u00e7a del mercat de Sta Caterina i les mestres ens van donar un pl\u00e0nol de la zona de la ciutat per la que ens mour\u00edem amb 3 itineraris marcats. Aix\u00ed doncs, despr\u00e9s d&#8217;emorzar vam anar seguint el primer itinerari que ens condu\u00efa fins al Palau.<\/p>\n<p>All\u00ed ens esperava la Buia, mare de la Mariona de 4t que hi treballa i ens va explicar algunes coses d&#8217;aquest espai. Gr\u00e0cies al Projecte que havien realitzat els nens i nenes de 5\u00e8 sobre el Modernisme vam identificar algunes caracter\u00edstiques de l&#8217;edifici: formes ondulades, elements de la natura, mosaic&#8230;<\/p>\n<p>A continuaci\u00f3 vam poder gaudir de l&#8217;espectacle &#8220;Les m\u00fasiques del m\u00f3n&#8221; que ens va agradar molt a tots. Cinc m\u00fasics que nom\u00e9s amb la veu eren capa\u00e7os de reproduir sons, ritmes i instruments de tot el m\u00f3n. Vam viatjar de la \u00cdndia a Su\u00efssa, a la Xina o a paisos d&#8217;\u00c0frica.<\/p>\n<p>Un cop acabat l&#8217;espectacle vam tenir una sorpresa: poder pujar a l&#8217;escenari del palau i fer preguntes als m\u00fasics de l&#8217;espectacle!<\/p>\n<p>Sortint del Palau ens vam moure pels carrers de Barcelona seguint en el pl\u00e0nol l&#8217;itinerari 2 que ens condu\u00efa a la Pla\u00e7a Sant Jaume.<\/p>\n<p>Vam dinar a la Pla\u00e7a de la Catedral i vam passejar seguint el tercer itinerari que tot passant per Sta Maria del Mar ens portava fins al port Vell on ens recollia l&#8217;autocar.<\/p>\n<p>Un agradable sortida que ens va deixar admirar la m\u00fasica i llocs emblem\u00e0tics de Barcelona.<\/p>\n<p><a href=\"https:\/\/photos.app.goo.gl\/meTwnCMZ3y2b8A7p8\">FOTOS PALAU<\/a><\/p>\n<p>&nbsp;<\/p>\n<p>&nbsp;<\/p>\n<p>&nbsp;<\/p>\n<p>&nbsp;<\/p>\n<p>&nbsp;<\/p>\n<p>&nbsp;<\/p>\n","protected":false},"excerpt":{"rendered":"<p>El dilluns 28 de gener els Grans de l&#8217;escola (4t, 5\u00e8 i 6\u00e8) vam anar al Palau de la m\u00fasica catalana. En arribar a Barcelona, vam esmorzar a la pla\u00e7a del mercat de Sta Caterina i les mestres ens van donar un pl\u00e0nol de la zona de la ciutat per la que ens mour\u00edem amb [&hellip;]<\/p>\n","protected":false},"author":13,"featured_media":0,"comment_status":"open","ping_status":"closed","sticky":false,"template":"","format":"standard","meta":{"_bbp_topic_count":0,"_bbp_reply_count":0,"_bbp_total_topic_count":0,"_bbp_total_reply_count":0,"_bbp_voice_count":0,"_bbp_anonymous_reply_count":0,"_bbp_topic_count_hidden":0,"_bbp_reply_count_hidden":0,"_bbp_forum_subforum_count":0,"site-sidebar-layout":"default","site-content-layout":"","ast-site-content-layout":"","site-content-style":"default","site-sidebar-style":"default","ast-global-header-display":"","ast-banner-title-visibility":"","ast-main-header-display":"","ast-hfb-above-header-display":"","ast-hfb-below-header-display":"","ast-hfb-mobile-header-display":"","site-post-title":"","ast-breadcrumbs-content":"","ast-featured-img":"","footer-sml-layout":"","theme-transparent-header-meta":"","adv-header-id-meta":"","stick-header-meta":"","header-above-stick-meta":"","header-main-stick-meta":"","header-below-stick-meta":"","astra-migrate-meta-layouts":"default","ast-page-background-enabled":"default","ast-page-background-meta":{"desktop":{"background-color":"var(--ast-global-color-4)","background-image":"","background-repeat":"repeat","background-position":"center center","background-size":"auto","background-attachment":"scroll","background-type":"","background-media":"","overlay-type":"","overlay-color":"","overlay-opacity":"","overlay-gradient":""},"tablet":{"background-color":"","background-image":"","background-repeat":"repeat","background-position":"center center","background-size":"auto","background-attachment":"scroll","background-type":"","background-media":"","overlay-type":"","overlay-color":"","overlay-opacity":"","overlay-gradient":""},"mobile":{"background-color":"","background-image":"","background-repeat":"repeat","background-position":"center center","background-size":"auto","background-attachment":"scroll","background-type":"","background-media":"","overlay-type":"","overlay-color":"","overlay-opacity":"","overlay-gradient":""}},"ast-content-background-meta":{"desktop":{"background-color":"var(--ast-global-color-5)","background-image":"","background-repeat":"repeat","background-position":"center center","background-size":"auto","background-attachment":"scroll","background-type":"","background-media":"","overlay-type":"","overlay-color":"","overlay-opacity":"","overlay-gradient":""},"tablet":{"background-color":"var(--ast-global-color-5)","background-image":"","background-repeat":"repeat","background-position":"center center","background-size":"auto","background-attachment":"scroll","background-type":"","background-media":"","overlay-type":"","overlay-color":"","overlay-opacity":"","overlay-gradient":""},"mobile":{"background-color":"var(--ast-global-color-5)","background-image":"","background-repeat":"repeat","background-position":"center center","background-size":"auto","background-attachment":"scroll","background-type":"","background-media":"","overlay-type":"","overlay-color":"","overlay-opacity":"","overlay-gradient":""}},"footnotes":""},"categories":[60,61,92,4,5],"tags":[229,130,120],"class_list":["post-2010","post","type-post","status-publish","format-standard","hentry","category-cicle-mitja","category-cicle-superior","category-musica","category-portada","category-primaria","tag-grans","tag-musica","tag-tema-del-curs"],"post_mailing_queue_ids":[],"_links":{"self":[{"href":"https:\/\/agora.xtec.cat\/ceipbellpuig\/wp-json\/wp\/v2\/posts\/2010","targetHints":{"allow":["GET"]}}],"collection":[{"href":"https:\/\/agora.xtec.cat\/ceipbellpuig\/wp-json\/wp\/v2\/posts"}],"about":[{"href":"https:\/\/agora.xtec.cat\/ceipbellpuig\/wp-json\/wp\/v2\/types\/post"}],"author":[{"embeddable":true,"href":"https:\/\/agora.xtec.cat\/ceipbellpuig\/wp-json\/wp\/v2\/users\/13"}],"replies":[{"embeddable":true,"href":"https:\/\/agora.xtec.cat\/ceipbellpuig\/wp-json\/wp\/v2\/comments?post=2010"}],"version-history":[{"count":3,"href":"https:\/\/agora.xtec.cat\/ceipbellpuig\/wp-json\/wp\/v2\/posts\/2010\/revisions"}],"predecessor-version":[{"id":2050,"href":"https:\/\/agora.xtec.cat\/ceipbellpuig\/wp-json\/wp\/v2\/posts\/2010\/revisions\/2050"}],"wp:attachment":[{"href":"https:\/\/agora.xtec.cat\/ceipbellpuig\/wp-json\/wp\/v2\/media?parent=2010"}],"wp:term":[{"taxonomy":"category","embeddable":true,"href":"https:\/\/agora.xtec.cat\/ceipbellpuig\/wp-json\/wp\/v2\/categories?post=2010"},{"taxonomy":"post_tag","embeddable":true,"href":"https:\/\/agora.xtec.cat\/ceipbellpuig\/wp-json\/wp\/v2\/tags?post=2010"}],"curies":[{"name":"wp","href":"https:\/\/api.w.org\/{rel}","templated":true}]}}