{"id":1922,"date":"2018-12-30T20:41:23","date_gmt":"2018-12-30T19:41:23","guid":{"rendered":"http:\/\/agora.xtec.cat\/ceipbellpuig\/?p=1922"},"modified":"2019-01-02T11:07:58","modified_gmt":"2019-01-02T10:07:58","slug":"celebrem-el-nadal-2","status":"publish","type":"post","link":"https:\/\/agora.xtec.cat\/ceipbellpuig\/portada\/celebrem-el-nadal-2\/","title":{"rendered":"CELEBREM EL NADAL"},"content":{"rendered":"<p>DIA PLE DE SORPRESES I EMOCIONS!!!<\/p>\n<p>Aquest mat\u00ed hem arribat a l&#8217;escola i ens hem trobat un pessebre vivent que ens ha cantat la can\u00e7\u00f3 nadalenca del Fum Fum!<\/p>\n<p>Tot seguit hem escoltat Radio Bellpuig i cap al gimn\u00e0s hi falta gent!<\/p>\n<p>Al gimn\u00e0s han continuat les sorpreses! Hem tingut dues representacions dels pastorets:<\/p>\n<ul>\n<li>una dels mestres de l&#8217;escola: impressionant!<\/li>\n<li>I els pastorets al rev\u00e9s! Els alumnes de 5\u00e8 i 6\u00e8, ens han representat uns pastorets molt divertits!<\/li>\n<\/ul>\n<p>Quina gana! Cap a menjar xocolata defeta, mmmmmmmm per llepar-se&#8217;n els dits!<\/p>\n<p>I despr\u00e9s de jugar i gaudir del pati obert,&#8230; cap a cagar el TI\u00d3 i a obrir els regals dels amics\/amigues invisibles.<\/p>\n<p>QUIN BON FINAL DE TRIMESTRE!!!<\/p>\n<p>FOTOS:<\/p>\n<ul>\n<li><a href=\"https:\/\/photos.app.goo.gl\/2mq6StB5fxvZbpPf6\" target=\"_blank\" rel=\"noopener\">Pessebre<\/a><\/li>\n<li><a href=\"https:\/\/photos.app.goo.gl\/kgB9cYsMnZ4B196v9\" target=\"_blank\" rel=\"noopener\">Xocolatada<\/a><\/li>\n<li><a href=\"https:\/\/photos.app.goo.gl\/bV7Eqoaq6tKgCJp89\" target=\"_blank\" rel=\"noopener\">TI\u00d3<\/a><\/li>\n<li><a href=\"https:\/\/photos.app.goo.gl\/riFtFp6pmqPPBE4x7\" target=\"_blank\" rel=\"noopener\">Amics i amigues invisibles<\/a><\/li>\n<\/ul>\n<p>&nbsp;<\/p>\n<p>&nbsp;<\/p>\n<p>&nbsp;<\/p>\n","protected":false},"excerpt":{"rendered":"<p>DIA PLE DE SORPRESES I EMOCIONS!!! Aquest mat\u00ed hem arribat a l&#8217;escola i ens hem trobat un pessebre vivent que ens ha cantat la can\u00e7\u00f3 nadalenca del Fum Fum! Tot seguit hem escoltat Radio Bellpuig i cap al gimn\u00e0s hi falta gent! Al gimn\u00e0s han continuat les sorpreses! Hem tingut dues representacions dels pastorets: una [&hellip;]<\/p>\n","protected":false},"author":1,"featured_media":1961,"comment_status":"open","ping_status":"closed","sticky":false,"template":"","format":"standard","meta":{"_bbp_topic_count":0,"_bbp_reply_count":0,"_bbp_total_topic_count":0,"_bbp_total_reply_count":0,"_bbp_voice_count":0,"_bbp_anonymous_reply_count":0,"_bbp_topic_count_hidden":0,"_bbp_reply_count_hidden":0,"_bbp_forum_subforum_count":0,"site-sidebar-layout":"default","site-content-layout":"","ast-site-content-layout":"","site-content-style":"default","site-sidebar-style":"default","ast-global-header-display":"","ast-banner-title-visibility":"","ast-main-header-display":"","ast-hfb-above-header-display":"","ast-hfb-below-header-display":"","ast-hfb-mobile-header-display":"","site-post-title":"","ast-breadcrumbs-content":"","ast-featured-img":"","footer-sml-layout":"","theme-transparent-header-meta":"","adv-header-id-meta":"","stick-header-meta":"","header-above-stick-meta":"","header-main-stick-meta":"","header-below-stick-meta":"","astra-migrate-meta-layouts":"default","ast-page-background-enabled":"default","ast-page-background-meta":{"desktop":{"background-color":"var(--ast-global-color-4)","background-image":"","background-repeat":"repeat","background-position":"center center","background-size":"auto","background-attachment":"scroll","background-type":"","background-media":"","overlay-type":"","overlay-color":"","overlay-opacity":"","overlay-gradient":""},"tablet":{"background-color":"","background-image":"","background-repeat":"repeat","background-position":"center center","background-size":"auto","background-attachment":"scroll","background-type":"","background-media":"","overlay-type":"","overlay-color":"","overlay-opacity":"","overlay-gradient":""},"mobile":{"background-color":"","background-image":"","background-repeat":"repeat","background-position":"center center","background-size":"auto","background-attachment":"scroll","background-type":"","background-media":"","overlay-type":"","overlay-color":"","overlay-opacity":"","overlay-gradient":""}},"ast-content-background-meta":{"desktop":{"background-color":"var(--ast-global-color-5)","background-image":"","background-repeat":"repeat","background-position":"center center","background-size":"auto","background-attachment":"scroll","background-type":"","background-media":"","overlay-type":"","overlay-color":"","overlay-opacity":"","overlay-gradient":""},"tablet":{"background-color":"var(--ast-global-color-5)","background-image":"","background-repeat":"repeat","background-position":"center center","background-size":"auto","background-attachment":"scroll","background-type":"","background-media":"","overlay-type":"","overlay-color":"","overlay-opacity":"","overlay-gradient":""},"mobile":{"background-color":"var(--ast-global-color-5)","background-image":"","background-repeat":"repeat","background-position":"center center","background-size":"auto","background-attachment":"scroll","background-type":"","background-media":"","overlay-type":"","overlay-color":"","overlay-opacity":"","overlay-gradient":""}},"footnotes":""},"categories":[64,75,76,4],"tags":[226],"class_list":["post-1922","post","type-post","status-publish","format-standard","has-post-thumbnail","hentry","category-escola-bellpuig","category-festes","category-nivells","category-portada","tag-nadal-18"],"post_mailing_queue_ids":[],"_links":{"self":[{"href":"https:\/\/agora.xtec.cat\/ceipbellpuig\/wp-json\/wp\/v2\/posts\/1922","targetHints":{"allow":["GET"]}}],"collection":[{"href":"https:\/\/agora.xtec.cat\/ceipbellpuig\/wp-json\/wp\/v2\/posts"}],"about":[{"href":"https:\/\/agora.xtec.cat\/ceipbellpuig\/wp-json\/wp\/v2\/types\/post"}],"author":[{"embeddable":true,"href":"https:\/\/agora.xtec.cat\/ceipbellpuig\/wp-json\/wp\/v2\/users\/1"}],"replies":[{"embeddable":true,"href":"https:\/\/agora.xtec.cat\/ceipbellpuig\/wp-json\/wp\/v2\/comments?post=1922"}],"version-history":[{"count":3,"href":"https:\/\/agora.xtec.cat\/ceipbellpuig\/wp-json\/wp\/v2\/posts\/1922\/revisions"}],"predecessor-version":[{"id":1953,"href":"https:\/\/agora.xtec.cat\/ceipbellpuig\/wp-json\/wp\/v2\/posts\/1922\/revisions\/1953"}],"wp:featuredmedia":[{"embeddable":true,"href":"https:\/\/agora.xtec.cat\/ceipbellpuig\/wp-json\/wp\/v2\/media\/1961"}],"wp:attachment":[{"href":"https:\/\/agora.xtec.cat\/ceipbellpuig\/wp-json\/wp\/v2\/media?parent=1922"}],"wp:term":[{"taxonomy":"category","embeddable":true,"href":"https:\/\/agora.xtec.cat\/ceipbellpuig\/wp-json\/wp\/v2\/categories?post=1922"},{"taxonomy":"post_tag","embeddable":true,"href":"https:\/\/agora.xtec.cat\/ceipbellpuig\/wp-json\/wp\/v2\/tags?post=1922"}],"curies":[{"name":"wp","href":"https:\/\/api.w.org\/{rel}","templated":true}]}}