{"id":1901,"date":"2018-12-21T12:44:40","date_gmt":"2018-12-21T11:44:40","guid":{"rendered":"http:\/\/agora.xtec.cat\/ceipbellpuig\/?p=1901"},"modified":"2018-12-26T12:13:00","modified_gmt":"2018-12-26T11:13:00","slug":"1er-trimestre-del-menjador","status":"publish","type":"post","link":"https:\/\/agora.xtec.cat\/ceipbellpuig\/general\/1er-trimestre-del-menjador\/","title":{"rendered":"1er trimestre del menjador"},"content":{"rendered":"<p>Ja s&#8217;acaba el primer trimestre i des de l&#8217;equip de menjador us volem fer arribar algunes de les estones i de les activitats que ens han ocupat els migdies durant aquests tres mesos.<\/p>\n<p>Aquest curs el nostre projecte \u00e9s &#8220;<strong>El menjador que jo somio<\/strong>&#8221; del qual se&#8217;n desprenen moltes de les activitats i rutines.<\/p>\n<p>En aquest primer trimestre hem canviat la decoraci\u00f3 del menjador. Hem renovat els calendaris dels aniversaris, hem penjat uns focs artificials a la paret que d\u00f3na a la cuina, hem fet uns arbres de tardor <span class=\"hiddenGrammarError\">pintat<\/span> amb les mans i els dits, hem celebrat la castanyada i aquests \u00faltims dies hem fet un gran arbre de nadal on els infants hi han penjat boles de cartolina decorades i uns desitjos personals.<br \/>\n<a href=\"https:\/\/agora.xtec.cat\/ceipbellpuig\/wp-content\/uploads\/usu1575\/2018\/12\/PicsArt_12-19-07.15.44.jpg\"><img loading=\"lazy\" decoding=\"async\" class=\"alignnone wp-image-1937\" src=\"https:\/\/agora.xtec.cat\/ceipbellpuig\/wp-content\/uploads\/usu1575\/2018\/12\/PicsArt_12-19-07.15.44-1024x552.jpg\" alt=\"\" width=\"381\" height=\"205\" srcset=\"https:\/\/agora.xtec.cat\/ceipbellpuig\/wp-content\/uploads\/usu1575\/2018\/12\/PicsArt_12-19-07.15.44-1024x552.jpg 1024w, https:\/\/agora.xtec.cat\/ceipbellpuig\/wp-content\/uploads\/usu1575\/2018\/12\/PicsArt_12-19-07.15.44-300x162.jpg 300w, https:\/\/agora.xtec.cat\/ceipbellpuig\/wp-content\/uploads\/usu1575\/2018\/12\/PicsArt_12-19-07.15.44-768x414.jpg 768w, https:\/\/agora.xtec.cat\/ceipbellpuig\/wp-content\/uploads\/usu1575\/2018\/12\/PicsArt_12-19-07.15.44.jpg 1599w\" sizes=\"auto, (max-width: 381px) 100vw, 381px\" \/><\/a><\/p>\n<p>Dins la nostra rutina di\u00e0ria hem continuat amb el projecte &#8220;<strong>servim-nos<\/strong>&#8220;. Tots els nens i nenes en arribar al menjador es paren la taula, els d&#8217;infantil es posen la bata, se serveixen el dinar, parlem de com ens sentim, com ha anat el mat\u00ed, parlem dels aliments que mengem, en acabar retirem plats i gots, <span class=\"hiddenGreenError\">netejam<\/span> taules i ens preparem per sortir a jugar.<br \/>\n<a href=\"https:\/\/agora.xtec.cat\/ceipbellpuig\/wp-content\/uploads\/usu1575\/2018\/12\/PicsArt_12-19-07.06.59.jpg\"><img loading=\"lazy\" decoding=\"async\" class=\"alignnone wp-image-1930\" src=\"https:\/\/agora.xtec.cat\/ceipbellpuig\/wp-content\/uploads\/usu1575\/2018\/12\/PicsArt_12-19-07.06.59-1013x1024.jpg\" alt=\"\" width=\"356\" height=\"360\" srcset=\"https:\/\/agora.xtec.cat\/ceipbellpuig\/wp-content\/uploads\/usu1575\/2018\/12\/PicsArt_12-19-07.06.59-1013x1024.jpg 1013w, https:\/\/agora.xtec.cat\/ceipbellpuig\/wp-content\/uploads\/usu1575\/2018\/12\/PicsArt_12-19-07.06.59-297x300.jpg 297w, https:\/\/agora.xtec.cat\/ceipbellpuig\/wp-content\/uploads\/usu1575\/2018\/12\/PicsArt_12-19-07.06.59-768x776.jpg 768w, https:\/\/agora.xtec.cat\/ceipbellpuig\/wp-content\/uploads\/usu1575\/2018\/12\/PicsArt_12-19-07.06.59.jpg 1187w\" sizes=\"auto, (max-width: 356px) 100vw, 356px\" \/><\/a><\/p>\n<p>Els alumnes de prim\u00e0ria, es renten les dents en acabar i els de P-4 i P-5 comen\u00e7aran a fer-ho en el segon trimestre.<\/p>\n<p>Un cop al pat\u00ed d&#8217;infantil procurem adaptar-nos sempre a les necessitats dels infants. A vegades potenciem el joc lliure per tal d&#8217;afavorir l&#8217;aprenentatge a trav\u00e9s del joc on sovint cal intervenir, ajudar a resoldre conflictes, a marcar unes regles del joc i tamb\u00e9 a teixir les relacions entre els uns i els altres.<br \/>\n<a href=\"https:\/\/agora.xtec.cat\/ceipbellpuig\/wp-content\/uploads\/usu1575\/2018\/12\/PicsArt_12-19-07.23.23.jpg\"><img loading=\"lazy\" decoding=\"async\" class=\"alignnone wp-image-1944\" src=\"https:\/\/agora.xtec.cat\/ceipbellpuig\/wp-content\/uploads\/usu1575\/2018\/12\/PicsArt_12-19-07.23.23-1024x1012.jpg\" alt=\"\" width=\"343\" height=\"339\" srcset=\"https:\/\/agora.xtec.cat\/ceipbellpuig\/wp-content\/uploads\/usu1575\/2018\/12\/PicsArt_12-19-07.23.23-1024x1012.jpg 1024w, https:\/\/agora.xtec.cat\/ceipbellpuig\/wp-content\/uploads\/usu1575\/2018\/12\/PicsArt_12-19-07.23.23-300x297.jpg 300w, https:\/\/agora.xtec.cat\/ceipbellpuig\/wp-content\/uploads\/usu1575\/2018\/12\/PicsArt_12-19-07.23.23-768x759.jpg 768w, https:\/\/agora.xtec.cat\/ceipbellpuig\/wp-content\/uploads\/usu1575\/2018\/12\/PicsArt_12-19-07.23.23.jpg 1157w\" sizes=\"auto, (max-width: 343px) 100vw, 343px\" \/><\/a><\/p>\n<p>Altres vegades optem pel joc dirigit, juguem a l&#8217;atrapada, a fer botigues, a la bomba, etc.<\/p>\n<p>Tamb\u00e9 a vegades ens hem d&#8217;adaptar a les condicions meteorol\u00f2giques i anem al gimn\u00e0s, posem m\u00fasica, dirigim jocs, fem relaxaci\u00f3, etc.<br \/>\n<a href=\"https:\/\/agora.xtec.cat\/ceipbellpuig\/wp-content\/uploads\/usu1575\/2018\/12\/IMG-20181124-WA0013.jpg\"><img loading=\"lazy\" decoding=\"async\" class=\"alignnone wp-image-1914\" src=\"https:\/\/agora.xtec.cat\/ceipbellpuig\/wp-content\/uploads\/usu1575\/2018\/12\/IMG-20181124-WA0013-1024x576.jpg\" alt=\"\" width=\"398\" height=\"224\" srcset=\"https:\/\/agora.xtec.cat\/ceipbellpuig\/wp-content\/uploads\/usu1575\/2018\/12\/IMG-20181124-WA0013-1024x576.jpg 1024w, https:\/\/agora.xtec.cat\/ceipbellpuig\/wp-content\/uploads\/usu1575\/2018\/12\/IMG-20181124-WA0013-300x169.jpg 300w, https:\/\/agora.xtec.cat\/ceipbellpuig\/wp-content\/uploads\/usu1575\/2018\/12\/IMG-20181124-WA0013-768x432.jpg 768w, https:\/\/agora.xtec.cat\/ceipbellpuig\/wp-content\/uploads\/usu1575\/2018\/12\/IMG-20181124-WA0013.jpg 1600w\" sizes=\"auto, (max-width: 398px) 100vw, 398px\" \/><\/a><\/p>\n<p>Normalment a dos quarts de tres els alumnes de P-4 i P-5 entrem a la classe, ens rentem les mans i fem una activitat de quinze minuts dirigida per la monitora, ens serveix per tornar a la calma. Pot ser un conte, el conta dels disbarats, el joc de fer m\u00edmica, uns estiraments, cantem can\u00e7ons, etc.<\/p>\n<p>D&#8217;altra banda, els alumnes de prim\u00e0ria durant les estones de pati tamb\u00e9 han dut a terme iniciatives molt boniques, en aquest trimestre els alumnes de 6\u00e8 han organitzat un concurs de talents oberts a tota la prim\u00e0ria. Durant uns quants dimecres els grups presentats han fet les seves actuacions i el jurat de 6\u00e8 han votat i han anat realitzant una eliminat\u00f2ria fins a arribar al guanyador.<br \/>\n<a href=\"https:\/\/agora.xtec.cat\/ceipbellpuig\/wp-content\/uploads\/usu1575\/2018\/12\/PicsArt_12-19-07.19.16.jpg\"><img loading=\"lazy\" decoding=\"async\" class=\"alignnone wp-image-1941\" src=\"https:\/\/agora.xtec.cat\/ceipbellpuig\/wp-content\/uploads\/usu1575\/2018\/12\/PicsArt_12-19-07.19.16-1024x962.jpg\" alt=\"\" width=\"337\" height=\"317\" srcset=\"https:\/\/agora.xtec.cat\/ceipbellpuig\/wp-content\/uploads\/usu1575\/2018\/12\/PicsArt_12-19-07.19.16-1024x962.jpg 1024w, https:\/\/agora.xtec.cat\/ceipbellpuig\/wp-content\/uploads\/usu1575\/2018\/12\/PicsArt_12-19-07.19.16-300x282.jpg 300w, https:\/\/agora.xtec.cat\/ceipbellpuig\/wp-content\/uploads\/usu1575\/2018\/12\/PicsArt_12-19-07.19.16-768x722.jpg 768w, https:\/\/agora.xtec.cat\/ceipbellpuig\/wp-content\/uploads\/usu1575\/2018\/12\/PicsArt_12-19-07.19.16.jpg 1759w\" sizes=\"auto, (max-width: 337px) 100vw, 337px\" \/><\/a><\/p>\n<p>Una de les altres iniciatives dels alumnes de prim\u00e0ria ha estat el comiat de l&#8217;<span class=\"hiddenSpellError\">Ahmed<\/span>, un dels monitors del menjador que ha marxat de l&#8217;escola. Els nens i nenes des d&#8217;infantil fins a 6\u00e8 juntament amb les monitores i cuineres vam fer un llibre amb fotografies, dedicat\u00f2ries i de m\u00e9s. Va ser un dia molt emocionant per a tots.<br \/>\n<a href=\"https:\/\/agora.xtec.cat\/ceipbellpuig\/wp-content\/uploads\/usu1575\/2018\/12\/PicsArt_12-19-07.16.25.jpg\"><img loading=\"lazy\" decoding=\"async\" class=\"alignnone wp-image-1938\" src=\"https:\/\/agora.xtec.cat\/ceipbellpuig\/wp-content\/uploads\/usu1575\/2018\/12\/PicsArt_12-19-07.16.25-1024x682.jpg\" alt=\"\" width=\"426\" height=\"284\" srcset=\"https:\/\/agora.xtec.cat\/ceipbellpuig\/wp-content\/uploads\/usu1575\/2018\/12\/PicsArt_12-19-07.16.25-1024x682.jpg 1024w, https:\/\/agora.xtec.cat\/ceipbellpuig\/wp-content\/uploads\/usu1575\/2018\/12\/PicsArt_12-19-07.16.25-300x200.jpg 300w, https:\/\/agora.xtec.cat\/ceipbellpuig\/wp-content\/uploads\/usu1575\/2018\/12\/PicsArt_12-19-07.16.25-768x511.jpg 768w, https:\/\/agora.xtec.cat\/ceipbellpuig\/wp-content\/uploads\/usu1575\/2018\/12\/PicsArt_12-19-07.16.25.jpg 1352w\" sizes=\"auto, (max-width: 426px) 100vw, 426px\" \/><\/a><\/p>\n<p>&nbsp;<\/p>\n<p>&nbsp;<\/p>\n<p><strong>Des de l&#8217;equip de menjador us desitgem unes molt bones festes!!!!<\/strong><\/p>\n<p>&nbsp;<\/p>\n","protected":false},"excerpt":{"rendered":"<p>Ja s&#8217;acaba el primer trimestre i des de l&#8217;equip de menjador us volem fer arribar algunes de les estones i de les activitats que ens han ocupat els migdies durant aquests tres mesos. Aquest curs el nostre projecte \u00e9s &#8220;El menjador que jo somio&#8221; del qual se&#8217;n desprenen moltes de les activitats i rutines. En [&hellip;]<\/p>\n","protected":false},"author":1,"featured_media":0,"comment_status":"open","ping_status":"closed","sticky":false,"template":"","format":"standard","meta":{"_bbp_topic_count":0,"_bbp_reply_count":0,"_bbp_total_topic_count":0,"_bbp_total_reply_count":0,"_bbp_voice_count":0,"_bbp_anonymous_reply_count":0,"_bbp_topic_count_hidden":0,"_bbp_reply_count_hidden":0,"_bbp_forum_subforum_count":0,"site-sidebar-layout":"default","site-content-layout":"","ast-site-content-layout":"","site-content-style":"default","site-sidebar-style":"default","ast-global-header-display":"","ast-banner-title-visibility":"","ast-main-header-display":"","ast-hfb-above-header-display":"","ast-hfb-below-header-display":"","ast-hfb-mobile-header-display":"","site-post-title":"","ast-breadcrumbs-content":"","ast-featured-img":"","footer-sml-layout":"","theme-transparent-header-meta":"","adv-header-id-meta":"","stick-header-meta":"","header-above-stick-meta":"","header-main-stick-meta":"","header-below-stick-meta":"","astra-migrate-meta-layouts":"default","ast-page-background-enabled":"default","ast-page-background-meta":{"desktop":{"background-color":"var(--ast-global-color-4)","background-image":"","background-repeat":"repeat","background-position":"center center","background-size":"auto","background-attachment":"scroll","background-type":"","background-media":"","overlay-type":"","overlay-color":"","overlay-opacity":"","overlay-gradient":""},"tablet":{"background-color":"","background-image":"","background-repeat":"repeat","background-position":"center center","background-size":"auto","background-attachment":"scroll","background-type":"","background-media":"","overlay-type":"","overlay-color":"","overlay-opacity":"","overlay-gradient":""},"mobile":{"background-color":"","background-image":"","background-repeat":"repeat","background-position":"center center","background-size":"auto","background-attachment":"scroll","background-type":"","background-media":"","overlay-type":"","overlay-color":"","overlay-opacity":"","overlay-gradient":""}},"ast-content-background-meta":{"desktop":{"background-color":"var(--ast-global-color-5)","background-image":"","background-repeat":"repeat","background-position":"center center","background-size":"auto","background-attachment":"scroll","background-type":"","background-media":"","overlay-type":"","overlay-color":"","overlay-opacity":"","overlay-gradient":""},"tablet":{"background-color":"var(--ast-global-color-5)","background-image":"","background-repeat":"repeat","background-position":"center center","background-size":"auto","background-attachment":"scroll","background-type":"","background-media":"","overlay-type":"","overlay-color":"","overlay-opacity":"","overlay-gradient":""},"mobile":{"background-color":"var(--ast-global-color-5)","background-image":"","background-repeat":"repeat","background-position":"center center","background-size":"auto","background-attachment":"scroll","background-type":"","background-media":"","overlay-type":"","overlay-color":"","overlay-opacity":"","overlay-gradient":""}},"footnotes":""},"categories":[1,221,4,72],"tags":[],"class_list":["post-1901","post","type-post","status-publish","format-standard","hentry","category-general","category-menjador","category-portada","category-serveis"],"post_mailing_queue_ids":[],"_links":{"self":[{"href":"https:\/\/agora.xtec.cat\/ceipbellpuig\/wp-json\/wp\/v2\/posts\/1901","targetHints":{"allow":["GET"]}}],"collection":[{"href":"https:\/\/agora.xtec.cat\/ceipbellpuig\/wp-json\/wp\/v2\/posts"}],"about":[{"href":"https:\/\/agora.xtec.cat\/ceipbellpuig\/wp-json\/wp\/v2\/types\/post"}],"author":[{"embeddable":true,"href":"https:\/\/agora.xtec.cat\/ceipbellpuig\/wp-json\/wp\/v2\/users\/1"}],"replies":[{"embeddable":true,"href":"https:\/\/agora.xtec.cat\/ceipbellpuig\/wp-json\/wp\/v2\/comments?post=1901"}],"version-history":[{"count":2,"href":"https:\/\/agora.xtec.cat\/ceipbellpuig\/wp-json\/wp\/v2\/posts\/1901\/revisions"}],"predecessor-version":[{"id":1946,"href":"https:\/\/agora.xtec.cat\/ceipbellpuig\/wp-json\/wp\/v2\/posts\/1901\/revisions\/1946"}],"wp:attachment":[{"href":"https:\/\/agora.xtec.cat\/ceipbellpuig\/wp-json\/wp\/v2\/media?parent=1901"}],"wp:term":[{"taxonomy":"category","embeddable":true,"href":"https:\/\/agora.xtec.cat\/ceipbellpuig\/wp-json\/wp\/v2\/categories?post=1901"},{"taxonomy":"post_tag","embeddable":true,"href":"https:\/\/agora.xtec.cat\/ceipbellpuig\/wp-json\/wp\/v2\/tags?post=1901"}],"curies":[{"name":"wp","href":"https:\/\/api.w.org\/{rel}","templated":true}]}}