{"id":1818,"date":"2018-11-25T23:26:52","date_gmt":"2018-11-25T22:26:52","guid":{"rendered":"http:\/\/agora.xtec.cat\/ceipbellpuig\/?p=1818"},"modified":"2018-11-26T15:52:12","modified_gmt":"2018-11-26T14:52:12","slug":"santa-cecilia-2018","status":"publish","type":"post","link":"https:\/\/agora.xtec.cat\/ceipbellpuig\/nivells\/petits\/santa-cecilia-2018\/","title":{"rendered":"Santa Cec\u00edlia 2018"},"content":{"rendered":"<p>Un any m\u00e9s hem celebrat Santa Cec\u00edlia amb un munt d&#8217;activitats musicals.<\/p>\n<p>Els petits de l&#8217;escola hem gaudit d&#8217;un preci\u00f3s entreteniment musical amb la Buia Reixach, mare de l&#8217;Oleguer de P3.<\/p>\n<p>Els nens i nenes han cantat, han participat i fins i tot dirigit:<\/p>\n<p><iframe loading=\"lazy\" src=\"https:\/\/www.youtube.com\/embed\/CaDJ5UhjNpA\" width=\"560\" height=\"315\" frameborder=\"0\" allowfullscreen=\"allowfullscreen\"><\/iframe><\/p>\n<p>Tamb\u00e9 podeu veure fotos clicant a l&#8217;enlla\u00e7: <a href=\"https:\/\/photos.app.goo.gl\/3a3j7GzkoXu8qpLi6\" target=\"_blank\" rel=\"noopener\">Fem m\u00fasica amb la Buia<\/a><\/p>\n<p>Els nens i nenes de prim\u00e0ria hem gaudit d&#8217;un convidat molt especial, en Marc Bassols. Amb ell hem fet l&#8217;himne de l&#8217;escola. Ha set una experi\u00e8ncia fant\u00e0stica i ens ho hem passat molt I molt b\u00e9. Despr\u00e9s d&#8217;aquesta activitat tan xula, ens ha explicat com es constitueix un grup musical i qu\u00e8 s&#8217;ha de tenir en compte.<\/p>\n<p>A la tarda els nens i nenes de 3r a 6\u00e8 que estudien instrument ens han fet un concert espectacular. Moltes gr\u00e0cies per fer-nos gaudir de la m\u00fasica!<\/p>\n<p>I tot junts hem cantat una can\u00e7\u00f3 preciosa.<\/p>\n<p>https:\/\/youtu.be\/SBSb5Rio2K4<\/p>\n<p>https:\/\/youtu.be\/ErNmMxCB9kw<\/p>\n<p>Ha estat un dia molt emocionant!<\/p>\n<p><a href=\"https:\/\/photos.app.goo.gl\/vkc1K8sotmXUNLJz5\" target=\"_blank\" rel=\"noopener\">Fotos i v\u00eddeos<\/a><\/p>\n<p>&nbsp;<\/p>\n","protected":false},"excerpt":{"rendered":"<p>Un any m\u00e9s hem celebrat Santa Cec\u00edlia amb un munt d&#8217;activitats musicals. Els petits de l&#8217;escola hem gaudit d&#8217;un preci\u00f3s entreteniment musical amb la Buia Reixach, mare de l&#8217;Oleguer de P3. Els nens i nenes han cantat, han participat i fins i tot dirigit: Tamb\u00e9 podeu veure fotos clicant a l&#8217;enlla\u00e7: Fem m\u00fasica amb la [&hellip;]<\/p>\n","protected":false},"author":1,"featured_media":1823,"comment_status":"open","ping_status":"closed","sticky":false,"template":"","format":"standard","meta":{"_bbp_topic_count":0,"_bbp_reply_count":0,"_bbp_total_topic_count":0,"_bbp_total_reply_count":0,"_bbp_voice_count":0,"_bbp_anonymous_reply_count":0,"_bbp_topic_count_hidden":0,"_bbp_reply_count_hidden":0,"_bbp_forum_subforum_count":0,"site-sidebar-layout":"default","site-content-layout":"","ast-site-content-layout":"","site-content-style":"default","site-sidebar-style":"default","ast-global-header-display":"","ast-banner-title-visibility":"","ast-main-header-display":"","ast-hfb-above-header-display":"","ast-hfb-below-header-display":"","ast-hfb-mobile-header-display":"","site-post-title":"","ast-breadcrumbs-content":"","ast-featured-img":"","footer-sml-layout":"","theme-transparent-header-meta":"","adv-header-id-meta":"","stick-header-meta":"","header-above-stick-meta":"","header-main-stick-meta":"","header-below-stick-meta":"","astra-migrate-meta-layouts":"default","ast-page-background-enabled":"default","ast-page-background-meta":{"desktop":{"background-color":"var(--ast-global-color-4)","background-image":"","background-repeat":"repeat","background-position":"center center","background-size":"auto","background-attachment":"scroll","background-type":"","background-media":"","overlay-type":"","overlay-color":"","overlay-opacity":"","overlay-gradient":""},"tablet":{"background-color":"","background-image":"","background-repeat":"repeat","background-position":"center center","background-size":"auto","background-attachment":"scroll","background-type":"","background-media":"","overlay-type":"","overlay-color":"","overlay-opacity":"","overlay-gradient":""},"mobile":{"background-color":"","background-image":"","background-repeat":"repeat","background-position":"center center","background-size":"auto","background-attachment":"scroll","background-type":"","background-media":"","overlay-type":"","overlay-color":"","overlay-opacity":"","overlay-gradient":""}},"ast-content-background-meta":{"desktop":{"background-color":"var(--ast-global-color-5)","background-image":"","background-repeat":"repeat","background-position":"center center","background-size":"auto","background-attachment":"scroll","background-type":"","background-media":"","overlay-type":"","overlay-color":"","overlay-opacity":"","overlay-gradient":""},"tablet":{"background-color":"var(--ast-global-color-5)","background-image":"","background-repeat":"repeat","background-position":"center center","background-size":"auto","background-attachment":"scroll","background-type":"","background-media":"","overlay-type":"","overlay-color":"","overlay-opacity":"","overlay-gradient":""},"mobile":{"background-color":"var(--ast-global-color-5)","background-image":"","background-repeat":"repeat","background-position":"center center","background-size":"auto","background-attachment":"scroll","background-type":"","background-media":"","overlay-type":"","overlay-color":"","overlay-opacity":"","overlay-gradient":""}},"footnotes":""},"categories":[74,2,92,4,5],"tags":[153,77,130,129],"class_list":["post-1818","post","type-post","status-publish","format-standard","has-post-thumbnail","hentry","category-activitats","category-petits","category-musica","category-portada","category-primaria","tag-e-infantil","tag-escola-bellpuig","tag-musica","tag-santa-cecilia"],"post_mailing_queue_ids":[],"_links":{"self":[{"href":"https:\/\/agora.xtec.cat\/ceipbellpuig\/wp-json\/wp\/v2\/posts\/1818","targetHints":{"allow":["GET"]}}],"collection":[{"href":"https:\/\/agora.xtec.cat\/ceipbellpuig\/wp-json\/wp\/v2\/posts"}],"about":[{"href":"https:\/\/agora.xtec.cat\/ceipbellpuig\/wp-json\/wp\/v2\/types\/post"}],"author":[{"embeddable":true,"href":"https:\/\/agora.xtec.cat\/ceipbellpuig\/wp-json\/wp\/v2\/users\/1"}],"replies":[{"embeddable":true,"href":"https:\/\/agora.xtec.cat\/ceipbellpuig\/wp-json\/wp\/v2\/comments?post=1818"}],"version-history":[{"count":3,"href":"https:\/\/agora.xtec.cat\/ceipbellpuig\/wp-json\/wp\/v2\/posts\/1818\/revisions"}],"predecessor-version":[{"id":1826,"href":"https:\/\/agora.xtec.cat\/ceipbellpuig\/wp-json\/wp\/v2\/posts\/1818\/revisions\/1826"}],"wp:featuredmedia":[{"embeddable":true,"href":"https:\/\/agora.xtec.cat\/ceipbellpuig\/wp-json\/wp\/v2\/media\/1823"}],"wp:attachment":[{"href":"https:\/\/agora.xtec.cat\/ceipbellpuig\/wp-json\/wp\/v2\/media?parent=1818"}],"wp:term":[{"taxonomy":"category","embeddable":true,"href":"https:\/\/agora.xtec.cat\/ceipbellpuig\/wp-json\/wp\/v2\/categories?post=1818"},{"taxonomy":"post_tag","embeddable":true,"href":"https:\/\/agora.xtec.cat\/ceipbellpuig\/wp-json\/wp\/v2\/tags?post=1818"}],"curies":[{"name":"wp","href":"https:\/\/api.w.org\/{rel}","templated":true}]}}