{"id":1769,"date":"2018-10-31T14:08:26","date_gmt":"2018-10-31T13:08:26","guid":{"rendered":"http:\/\/agora.xtec.cat\/ceipbellpuig\/?p=1769"},"modified":"2018-12-05T20:17:00","modified_gmt":"2018-12-05T19:17:00","slug":"eleccions-consell-escolar-18-19","status":"publish","type":"post","link":"https:\/\/agora.xtec.cat\/ceipbellpuig\/portada\/eleccions-consell-escolar-18-19\/","title":{"rendered":"ELECCIONS CONSELL ESCOLAR 18\/19"},"content":{"rendered":"<p><a href=\"https:\/\/agora.xtec.cat\/ceipbellpuig\/wp-content\/uploads\/usu1575\/2018\/10\/vine-a-votar-300x200.jpg\"><img loading=\"lazy\" decoding=\"async\" class=\"aligncenter size-full wp-image-1770\" src=\"https:\/\/agora.xtec.cat\/ceipbellpuig\/wp-content\/uploads\/usu1575\/2018\/10\/vine-a-votar-300x200.jpg\" alt=\"\" width=\"300\" height=\"200\" \/><\/a><\/p>\n<p>Benvolgudes fam\u00edlies,<\/p>\n<p>Segons la RESOLUCI\u00d3 ENS\/2232\/2018, d\u20191 d\u2019octubre, per la qual s\u2019estableix el calendari del proc\u00e9s electorals per renovar els membres dels Consells escolars dels centres p\u00fablics i privats sostinguts amb fons p\u00fablic, es convoquen les eleccions per renovar una part dels membres de Consell Escolar del nostres centre.<\/p>\n<p>Ja que el Consell Escolar \u00e9s l\u2019\u00f2rgan de m\u00e0xima representaci\u00f3 de tots els membres de la comunitat educativa, us encoratgem a participar activament en el proc\u00e9s electoral.<\/p>\n<p>El proc\u00e9s electoral s\u2019inicia el<strong> 5 de novembre de 2018 i finalitza el 14 de desembre de 2018.<\/strong><\/p>\n<p>Segons la llei, cal renovar 2 representants del sector pares i voldr\u00edem animar-vos a presentar la vostra candidatura i aix\u00ed participar en el govern del centre.<\/p>\n<p><strong>Tots els pares, mares o tutors , podeu presentar la vostra candidatura, que s\u2019han de fer arribar a la Direcci\u00f3 del centre abans del dia 16 de novembre de 2018<\/strong>. Els impresos per presentar la vostra candidatura els podeu recollir a la secretaria de l\u2019escola.<\/p>\n<p>El dilluns 5 de novembre s\u2019exposaran els censos electorals al tauler d\u2019anuncis, de dins el vest\u00edbul de l\u2019escola. Entre el 6 i el 8 de novembre es podran fer les reclamacions corresponents.<\/p>\n<p>Si es d\u00f3na el cas que hi ha dos o m\u00e9s candidats, els vots dels pares hauran d\u2019anar dirigits a aquests, i no als altres membres del cens electoral. Nom\u00e9s es podran votar dos candidats, encara que el nombre sigui superior.<\/p>\n<p>En cas que no hi hagi cap candidatura tots els membres del cens sereu elegibles.<\/p>\n<p><strong>Les votacions es faran al vest\u00edbul de l\u2019escola el dimecres\u00a0 28 de novembre 2018.<\/strong><\/p>\n<p>Tenen dret a vot els pares, mares i tutors d\u2019alumnes escolaritzats en el centre.<\/p>\n<p>Esperem la vostra participaci\u00f3.<\/p>\n<table style=\"width: 614px;\">\n<tbody>\n<tr>\n<td style=\"width: 694px; text-align: center;\" colspan=\"2\" width=\"614\"><strong>CALENDARI ELECTORAL\u00a0 2018<\/strong><\/td>\n<\/tr>\n<tr>\n<td style=\"width: 307px;\" width=\"307\"><strong>5 de novembre<\/strong><\/td>\n<td style=\"width: 387px;\" width=\"307\">Convocat\u00f2ria d\u2019eleccions al Consell Escolar.<\/td>\n<\/tr>\n<tr>\n<td style=\"width: 307px;\" width=\"307\"><strong>\u00a0<\/strong><\/td>\n<td style=\"width: 387px;\" width=\"307\">Publicaci\u00f3 del cens electoral sector pares i mares i personal docent (vest\u00edbul escola).<\/td>\n<\/tr>\n<tr>\n<td style=\"width: 307px;\" width=\"307\"><strong>6 al 8 de novembre<\/strong><\/td>\n<td style=\"width: 387px;\" width=\"307\">Reclamacions del cens electoral<\/td>\n<\/tr>\n<tr>\n<td style=\"width: 307px;\" width=\"307\"><strong>9 de novembre<\/strong><\/td>\n<td style=\"width: 387px;\" width=\"307\">Sorteig per designar els vocals de les meses electorals sector pares.<\/td>\n<\/tr>\n<tr>\n<td style=\"width: 307px;\" width=\"307\"><strong>14 de novembre<\/strong><\/td>\n<td style=\"width: 387px;\" width=\"307\">Constituci\u00f3 mesa electoral.<\/td>\n<\/tr>\n<tr>\n<td style=\"width: 307px;\" width=\"307\"><strong>16 de novembre<\/strong><\/td>\n<td style=\"width: 387px;\" width=\"307\">\u00daltim dia presentaci\u00f3 de candidatures pares i mares i personal docent.<\/td>\n<\/tr>\n<tr>\n<td style=\"width: 307px;\" width=\"307\"><strong>19 de novembre<\/strong><\/td>\n<td style=\"width: 387px;\" width=\"307\">Publicaci\u00f3 dels censos electorals definitius.<\/td>\n<\/tr>\n<tr>\n<td style=\"width: 307px;\" width=\"307\"><strong>20 de novembre<\/strong><\/td>\n<td style=\"width: 387px;\" width=\"307\">Publicaci\u00f3 de candidatures.<\/td>\n<\/tr>\n<tr>\n<td style=\"width: 307px;\" width=\"307\"><strong>22 de novembre<\/strong><\/td>\n<td style=\"width: 387px;\" width=\"307\">\u00daltim dia per presentar sol\u00b7licituds per supervisar les votacions.<\/td>\n<\/tr>\n<tr>\n<td style=\"width: 307px;\" width=\"307\"><strong>28 de novembre<\/strong><\/td>\n<td style=\"width: 387px;\" width=\"307\"><strong><u>VOTACIONS<\/u> <\/strong>de pares i mares<\/p>\n<p><strong>Horari: <\/strong><\/p>\n<p><strong>\u00a0 \u00a0 \u00a0 \u00a0 \u00a0 \u00a0 Mat\u00ed\u00a0 8:30h a 9:30h <\/strong><\/p>\n<p><strong>\u00a0\u00a0\u00a0\u00a0\u00a0\u00a0\u00a0\u00a0\u00a0\u00a0\u00a0\u00a0 Migdia 12:30h a 13:30h<\/strong><\/p>\n<p><strong>\u00a0\u00a0\u00a0\u00a0\u00a0\u00a0\u00a0\u00a0\u00a0\u00a0\u00a0 \u00a0Tarda 16:30h a 18:00h<\/strong><\/td>\n<\/tr>\n<tr>\n<td style=\"width: 307px;\" width=\"307\"><strong>3 al 14 de desembre<\/strong><\/td>\n<td style=\"width: 387px;\" width=\"307\">Comunicaci\u00f3 de les dades de participaci\u00f3.<\/td>\n<\/tr>\n<tr>\n<td style=\"width: 307px;\" width=\"307\"><strong>17 de desembre <\/strong><\/td>\n<td style=\"width: 387px;\" width=\"307\">Constituci\u00f3 del nou Consell Escolar.<\/td>\n<\/tr>\n<\/tbody>\n<\/table>\n<p>Atentament<\/p>\n<p>Filo Presseguer<\/p>\n<p>Directora<\/p>\n<p>Sant Juli\u00e0 de Vilatorta a 31 d\u2019octubre de 2018<\/p>\n<p><a href=\"http:\/\/familiaiescola.gencat.cat\/ca\/escolaritat\/participacio-compromis\/participacio-coresponsabilitzacio\/participacio-funcionament-centre\/consell-escolar\/\" target=\"_blank\" rel=\"noopener\">INFORMACI\u00d3: QU\u00c8 \u00c9S EL CONSELL ESCOLAR?<\/a><\/p>\n","protected":false},"excerpt":{"rendered":"<p>Benvolgudes fam\u00edlies, Segons la RESOLUCI\u00d3 ENS\/2232\/2018, d\u20191 d\u2019octubre, per la qual s\u2019estableix el calendari del proc\u00e9s electorals per renovar els membres dels Consells escolars dels centres p\u00fablics i privats sostinguts amb fons p\u00fablic, es convoquen les eleccions per renovar una part dels membres de Consell Escolar del nostres centre. Ja que el Consell Escolar \u00e9s [&hellip;]<\/p>\n","protected":false},"author":1,"featured_media":1770,"comment_status":"open","ping_status":"closed","sticky":false,"template":"","format":"standard","meta":{"_bbp_topic_count":0,"_bbp_reply_count":0,"_bbp_total_topic_count":0,"_bbp_total_reply_count":0,"_bbp_voice_count":0,"_bbp_anonymous_reply_count":0,"_bbp_topic_count_hidden":0,"_bbp_reply_count_hidden":0,"_bbp_forum_subforum_count":0,"site-sidebar-layout":"default","site-content-layout":"","ast-site-content-layout":"","site-content-style":"default","site-sidebar-style":"default","ast-global-header-display":"","ast-banner-title-visibility":"","ast-main-header-display":"","ast-hfb-above-header-display":"","ast-hfb-below-header-display":"","ast-hfb-mobile-header-display":"","site-post-title":"","ast-breadcrumbs-content":"","ast-featured-img":"","footer-sml-layout":"","theme-transparent-header-meta":"","adv-header-id-meta":"","stick-header-meta":"","header-above-stick-meta":"","header-main-stick-meta":"","header-below-stick-meta":"","astra-migrate-meta-layouts":"default","ast-page-background-enabled":"default","ast-page-background-meta":{"desktop":{"background-color":"var(--ast-global-color-4)","background-image":"","background-repeat":"repeat","background-position":"center center","background-size":"auto","background-attachment":"scroll","background-type":"","background-media":"","overlay-type":"","overlay-color":"","overlay-opacity":"","overlay-gradient":""},"tablet":{"background-color":"","background-image":"","background-repeat":"repeat","background-position":"center center","background-size":"auto","background-attachment":"scroll","background-type":"","background-media":"","overlay-type":"","overlay-color":"","overlay-opacity":"","overlay-gradient":""},"mobile":{"background-color":"","background-image":"","background-repeat":"repeat","background-position":"center center","background-size":"auto","background-attachment":"scroll","background-type":"","background-media":"","overlay-type":"","overlay-color":"","overlay-opacity":"","overlay-gradient":""}},"ast-content-background-meta":{"desktop":{"background-color":"var(--ast-global-color-5)","background-image":"","background-repeat":"repeat","background-position":"center center","background-size":"auto","background-attachment":"scroll","background-type":"","background-media":"","overlay-type":"","overlay-color":"","overlay-opacity":"","overlay-gradient":""},"tablet":{"background-color":"var(--ast-global-color-5)","background-image":"","background-repeat":"repeat","background-position":"center center","background-size":"auto","background-attachment":"scroll","background-type":"","background-media":"","overlay-type":"","overlay-color":"","overlay-opacity":"","overlay-gradient":""},"mobile":{"background-color":"var(--ast-global-color-5)","background-image":"","background-repeat":"repeat","background-position":"center center","background-size":"auto","background-attachment":"scroll","background-type":"","background-media":"","overlay-type":"","overlay-color":"","overlay-opacity":"","overlay-gradient":""}},"footnotes":""},"categories":[62,4],"tags":[],"class_list":["post-1769","post","type-post","status-publish","format-standard","has-post-thumbnail","hentry","category-informacions","category-portada"],"post_mailing_queue_ids":[],"_links":{"self":[{"href":"https:\/\/agora.xtec.cat\/ceipbellpuig\/wp-json\/wp\/v2\/posts\/1769","targetHints":{"allow":["GET"]}}],"collection":[{"href":"https:\/\/agora.xtec.cat\/ceipbellpuig\/wp-json\/wp\/v2\/posts"}],"about":[{"href":"https:\/\/agora.xtec.cat\/ceipbellpuig\/wp-json\/wp\/v2\/types\/post"}],"author":[{"embeddable":true,"href":"https:\/\/agora.xtec.cat\/ceipbellpuig\/wp-json\/wp\/v2\/users\/1"}],"replies":[{"embeddable":true,"href":"https:\/\/agora.xtec.cat\/ceipbellpuig\/wp-json\/wp\/v2\/comments?post=1769"}],"version-history":[{"count":3,"href":"https:\/\/agora.xtec.cat\/ceipbellpuig\/wp-json\/wp\/v2\/posts\/1769\/revisions"}],"predecessor-version":[{"id":1781,"href":"https:\/\/agora.xtec.cat\/ceipbellpuig\/wp-json\/wp\/v2\/posts\/1769\/revisions\/1781"}],"wp:featuredmedia":[{"embeddable":true,"href":"https:\/\/agora.xtec.cat\/ceipbellpuig\/wp-json\/wp\/v2\/media\/1770"}],"wp:attachment":[{"href":"https:\/\/agora.xtec.cat\/ceipbellpuig\/wp-json\/wp\/v2\/media?parent=1769"}],"wp:term":[{"taxonomy":"category","embeddable":true,"href":"https:\/\/agora.xtec.cat\/ceipbellpuig\/wp-json\/wp\/v2\/categories?post=1769"},{"taxonomy":"post_tag","embeddable":true,"href":"https:\/\/agora.xtec.cat\/ceipbellpuig\/wp-json\/wp\/v2\/tags?post=1769"}],"curies":[{"name":"wp","href":"https:\/\/api.w.org\/{rel}","templated":true}]}}