{"id":1727,"date":"2018-10-14T12:04:03","date_gmt":"2018-10-14T10:04:03","guid":{"rendered":"http:\/\/agora.xtec.cat\/ceipbellpuig\/?p=1727"},"modified":"2018-10-14T12:04:03","modified_gmt":"2018-10-14T10:04:03","slug":"sortida-de-tardor","status":"publish","type":"post","link":"https:\/\/agora.xtec.cat\/ceipbellpuig\/nivells\/petits\/sortida-de-tardor\/","title":{"rendered":"SORTIDA DE TARDOR"},"content":{"rendered":"<p>El passat dijous vam fer una sortida tots els d&#8217;Educaci\u00f3 Infantil, per anar a observar com es va transformant el paisatge amb els colors de la tardor.<\/p>\n<p><img loading=\"lazy\" decoding=\"async\" class=\"wp-image-1729 alignright\" src=\"https:\/\/agora.xtec.cat\/ceipbellpuig\/wp-content\/uploads\/usu1575\/2018\/10\/fulla_tardor.jpg\" alt=\"\" width=\"233\" height=\"233\" srcset=\"https:\/\/agora.xtec.cat\/ceipbellpuig\/wp-content\/uploads\/usu1575\/2018\/10\/fulla_tardor.jpg 624w, https:\/\/agora.xtec.cat\/ceipbellpuig\/wp-content\/uploads\/usu1575\/2018\/10\/fulla_tardor-150x150.jpg 150w, https:\/\/agora.xtec.cat\/ceipbellpuig\/wp-content\/uploads\/usu1575\/2018\/10\/fulla_tardor-300x300.jpg 300w\" sizes=\"auto, (max-width: 233px) 100vw, 233px\" \/><\/p>\n<p>Tamb\u00e9 vam aprofitar per recollir fulles, troncs, escor\u00e7a, bolets&#8230;.que ens seran molt \u00fatils per investigar a l&#8217;espai cient\u00edfic.<\/p>\n<p>A la tarda vam classificar el material i el vam guardar en caixes per poder-lo utilitzar quan ens calgui.<\/p>\n<p>ha estat una sortida molt interessant!<\/p>\n<p>Si voleu veure fotos cliqueu a l&#8217;enlla\u00e7:\u00a0<a href=\"https:\/\/photos.app.goo.gl\/4rvMXS7eGYvzkjBAA\" target=\"_blank\" rel=\"noopener\">SORTIDA TARDOR<\/a><\/p>\n<p>&nbsp;<\/p>\n","protected":false},"excerpt":{"rendered":"<p>El passat dijous vam fer una sortida tots els d&#8217;Educaci\u00f3 Infantil, per anar a observar com es va transformant el paisatge amb els colors de la tardor. Tamb\u00e9 vam aprofitar per recollir fulles, troncs, escor\u00e7a, bolets&#8230;.que ens seran molt \u00fatils per investigar a l&#8217;espai cient\u00edfic. A la tarda vam classificar el material i el vam [&hellip;]<\/p>\n","protected":false},"author":1,"featured_media":1728,"comment_status":"open","ping_status":"closed","sticky":false,"template":"","format":"standard","meta":{"_bbp_topic_count":0,"_bbp_reply_count":0,"_bbp_total_topic_count":0,"_bbp_total_reply_count":0,"_bbp_voice_count":0,"_bbp_anonymous_reply_count":0,"_bbp_topic_count_hidden":0,"_bbp_reply_count_hidden":0,"_bbp_forum_subforum_count":0,"site-sidebar-layout":"default","site-content-layout":"","ast-site-content-layout":"","site-content-style":"default","site-sidebar-style":"default","ast-global-header-display":"","ast-banner-title-visibility":"","ast-main-header-display":"","ast-hfb-above-header-display":"","ast-hfb-below-header-display":"","ast-hfb-mobile-header-display":"","site-post-title":"","ast-breadcrumbs-content":"","ast-featured-img":"","footer-sml-layout":"","theme-transparent-header-meta":"","adv-header-id-meta":"","stick-header-meta":"","header-above-stick-meta":"","header-main-stick-meta":"","header-below-stick-meta":"","astra-migrate-meta-layouts":"default","ast-page-background-enabled":"default","ast-page-background-meta":{"desktop":{"background-color":"var(--ast-global-color-4)","background-image":"","background-repeat":"repeat","background-position":"center center","background-size":"auto","background-attachment":"scroll","background-type":"","background-media":"","overlay-type":"","overlay-color":"","overlay-opacity":"","overlay-gradient":""},"tablet":{"background-color":"","background-image":"","background-repeat":"repeat","background-position":"center center","background-size":"auto","background-attachment":"scroll","background-type":"","background-media":"","overlay-type":"","overlay-color":"","overlay-opacity":"","overlay-gradient":""},"mobile":{"background-color":"","background-image":"","background-repeat":"repeat","background-position":"center center","background-size":"auto","background-attachment":"scroll","background-type":"","background-media":"","overlay-type":"","overlay-color":"","overlay-opacity":"","overlay-gradient":""}},"ast-content-background-meta":{"desktop":{"background-color":"var(--ast-global-color-5)","background-image":"","background-repeat":"repeat","background-position":"center center","background-size":"auto","background-attachment":"scroll","background-type":"","background-media":"","overlay-type":"","overlay-color":"","overlay-opacity":"","overlay-gradient":""},"tablet":{"background-color":"var(--ast-global-color-5)","background-image":"","background-repeat":"repeat","background-position":"center center","background-size":"auto","background-attachment":"scroll","background-type":"","background-media":"","overlay-type":"","overlay-color":"","overlay-opacity":"","overlay-gradient":""},"mobile":{"background-color":"var(--ast-global-color-5)","background-image":"","background-repeat":"repeat","background-position":"center center","background-size":"auto","background-attachment":"scroll","background-type":"","background-media":"","overlay-type":"","overlay-color":"","overlay-opacity":"","overlay-gradient":""}},"footnotes":""},"categories":[74,2,4],"tags":[77,208,109],"class_list":["post-1727","post","type-post","status-publish","format-standard","has-post-thumbnail","hentry","category-activitats","category-petits","category-portada","tag-escola-bellpuig","tag-infantil","tag-tardor"],"post_mailing_queue_ids":[],"_links":{"self":[{"href":"https:\/\/agora.xtec.cat\/ceipbellpuig\/wp-json\/wp\/v2\/posts\/1727","targetHints":{"allow":["GET"]}}],"collection":[{"href":"https:\/\/agora.xtec.cat\/ceipbellpuig\/wp-json\/wp\/v2\/posts"}],"about":[{"href":"https:\/\/agora.xtec.cat\/ceipbellpuig\/wp-json\/wp\/v2\/types\/post"}],"author":[{"embeddable":true,"href":"https:\/\/agora.xtec.cat\/ceipbellpuig\/wp-json\/wp\/v2\/users\/1"}],"replies":[{"embeddable":true,"href":"https:\/\/agora.xtec.cat\/ceipbellpuig\/wp-json\/wp\/v2\/comments?post=1727"}],"version-history":[{"count":1,"href":"https:\/\/agora.xtec.cat\/ceipbellpuig\/wp-json\/wp\/v2\/posts\/1727\/revisions"}],"predecessor-version":[{"id":1730,"href":"https:\/\/agora.xtec.cat\/ceipbellpuig\/wp-json\/wp\/v2\/posts\/1727\/revisions\/1730"}],"wp:featuredmedia":[{"embeddable":true,"href":"https:\/\/agora.xtec.cat\/ceipbellpuig\/wp-json\/wp\/v2\/media\/1728"}],"wp:attachment":[{"href":"https:\/\/agora.xtec.cat\/ceipbellpuig\/wp-json\/wp\/v2\/media?parent=1727"}],"wp:term":[{"taxonomy":"category","embeddable":true,"href":"https:\/\/agora.xtec.cat\/ceipbellpuig\/wp-json\/wp\/v2\/categories?post=1727"},{"taxonomy":"post_tag","embeddable":true,"href":"https:\/\/agora.xtec.cat\/ceipbellpuig\/wp-json\/wp\/v2\/tags?post=1727"}],"curies":[{"name":"wp","href":"https:\/\/api.w.org\/{rel}","templated":true}]}}