{"id":1705,"date":"2018-09-12T22:19:54","date_gmt":"2018-09-12T20:19:54","guid":{"rendered":"http:\/\/agora.xtec.cat\/ceipbellpuig\/?p=1705"},"modified":"2018-09-13T22:35:26","modified_gmt":"2018-09-13T20:35:26","slug":"presentem-el-tema-del-curs-2018-2019","status":"publish","type":"post","link":"https:\/\/agora.xtec.cat\/ceipbellpuig\/portada\/presentem-el-tema-del-curs-2018-2019\/","title":{"rendered":"PRESENTEM EL TEMA DEL CURS 2018-2019"},"content":{"rendered":"<p>Aquesta tarda s&#8217;ha presentat el tema del curs amb una colla de convidats que l&#8217;estimen i l&#8217;exerceixen: &#8220;L&#8217;ART&#8221;.<a href=\"http:\/\/agora.xtec.cat\/ceipbellpuig\/wp-content\/uploads\/usu1575\/2018\/09\/paquita.jpg\"><img loading=\"lazy\" decoding=\"async\" class=\"size-full wp-image-1707 alignright\" src=\"http:\/\/agora.xtec.cat\/ceipbellpuig\/wp-content\/uploads\/usu1575\/2018\/09\/paquita.jpg\" alt=\"\" width=\"500\" height=\"494\" srcset=\"https:\/\/agora.xtec.cat\/ceipbellpuig\/wp-content\/uploads\/usu1575\/2018\/09\/paquita.jpg 500w, https:\/\/agora.xtec.cat\/ceipbellpuig\/wp-content\/uploads\/usu1575\/2018\/09\/paquita-300x296.jpg 300w\" sizes=\"auto, (max-width: 500px) 100vw, 500px\" \/><\/a><\/p>\n<p>Despr\u00e9s d&#8217;una breu presentaci\u00f3 per part de la Paquita Clot de Pakdart hem pogut gaudir de les actuacions d&#8217;una colla d&#8217;artistes que ens han fet una demostraci\u00f3 de les seves habilitats: cer\u00e0mica, teatre i m\u00e0gia, grafitti, percussi\u00f3, pintura, cant, disseny gr\u00e0fic i cuina.<\/p>\n<p>Ha estat un petit recorregut per les diferents modalitats de l&#8217;art: pl\u00e0stiques, esc\u00e8niques i aplicades.<\/p>\n<p>Una excel\u00b7lent presentaci\u00f3, que hem pogut presenciar gr\u00e0cies als pares, mares i col\u00b7laboradors, que en un breu espai de temps ens han fet una pinzellada d&#8217;algunes manifestacions art\u00edstiques.<\/p>\n<p style=\"text-align: center;\"><strong>Moltes gr\u00e0cies a tots!<\/strong><\/p>\n<p>Ara ens hem de posar a treballar per aconseguir transformar l&#8217;escola en un gran museu, tal i com ens ha demanat la Paquita en la seva presentaci\u00f3.<\/p>\n<p>Per veure fotos cliqueu a l&#8217;enlla\u00e7:\u00a0<a href=\"https:\/\/photos.app.goo.gl\/nQoGDwottoZAEn5c8\" target=\"_blank\" rel=\"noopener\">ART<\/a><\/p>\n<p>&nbsp;<\/p>\n","protected":false},"excerpt":{"rendered":"<p>Aquesta tarda s&#8217;ha presentat el tema del curs amb una colla de convidats que l&#8217;estimen i l&#8217;exerceixen: &#8220;L&#8217;ART&#8221;. Despr\u00e9s d&#8217;una breu presentaci\u00f3 per part de la Paquita Clot de Pakdart hem pogut gaudir de les actuacions d&#8217;una colla d&#8217;artistes que ens han fet una demostraci\u00f3 de les seves habilitats: cer\u00e0mica, teatre i m\u00e0gia, grafitti, percussi\u00f3, [&hellip;]<\/p>\n","protected":false},"author":1,"featured_media":1708,"comment_status":"open","ping_status":"closed","sticky":false,"template":"","format":"standard","meta":{"_bbp_topic_count":0,"_bbp_reply_count":0,"_bbp_total_topic_count":0,"_bbp_total_reply_count":0,"_bbp_voice_count":0,"_bbp_anonymous_reply_count":0,"_bbp_topic_count_hidden":0,"_bbp_reply_count_hidden":0,"_bbp_forum_subforum_count":0,"site-sidebar-layout":"default","site-content-layout":"","ast-site-content-layout":"","site-content-style":"default","site-sidebar-style":"default","ast-global-header-display":"","ast-banner-title-visibility":"","ast-main-header-display":"","ast-hfb-above-header-display":"","ast-hfb-below-header-display":"","ast-hfb-mobile-header-display":"","site-post-title":"","ast-breadcrumbs-content":"","ast-featured-img":"","footer-sml-layout":"","theme-transparent-header-meta":"","adv-header-id-meta":"","stick-header-meta":"","header-above-stick-meta":"","header-main-stick-meta":"","header-below-stick-meta":"","astra-migrate-meta-layouts":"default","ast-page-background-enabled":"default","ast-page-background-meta":{"desktop":{"background-color":"var(--ast-global-color-4)","background-image":"","background-repeat":"repeat","background-position":"center center","background-size":"auto","background-attachment":"scroll","background-type":"","background-media":"","overlay-type":"","overlay-color":"","overlay-opacity":"","overlay-gradient":""},"tablet":{"background-color":"","background-image":"","background-repeat":"repeat","background-position":"center center","background-size":"auto","background-attachment":"scroll","background-type":"","background-media":"","overlay-type":"","overlay-color":"","overlay-opacity":"","overlay-gradient":""},"mobile":{"background-color":"","background-image":"","background-repeat":"repeat","background-position":"center center","background-size":"auto","background-attachment":"scroll","background-type":"","background-media":"","overlay-type":"","overlay-color":"","overlay-opacity":"","overlay-gradient":""}},"ast-content-background-meta":{"desktop":{"background-color":"var(--ast-global-color-5)","background-image":"","background-repeat":"repeat","background-position":"center center","background-size":"auto","background-attachment":"scroll","background-type":"","background-media":"","overlay-type":"","overlay-color":"","overlay-opacity":"","overlay-gradient":""},"tablet":{"background-color":"var(--ast-global-color-5)","background-image":"","background-repeat":"repeat","background-position":"center center","background-size":"auto","background-attachment":"scroll","background-type":"","background-media":"","overlay-type":"","overlay-color":"","overlay-opacity":"","overlay-gradient":""},"mobile":{"background-color":"var(--ast-global-color-5)","background-image":"","background-repeat":"repeat","background-position":"center center","background-size":"auto","background-attachment":"scroll","background-type":"","background-media":"","overlay-type":"","overlay-color":"","overlay-opacity":"","overlay-gradient":""}},"footnotes":""},"categories":[74,4,96],"tags":[205,77,206],"class_list":["post-1705","post","type-post","status-publish","format-standard","has-post-thumbnail","hentry","category-activitats","category-portada","category-tema-del-curs","tag-art","tag-escola-bellpuig","tag-pa"],"post_mailing_queue_ids":[],"_links":{"self":[{"href":"https:\/\/agora.xtec.cat\/ceipbellpuig\/wp-json\/wp\/v2\/posts\/1705","targetHints":{"allow":["GET"]}}],"collection":[{"href":"https:\/\/agora.xtec.cat\/ceipbellpuig\/wp-json\/wp\/v2\/posts"}],"about":[{"href":"https:\/\/agora.xtec.cat\/ceipbellpuig\/wp-json\/wp\/v2\/types\/post"}],"author":[{"embeddable":true,"href":"https:\/\/agora.xtec.cat\/ceipbellpuig\/wp-json\/wp\/v2\/users\/1"}],"replies":[{"embeddable":true,"href":"https:\/\/agora.xtec.cat\/ceipbellpuig\/wp-json\/wp\/v2\/comments?post=1705"}],"version-history":[{"count":3,"href":"https:\/\/agora.xtec.cat\/ceipbellpuig\/wp-json\/wp\/v2\/posts\/1705\/revisions"}],"predecessor-version":[{"id":1713,"href":"https:\/\/agora.xtec.cat\/ceipbellpuig\/wp-json\/wp\/v2\/posts\/1705\/revisions\/1713"}],"wp:featuredmedia":[{"embeddable":true,"href":"https:\/\/agora.xtec.cat\/ceipbellpuig\/wp-json\/wp\/v2\/media\/1708"}],"wp:attachment":[{"href":"https:\/\/agora.xtec.cat\/ceipbellpuig\/wp-json\/wp\/v2\/media?parent=1705"}],"wp:term":[{"taxonomy":"category","embeddable":true,"href":"https:\/\/agora.xtec.cat\/ceipbellpuig\/wp-json\/wp\/v2\/categories?post=1705"},{"taxonomy":"post_tag","embeddable":true,"href":"https:\/\/agora.xtec.cat\/ceipbellpuig\/wp-json\/wp\/v2\/tags?post=1705"}],"curies":[{"name":"wp","href":"https:\/\/api.w.org\/{rel}","templated":true}]}}