{"id":1468,"date":"2018-03-16T10:28:26","date_gmt":"2018-03-16T09:28:26","guid":{"rendered":"http:\/\/agora.xtec.cat\/ceipbellpuig\/?p=1468"},"modified":"2018-06-05T13:52:20","modified_gmt":"2018-06-05T11:52:20","slug":"sortida-sant-sebastia-4t","status":"publish","type":"post","link":"https:\/\/agora.xtec.cat\/ceipbellpuig\/general\/sortida-sant-sebastia-4t\/","title":{"rendered":"SORTIDA SANT SEBASTI\u00c0 (4T)"},"content":{"rendered":"<p>Hola! Som les nenes i els nens de 4t i en el seg\u00fcent article us explicarem la sortida que vam fer el dimecres 14 de mar\u00e7 a Sant Sebasti\u00e0.<\/p>\n<p>En primer lloc, en arribar a l&#8217;escola, vam pujar a la classe. La Roser ens va donar una fusta, una pin\u00e7a i aquarel\u00b7les. Quan ho ten\u00edem tot a punt, vam anar cap a l&#8217;autocarque ens va deixar just on comen\u00e7a la ruta.<\/p>\n<p>Vam comen\u00e7ar a pujar el tur\u00f3. Ens vam parar a esmorzar i jugar una mica. Vam continuar caminant i ens va fer una pujada molt pronunciada. Quan va acabar est\u00e0vem en un mirador molt xulo que es veia quasib\u00e9 tota la comarca d&#8217;Osona. All\u00e0 vam fer fotos, vam descansar, vam mirar amb els prism\u00e0tics&#8230;<\/p>\n<p>Despr\u00e9s de mirar i mirar, vam continuar la pujada i al cap de pocs minuts ja v\u00e8iem l&#8217;ermita.<\/p>\n<p>Un cop a dalt, vam anar a un altre mirador a observar el relleu i el paisatge. Despr\u00e9s d&#8217;observar-lo vam dibuixar-lo i pintar-lo amb les aquarel\u00b7les.<\/p>\n<p>A continuaci\u00f3, vam dinar. Tots vam portar un menjar molt bo i la veritat \u00e9s que ten\u00edem mooolta gana.<\/p>\n<p>Seguidament, ens vam repartir en dos grups per representar el Pacte dels Vigatans, que va ser un fet hist\u00f2ric que va passar all\u00e0 a l&#8217;any 1705.<\/p>\n<p>Finalment, vam recollir-ho tot i vam baixar.<\/p>\n<p>Va ser molt divertit i us recomanem que feu aquesta caminada!<\/p>\n<p><a href=\"https:\/\/photos.app.goo.gl\/A7HIR7nASzk8hZMw2\" target=\"_blank\" rel=\"noopener noreferrer\">FOTOS<\/a><\/p>\n","protected":false},"excerpt":{"rendered":"<p>Hola! Som les nenes i els nens de 4t i en el seg\u00fcent article us explicarem la sortida que vam fer el dimecres 14 de mar\u00e7 a Sant Sebasti\u00e0. En primer lloc, en arribar a l&#8217;escola, vam pujar a la classe. La Roser ens va donar una fusta, una pin\u00e7a i aquarel\u00b7les. Quan ho ten\u00edem [&hellip;]<\/p>\n","protected":false},"author":1,"featured_media":1470,"comment_status":"open","ping_status":"closed","sticky":false,"template":"","format":"standard","meta":{"_bbp_topic_count":0,"_bbp_reply_count":0,"_bbp_total_topic_count":0,"_bbp_total_reply_count":0,"_bbp_voice_count":0,"_bbp_anonymous_reply_count":0,"_bbp_topic_count_hidden":0,"_bbp_reply_count_hidden":0,"_bbp_forum_subforum_count":0,"site-sidebar-layout":"default","site-content-layout":"","ast-site-content-layout":"","site-content-style":"default","site-sidebar-style":"default","ast-global-header-display":"","ast-banner-title-visibility":"","ast-main-header-display":"","ast-hfb-above-header-display":"","ast-hfb-below-header-display":"","ast-hfb-mobile-header-display":"","site-post-title":"","ast-breadcrumbs-content":"","ast-featured-img":"","footer-sml-layout":"","theme-transparent-header-meta":"","adv-header-id-meta":"","stick-header-meta":"","header-above-stick-meta":"","header-main-stick-meta":"","header-below-stick-meta":"","astra-migrate-meta-layouts":"default","ast-page-background-enabled":"default","ast-page-background-meta":{"desktop":{"background-color":"var(--ast-global-color-4)","background-image":"","background-repeat":"repeat","background-position":"center center","background-size":"auto","background-attachment":"scroll","background-type":"","background-media":"","overlay-type":"","overlay-color":"","overlay-opacity":"","overlay-gradient":""},"tablet":{"background-color":"","background-image":"","background-repeat":"repeat","background-position":"center center","background-size":"auto","background-attachment":"scroll","background-type":"","background-media":"","overlay-type":"","overlay-color":"","overlay-opacity":"","overlay-gradient":""},"mobile":{"background-color":"","background-image":"","background-repeat":"repeat","background-position":"center center","background-size":"auto","background-attachment":"scroll","background-type":"","background-media":"","overlay-type":"","overlay-color":"","overlay-opacity":"","overlay-gradient":""}},"ast-content-background-meta":{"desktop":{"background-color":"var(--ast-global-color-5)","background-image":"","background-repeat":"repeat","background-position":"center center","background-size":"auto","background-attachment":"scroll","background-type":"","background-media":"","overlay-type":"","overlay-color":"","overlay-opacity":"","overlay-gradient":""},"tablet":{"background-color":"var(--ast-global-color-5)","background-image":"","background-repeat":"repeat","background-position":"center center","background-size":"auto","background-attachment":"scroll","background-type":"","background-media":"","overlay-type":"","overlay-color":"","overlay-opacity":"","overlay-gradient":""},"mobile":{"background-color":"var(--ast-global-color-5)","background-image":"","background-repeat":"repeat","background-position":"center center","background-size":"auto","background-attachment":"scroll","background-type":"","background-media":"","overlay-type":"","overlay-color":"","overlay-opacity":"","overlay-gradient":""}},"footnotes":""},"categories":[60,1,4],"tags":[],"class_list":["post-1468","post","type-post","status-publish","format-standard","has-post-thumbnail","hentry","category-cicle-mitja","category-general","category-portada"],"post_mailing_queue_ids":[],"_links":{"self":[{"href":"https:\/\/agora.xtec.cat\/ceipbellpuig\/wp-json\/wp\/v2\/posts\/1468","targetHints":{"allow":["GET"]}}],"collection":[{"href":"https:\/\/agora.xtec.cat\/ceipbellpuig\/wp-json\/wp\/v2\/posts"}],"about":[{"href":"https:\/\/agora.xtec.cat\/ceipbellpuig\/wp-json\/wp\/v2\/types\/post"}],"author":[{"embeddable":true,"href":"https:\/\/agora.xtec.cat\/ceipbellpuig\/wp-json\/wp\/v2\/users\/1"}],"replies":[{"embeddable":true,"href":"https:\/\/agora.xtec.cat\/ceipbellpuig\/wp-json\/wp\/v2\/comments?post=1468"}],"version-history":[{"count":4,"href":"https:\/\/agora.xtec.cat\/ceipbellpuig\/wp-json\/wp\/v2\/posts\/1468\/revisions"}],"predecessor-version":[{"id":1636,"href":"https:\/\/agora.xtec.cat\/ceipbellpuig\/wp-json\/wp\/v2\/posts\/1468\/revisions\/1636"}],"wp:featuredmedia":[{"embeddable":true,"href":"https:\/\/agora.xtec.cat\/ceipbellpuig\/wp-json\/wp\/v2\/media\/1470"}],"wp:attachment":[{"href":"https:\/\/agora.xtec.cat\/ceipbellpuig\/wp-json\/wp\/v2\/media?parent=1468"}],"wp:term":[{"taxonomy":"category","embeddable":true,"href":"https:\/\/agora.xtec.cat\/ceipbellpuig\/wp-json\/wp\/v2\/categories?post=1468"},{"taxonomy":"post_tag","embeddable":true,"href":"https:\/\/agora.xtec.cat\/ceipbellpuig\/wp-json\/wp\/v2\/tags?post=1468"}],"curies":[{"name":"wp","href":"https:\/\/api.w.org\/{rel}","templated":true}]}}