{"id":1171,"date":"2017-10-17T16:31:28","date_gmt":"2017-10-17T14:31:28","guid":{"rendered":"http:\/\/agora.xtec.cat\/ceipbellpuig\/?p=1171"},"modified":"2017-11-01T17:14:54","modified_gmt":"2017-11-01T16:14:54","slug":"si-el-mon-fos","status":"publish","type":"post","link":"https:\/\/agora.xtec.cat\/ceipbellpuig\/general\/si-el-mon-fos\/","title":{"rendered":"SI EL M\u00d3N FOS&#8230;"},"content":{"rendered":"<div>\n<p style=\"text-align: center;\"><strong>SI EL M\u00d3N FOS\u2026<\/strong><br \/>\n<strong>Si el m\u00f3n fos escrit amb llapis,<\/strong><br \/>\n<strong>podria esborrar la lletra<\/strong><br \/>\n<strong>que vol ferir;<\/strong><br \/>\n<strong>podria esborrar mentides<\/strong><br \/>\n<strong>que no cal dir;<\/strong><br \/>\n<strong>n\u2019esborraria l\u2019enveja<\/strong><br \/>\n<strong>que porta mals;<\/strong><br \/>\n<strong>n\u2019esborraria grandeses<\/strong><br \/>\n<strong>de m\u00e8rit fals\u2026<\/strong><br \/>\n<strong>Per\u00f2 \u00e9s escrit amb tinta<\/strong><br \/>\n<strong>de mal color:<\/strong><br \/>\n<strong>el color brut de la guerra<\/strong><br \/>\n<strong>i del dolor.<\/strong><\/p>\n<p style=\"text-align: center;\"><strong>Qui voldr\u00e0 escriure un nou m\u00f3n<\/strong><br \/>\n<strong>m\u00e9s just i net?<\/strong><\/p>\n<p style=\"text-align: center;\"><strong>Potser que tu i jo ho prov\u00e9ssim,<\/strong><br \/>\n<strong>ben valents, lletra per lletra,<\/strong><br \/>\n<strong>des del nostre raconet\u2026<\/strong><\/p>\n<\/div>\n<p style=\"text-align: center;\"><strong>Joana Raspall<\/strong><\/p>\n<p style=\"text-align: center;\"><a href=\"https:\/\/photos.app.goo.gl\/IYhPiuitmsZ3r82n2\">FOTOS<\/a><\/p>\n","protected":false},"excerpt":{"rendered":"<p>SI EL M\u00d3N FOS\u2026 Si el m\u00f3n fos escrit amb llapis, podria esborrar la lletra que vol ferir; podria esborrar mentides que no cal dir; n\u2019esborraria l\u2019enveja que porta mals; n\u2019esborraria grandeses de m\u00e8rit fals\u2026 Per\u00f2 \u00e9s escrit amb tinta de mal color: el color brut de la guerra i del dolor. Qui voldr\u00e0 escriure [&hellip;]<\/p>\n","protected":false},"author":1,"featured_media":1175,"comment_status":"open","ping_status":"closed","sticky":false,"template":"","format":"standard","meta":{"_bbp_topic_count":0,"_bbp_reply_count":0,"_bbp_total_topic_count":0,"_bbp_total_reply_count":0,"_bbp_voice_count":0,"_bbp_anonymous_reply_count":0,"_bbp_topic_count_hidden":0,"_bbp_reply_count_hidden":0,"_bbp_forum_subforum_count":0,"site-sidebar-layout":"default","site-content-layout":"","ast-site-content-layout":"","site-content-style":"default","site-sidebar-style":"default","ast-global-header-display":"","ast-banner-title-visibility":"","ast-main-header-display":"","ast-hfb-above-header-display":"","ast-hfb-below-header-display":"","ast-hfb-mobile-header-display":"","site-post-title":"","ast-breadcrumbs-content":"","ast-featured-img":"","footer-sml-layout":"","theme-transparent-header-meta":"","adv-header-id-meta":"","stick-header-meta":"","header-above-stick-meta":"","header-main-stick-meta":"","header-below-stick-meta":"","astra-migrate-meta-layouts":"default","ast-page-background-enabled":"default","ast-page-background-meta":{"desktop":{"background-color":"var(--ast-global-color-4)","background-image":"","background-repeat":"repeat","background-position":"center center","background-size":"auto","background-attachment":"scroll","background-type":"","background-media":"","overlay-type":"","overlay-color":"","overlay-opacity":"","overlay-gradient":""},"tablet":{"background-color":"","background-image":"","background-repeat":"repeat","background-position":"center center","background-size":"auto","background-attachment":"scroll","background-type":"","background-media":"","overlay-type":"","overlay-color":"","overlay-opacity":"","overlay-gradient":""},"mobile":{"background-color":"","background-image":"","background-repeat":"repeat","background-position":"center center","background-size":"auto","background-attachment":"scroll","background-type":"","background-media":"","overlay-type":"","overlay-color":"","overlay-opacity":"","overlay-gradient":""}},"ast-content-background-meta":{"desktop":{"background-color":"var(--ast-global-color-5)","background-image":"","background-repeat":"repeat","background-position":"center center","background-size":"auto","background-attachment":"scroll","background-type":"","background-media":"","overlay-type":"","overlay-color":"","overlay-opacity":"","overlay-gradient":""},"tablet":{"background-color":"var(--ast-global-color-5)","background-image":"","background-repeat":"repeat","background-position":"center center","background-size":"auto","background-attachment":"scroll","background-type":"","background-media":"","overlay-type":"","overlay-color":"","overlay-opacity":"","overlay-gradient":""},"mobile":{"background-color":"var(--ast-global-color-5)","background-image":"","background-repeat":"repeat","background-position":"center center","background-size":"auto","background-attachment":"scroll","background-type":"","background-media":"","overlay-type":"","overlay-color":"","overlay-opacity":"","overlay-gradient":""}},"footnotes":""},"categories":[64,1,4],"tags":[],"class_list":["post-1171","post","type-post","status-publish","format-standard","has-post-thumbnail","hentry","category-escola-bellpuig","category-general","category-portada"],"post_mailing_queue_ids":[],"_links":{"self":[{"href":"https:\/\/agora.xtec.cat\/ceipbellpuig\/wp-json\/wp\/v2\/posts\/1171","targetHints":{"allow":["GET"]}}],"collection":[{"href":"https:\/\/agora.xtec.cat\/ceipbellpuig\/wp-json\/wp\/v2\/posts"}],"about":[{"href":"https:\/\/agora.xtec.cat\/ceipbellpuig\/wp-json\/wp\/v2\/types\/post"}],"author":[{"embeddable":true,"href":"https:\/\/agora.xtec.cat\/ceipbellpuig\/wp-json\/wp\/v2\/users\/1"}],"replies":[{"embeddable":true,"href":"https:\/\/agora.xtec.cat\/ceipbellpuig\/wp-json\/wp\/v2\/comments?post=1171"}],"version-history":[{"count":1,"href":"https:\/\/agora.xtec.cat\/ceipbellpuig\/wp-json\/wp\/v2\/posts\/1171\/revisions"}],"predecessor-version":[{"id":1174,"href":"https:\/\/agora.xtec.cat\/ceipbellpuig\/wp-json\/wp\/v2\/posts\/1171\/revisions\/1174"}],"wp:featuredmedia":[{"embeddable":true,"href":"https:\/\/agora.xtec.cat\/ceipbellpuig\/wp-json\/wp\/v2\/media\/1175"}],"wp:attachment":[{"href":"https:\/\/agora.xtec.cat\/ceipbellpuig\/wp-json\/wp\/v2\/media?parent=1171"}],"wp:term":[{"taxonomy":"category","embeddable":true,"href":"https:\/\/agora.xtec.cat\/ceipbellpuig\/wp-json\/wp\/v2\/categories?post=1171"},{"taxonomy":"post_tag","embeddable":true,"href":"https:\/\/agora.xtec.cat\/ceipbellpuig\/wp-json\/wp\/v2\/tags?post=1171"}],"curies":[{"name":"wp","href":"https:\/\/api.w.org\/{rel}","templated":true}]}}