{"id":1022,"date":"2017-05-17T22:52:25","date_gmt":"2017-05-17T20:52:25","guid":{"rendered":"http:\/\/agora.xtec.cat\/ceipbellpuig\/?p=1022"},"modified":"2017-05-17T22:53:51","modified_gmt":"2017-05-17T20:53:51","slug":"sortida-a-mollo-parc","status":"publish","type":"post","link":"https:\/\/agora.xtec.cat\/ceipbellpuig\/nivells\/petits\/sortida-a-mollo-parc\/","title":{"rendered":"SORTIDA A MOLL\u00d3 PARC"},"content":{"rendered":"<p><a href=\"http:\/\/agora.xtec.cat\/ceipbellpuig\/wp-content\/uploads\/usu1575\/2017\/05\/DAINA.jpg\"><img loading=\"lazy\" decoding=\"async\" class=\"wp-image-1024 alignleft\" src=\"http:\/\/agora.xtec.cat\/ceipbellpuig\/wp-content\/uploads\/usu1575\/2017\/05\/DAINA-1024x768.jpg\" alt=\"DAINA\" width=\"357\" height=\"268\" srcset=\"https:\/\/agora.xtec.cat\/ceipbellpuig\/wp-content\/uploads\/usu1575\/2017\/05\/DAINA-1024x768.jpg 1024w, https:\/\/agora.xtec.cat\/ceipbellpuig\/wp-content\/uploads\/usu1575\/2017\/05\/DAINA-300x225.jpg 300w, https:\/\/agora.xtec.cat\/ceipbellpuig\/wp-content\/uploads\/usu1575\/2017\/05\/DAINA-768x576.jpg 768w, https:\/\/agora.xtec.cat\/ceipbellpuig\/wp-content\/uploads\/usu1575\/2017\/05\/DAINA-200x150.jpg 200w, https:\/\/agora.xtec.cat\/ceipbellpuig\/wp-content\/uploads\/usu1575\/2017\/05\/DAINA.jpg 1973w\" sizes=\"auto, (max-width: 357px) 100vw, 357px\" \/><\/a><\/p>\n<p>ELS NENS I NENES D&#8217;EDUCACI\u00d3 INFANTIL HEM ANAT D&#8217;EXCURSI\u00d3 A MOLL\u00d3 PARC PER CON\u00c8IXER M\u00c9S I MILLOR ELS ANIMALS QUE ESTEM INVESTIGANT.<\/p>\n<p>ENS HA AGRADAT MOLT I HEM APR\u00c9S MOLTES COSES DELS ANIMALS SALVATGES.<\/p>\n<p>SI VOLEU VEURE LES FOTOS CLIQUEU A L&#8217;ENLLA\u00c7:\u00a0<a href=\"https:\/\/goo.gl\/photos\/AiT6w3tFixCNx7dE6\" target=\"_blank\">FOTOS MOLL\u00d3 PARC<\/a><\/p>\n<p>&nbsp;<\/p>\n<p>&nbsp;<\/p>\n","protected":false},"excerpt":{"rendered":"<p>ELS NENS I NENES D&#8217;EDUCACI\u00d3 INFANTIL HEM ANAT D&#8217;EXCURSI\u00d3 A MOLL\u00d3 PARC PER CON\u00c8IXER M\u00c9S I MILLOR ELS ANIMALS QUE ESTEM INVESTIGANT. ENS HA AGRADAT MOLT I HEM APR\u00c9S MOLTES COSES DELS ANIMALS SALVATGES. SI VOLEU VEURE LES FOTOS CLIQUEU A L&#8217;ENLLA\u00c7:\u00a0FOTOS MOLL\u00d3 PARC &nbsp; &nbsp;<\/p>\n","protected":false},"author":1,"featured_media":1025,"comment_status":"open","ping_status":"open","sticky":false,"template":"","format":"standard","meta":{"_bbp_topic_count":0,"_bbp_reply_count":0,"_bbp_total_topic_count":0,"_bbp_total_reply_count":0,"_bbp_voice_count":0,"_bbp_anonymous_reply_count":0,"_bbp_topic_count_hidden":0,"_bbp_reply_count_hidden":0,"_bbp_forum_subforum_count":0,"site-sidebar-layout":"default","site-content-layout":"","ast-site-content-layout":"","site-content-style":"default","site-sidebar-style":"default","ast-global-header-display":"","ast-banner-title-visibility":"","ast-main-header-display":"","ast-hfb-above-header-display":"","ast-hfb-below-header-display":"","ast-hfb-mobile-header-display":"","site-post-title":"","ast-breadcrumbs-content":"","ast-featured-img":"","footer-sml-layout":"","theme-transparent-header-meta":"","adv-header-id-meta":"","stick-header-meta":"","header-above-stick-meta":"","header-main-stick-meta":"","header-below-stick-meta":"","astra-migrate-meta-layouts":"default","ast-page-background-enabled":"default","ast-page-background-meta":{"desktop":{"background-color":"var(--ast-global-color-4)","background-image":"","background-repeat":"repeat","background-position":"center center","background-size":"auto","background-attachment":"scroll","background-type":"","background-media":"","overlay-type":"","overlay-color":"","overlay-opacity":"","overlay-gradient":""},"tablet":{"background-color":"","background-image":"","background-repeat":"repeat","background-position":"center center","background-size":"auto","background-attachment":"scroll","background-type":"","background-media":"","overlay-type":"","overlay-color":"","overlay-opacity":"","overlay-gradient":""},"mobile":{"background-color":"","background-image":"","background-repeat":"repeat","background-position":"center center","background-size":"auto","background-attachment":"scroll","background-type":"","background-media":"","overlay-type":"","overlay-color":"","overlay-opacity":"","overlay-gradient":""}},"ast-content-background-meta":{"desktop":{"background-color":"var(--ast-global-color-5)","background-image":"","background-repeat":"repeat","background-position":"center center","background-size":"auto","background-attachment":"scroll","background-type":"","background-media":"","overlay-type":"","overlay-color":"","overlay-opacity":"","overlay-gradient":""},"tablet":{"background-color":"var(--ast-global-color-5)","background-image":"","background-repeat":"repeat","background-position":"center center","background-size":"auto","background-attachment":"scroll","background-type":"","background-media":"","overlay-type":"","overlay-color":"","overlay-opacity":"","overlay-gradient":""},"mobile":{"background-color":"var(--ast-global-color-5)","background-image":"","background-repeat":"repeat","background-position":"center center","background-size":"auto","background-attachment":"scroll","background-type":"","background-media":"","overlay-type":"","overlay-color":"","overlay-opacity":"","overlay-gradient":""}},"footnotes":""},"categories":[2,4],"tags":[100,77,103],"class_list":["post-1022","post","type-post","status-publish","format-standard","has-post-thumbnail","hentry","category-petits","category-portada","tag-educacio-infantil","tag-escola-bellpuig","tag-mollo-parc"],"post_mailing_queue_ids":[],"_links":{"self":[{"href":"https:\/\/agora.xtec.cat\/ceipbellpuig\/wp-json\/wp\/v2\/posts\/1022","targetHints":{"allow":["GET"]}}],"collection":[{"href":"https:\/\/agora.xtec.cat\/ceipbellpuig\/wp-json\/wp\/v2\/posts"}],"about":[{"href":"https:\/\/agora.xtec.cat\/ceipbellpuig\/wp-json\/wp\/v2\/types\/post"}],"author":[{"embeddable":true,"href":"https:\/\/agora.xtec.cat\/ceipbellpuig\/wp-json\/wp\/v2\/users\/1"}],"replies":[{"embeddable":true,"href":"https:\/\/agora.xtec.cat\/ceipbellpuig\/wp-json\/wp\/v2\/comments?post=1022"}],"version-history":[{"count":1,"href":"https:\/\/agora.xtec.cat\/ceipbellpuig\/wp-json\/wp\/v2\/posts\/1022\/revisions"}],"predecessor-version":[{"id":1026,"href":"https:\/\/agora.xtec.cat\/ceipbellpuig\/wp-json\/wp\/v2\/posts\/1022\/revisions\/1026"}],"wp:featuredmedia":[{"embeddable":true,"href":"https:\/\/agora.xtec.cat\/ceipbellpuig\/wp-json\/wp\/v2\/media\/1025"}],"wp:attachment":[{"href":"https:\/\/agora.xtec.cat\/ceipbellpuig\/wp-json\/wp\/v2\/media?parent=1022"}],"wp:term":[{"taxonomy":"category","embeddable":true,"href":"https:\/\/agora.xtec.cat\/ceipbellpuig\/wp-json\/wp\/v2\/categories?post=1022"},{"taxonomy":"post_tag","embeddable":true,"href":"https:\/\/agora.xtec.cat\/ceipbellpuig\/wp-json\/wp\/v2\/tags?post=1022"}],"curies":[{"name":"wp","href":"https:\/\/api.w.org\/{rel}","templated":true}]}}