{"id":7,"count":1,"description":"<strong>NOVETAT, Nova Junta AFA Bellpuig<\/strong>\r\n\r\nAprovada per unanimitat el passat 1 de desembre, els nous membres representants de l'AFA s\u00f3n:\r\n\r\nPRESIDENTA, Nadina Urgell Saborit\r\nTRESORER, Jordi Sol\u00e0 Roca\r\nSECRET\u00c0RIA, Cristina Bech Benavides\r\n\r\n<strong>NOVETAT, convocat\u00f2ria Assemblea General Extraordin\u00e0ria\u00a0<\/strong>\r\n\r\nDes de l\u2019AFA de l\u2019Escola Bellpuig convoquem a totes les fam\u00edlies associades el proper dijous 1\/12\/22 a les 19h per a celebrar una Assemblea General Extraordin\u00e0ria amb el seg\u00fcent ordre del dia:\r\n<ol>\r\n \t<li>Benvinguda i presentaci\u00f3 de l\u2019AFA.<\/li>\r\n \t<li>Resum activitats de l\u2019AFA 2021-2022.<\/li>\r\n \t<li>Proposta i votaci\u00f3 de la nova Junta de l\u2019AFA Bellpuig.<\/li>\r\n \t<li>Torn obert de paraula per tal de recollir propostes i iniciatives pel curs 2022-2023.<\/li>\r\n \t<li>Precs i preguntes.<\/li>\r\n \t<li>Tancament de la sessi\u00f3.<\/li>\r\n<\/ol>\r\nL\u2019Assemblea ser\u00e0 presencial a l\u2019escola (entrada C. Calldetenes, 9).\r\n\r\n&nbsp;\r\n\r\n<strong>NOVETAT, reiniciem el rentat de dents a infantil<\/strong>\r\n\r\nEl\u00a0 dilluns 17 de gener del 2022 els alumnes de p4 i p5 han comen\u00e7at de nou amb el rentat de dents, activitat que es va aturar durant la pand\u00e8mia. En fases posteriors es preveu comen\u00e7ar a prim\u00e0ria.\r\n<div><\/div>\r\n<div>La proposta \u00e9s comen\u00e7ar de la seg\u00fcent manera:<\/div>\r\n<div><\/div>\r\n<div>\r\n<ul>\r\n \t<li>El servei \u00e9s pels infants que es queden fixes al menjador, independentment del nombre de dies a la setmana que es quedin a dinar. No ser\u00e0 aix\u00ed pels alumnes que es quedin a dinar de forma espor\u00e0dica.<\/li>\r\n \t<li>Cada infant disposar\u00e0 d'una carmanyola de pl\u00e0stic on s'apunta\u00a0el seu nom. Dins hi haur\u00e0 un raspall de pl\u00e0stic i una pasta de dents individual.<\/li>\r\n \t<li>Despr\u00e9s de dinar, mentre els infants siguin al pati, els monitors responsables aniran acompanyant als infants, en grups de tres, als lavabos de les aules de p4 i p5 per rentar-se les dents. Un cop netes les dents, cada infant guardar\u00e0 el seu material a la carmanyola.<\/li>\r\n \t<li>L'equip de monitoratge disposa d'un armari de fusta amb calaixos on es guardaran totes les carmanyoles, distribu\u00efdes per cursos.<\/li>\r\n \t<li>L'equip de monitoratge comprovar\u00e0 el bon \u00fas del material i mantindr\u00e0 en les millors condicions d'higiene possibles les carmanyoles als calaixos.<\/li>\r\n \t<li>Cada 15 dies, la carmanyola es posar\u00e0 a la motxilla de l'infant (tal i com es fa amb la bata de menjador que arriba a casa cada divendres) i ser\u00e0 responsabilitat\u00a0de la fam\u00edlia fer el manteniment higi\u00e8nic\u00a0de la carmanyola i el seu contingut.<\/li>\r\n \t<li>Durant aquest curs, quan un raspall es trenqui o es malmeti,i mentre en tinguem en estoc, l'equip de monitoratge en facilitar\u00e0 un de nou a l'infant. El mateix amb la pasta de dents.<\/li>\r\n<\/ul>\r\n<div><b>Creiem que \u00e9s important que tots ens puguem\u00a0coresponsabilitzar\u00a0d'<wbr \/>una activitat tan\u00a0important com \u00e9s adquirir l'h\u00e0bit higi\u00e8nic de rentar-nos les dents. \u00c9s per aquest motiu que escola, AFA, equip de menjador i fam\u00edlies hem de treballar plegats perqu\u00e8 els infants aprenguin a partir de l'exemple.\u00a0<\/b><\/div>\r\n<div><\/div>\r\n<div>Es disposa de tot el material que us hem comentat (raspalls, carmanyoles, pasta de dents i armaris de guarda) ja que l'AFA, en el seu moment, havia adquirit un munt de carmanyoles i raspalls de pl\u00e0stic i tamb\u00e9 l'armari de calaixos. A m\u00e9s, la Farm\u00e0cia del poble ja havia col\u00b7laborat amb la iniciativa regalant-nos pasta de dents, adaptades a les diferents edats dels infants. Es preveu seguir amb la col\u00b7laboraci\u00f3 i aprofitem per agrair\u00a0a la Farm\u00e0cia i a tot el seu equip la seva col\u00b7laboraci\u00f3.<\/div>\r\n<div><\/div>\r\n<div>A dia d'avui existeixen materials m\u00e9s sostenibles que el pl\u00e0stic, per\u00f2 tamb\u00e9 \u00e9s sostenible acabar de fer \u00fas del material del que disposem, aix\u00ed que la proposta de l'AFA \u00e9s acabar d'utilitzar tot el material disponible. Quan aquest s'esgoti es la intenci\u00f3 \u00e9s adquirir raspalls de fusta o similars i necessers de roba. En tot cas, es preveu que aix\u00f2 ser\u00e0 a partir del curs 22-23.<\/div>\r\n<div><\/div>\r\n<\/div>\r\n&nbsp;\r\n\r\n&nbsp;\r\n\r\n<strong>NOVETAT, Panells ac\u00fastics a les aules d'Infantil - setembre de 2021<\/strong>\r\n\r\nAquesta setmana l\u2019AFA de l\u2019escola Bellpuig ha instal\u00b7lat panells al sostre de les classes d\u2019Infantil per fer-les m\u00e9s confortables ac\u00fasticament. Molt\u00edssimes gr\u00e0cies als pares i mares voluntaris!\r\n\r\n<a href=\"https:\/\/agora.xtec.cat\/ceipbellpuig\/wp-content\/uploads\/usu1575\/2021\/09\/Plaques.png\"><img class=\"aligncenter size-medium wp-image-4795\" src=\"https:\/\/agora.xtec.cat\/ceipbellpuig\/wp-content\/uploads\/usu1575\/2021\/09\/Plaques-300x135.png\" alt=\"\" width=\"300\" height=\"135\" \/><\/a>\r\n\r\n<hr \/>\r\n\r\n<strong>NOVETAT, Xerrada 'Empantallats' el 3 de juny de de 2021 amb Gerard Vilanova<\/strong>\r\n\r\nEl proper <strong>dijous 3 de juny a les 19h<\/strong> organitzem la xerrada 'Empantallats' a c\u00e0rrec d'en Gerard Vilanova.\r\n\r\n\u00c9s una xerrada adre\u00e7ada a pares i mares d\u2019Infantil i Prim\u00e0ria que tenen:\r\n\u2728Dispositius m\u00f2bils a casa.\r\n\u2728Infants que els utilitzen.\r\n\u2728Els preocupa l'impacte del seu \u00fas.\r\n\r\n\ud83e\udd13Aprendrem:\r\n\ud83d\udcddEines per fer-ne un bon \u00fas tota la fam\u00edlia.\r\n\ud83d\udcddL\u00edmits.\r\n\ud83d\udcddValors digitals.\r\n\r\nInscriviu-vos a trav\u00e9s d\u2019aquest <strong>formulari <\/strong>per rebre l\u2019enlla\u00e7:\r\n<a href=\"https:\/\/forms.gle\/jtkXYSA5bRtxXLsP7\">https:\/\/forms.gle\/jtkXYSA5bRtxXLsP7<\/a>\r\n\r\nPer saber-ne m\u00e9s del ponent: <a href=\"https:\/\/ticactiva.cat\/tic-activa\/\">https:\/\/ticactiva.cat\/tic-activa\/ <\/a>\r\n\r\nSi teniu qualsevol dubte o consulta: <a href=\"mailto:tictacafabellpuig@gmail.com\">tictacafabellpuig@gmail.com<\/a>\r\n\r\nUs hi esperem!\r\n\r\n<hr \/>\r\n\r\n<strong>NOVETAT, 16 de maig de 2021<\/strong>\r\n\r\nAquest cap de setmana des de l'AFA Bellpuig hem constru\u00eft l'\u00e0gora del pati de Prim\u00e0ria.\r\n\r\nEstem molt contents, perqu\u00e8 amb l'\u00e0gora l'escola guanya un espai de joc i aprenentatge a l'aire lliure :)\r\n\r\n<a href=\"https:\/\/agora.xtec.cat\/ceipbellpuig\/wp-content\/uploads\/usu1575\/2021\/05\/2430dfcf-e540-4648-83eb-b854fd33a817.jpg\"><img class=\"aligncenter size-medium wp-image-4586\" src=\"https:\/\/agora.xtec.cat\/ceipbellpuig\/wp-content\/uploads\/usu1575\/2021\/05\/2430dfcf-e540-4648-83eb-b854fd33a817-300x225.jpg\" alt=\"\" width=\"300\" height=\"225\" \/><\/a>\r\n\r\n<hr \/>\r\n\r\n<strong>NOVETAT, 23 d'abril de 2021<\/strong>\r\n\r\nPer Sant Jordi el poeta vilatort\u00ed Ant\u00f3n Carrera va tenir la gentilesa de portar-nos el seu \u00faltim poemari <em>Aiguaneix<\/em> a la parada de roses de l\u2019AFA. Ens l\u2019ha dedicat i l\u2019hem cedit a l\u2019escola. Molt\u00edssimes gr\u00e0cies!\r\n\r\n<a href=\"https:\/\/agora.xtec.cat\/ceipbellpuig\/wp-content\/uploads\/usu1575\/2021\/06\/Foto1.png\"><img class=\"aligncenter size-medium wp-image-4641\" src=\"https:\/\/agora.xtec.cat\/ceipbellpuig\/wp-content\/uploads\/usu1575\/2021\/06\/Foto1-225x300.png\" alt=\"\" width=\"225\" height=\"300\" \/><\/a>\r\n\r\n<a href=\"https:\/\/agora.xtec.cat\/ceipbellpuig\/wp-content\/uploads\/usu1575\/2021\/06\/foto2.png\"><img class=\"aligncenter size-medium wp-image-4642\" src=\"https:\/\/agora.xtec.cat\/ceipbellpuig\/wp-content\/uploads\/usu1575\/2021\/06\/foto2-225x300.png\" alt=\"\" width=\"225\" height=\"300\" \/><\/a>\r\n\r\n<hr \/>\r\n\r\n<strong>NOVETAT, 12 d'abril de 2021<\/strong>\r\n\r\n<strong>El divendres 16 d'abril comen\u00e7a el BUSBICI al nostre poble!<\/strong>\r\n\r\n<a href=\"https:\/\/agora.xtec.cat\/ceipbellpuig\/wp-content\/uploads\/usu1575\/2021\/04\/Foto_web.png\"><img class=\"aligncenter size-medium wp-image-4397\" src=\"https:\/\/agora.xtec.cat\/ceipbellpuig\/wp-content\/uploads\/usu1575\/2021\/04\/Foto_web-300x195.png\" alt=\"\" width=\"300\" height=\"195\" \/><\/a>\r\n<p style=\"text-align: center;\"><sup><em>Si voleu consultar directament les preguntes freq\u00fcents, <a href=\"https:\/\/agora.xtec.cat\/ceipbellpuig\/wp-content\/uploads\/usu1575\/2021\/04\/FAQS-Busbici-VV-2.pdf\">aqu\u00ed <\/a>les teniu!\u00a0<\/em><\/sup><\/p>\r\nBUSBICI \u00e9s una iniciativa impulsada per l\u2019AFA Bellpuig i AMPA Roser que s'emmarca en el projecte de Cam\u00ed Escolar de Vilatorta i Vilalleons.\u00a0La iniciativa vol fomentar l\u2019\u00fas de la bici com a mitj\u00e0 per anar a l\u2019escola i despla\u00e7ar-se dintre del municipi.\r\n\r\nPer fer-ho convida als infants que ho vulguin (no hi ha l\u00edmit d\u2019edat, qualsevol alumne de l\u2019escola pot apuntar-se sempre que domini la bicicleta per si sol, si no \u00e9s aix\u00ed, o en el cas dels menors de 5 anys, hauran d\u2019anar acompanyats d\u2019un adult) a que s\u2019apuntin a una parada de les rutes disponibles els divendres pel mat\u00ed pel trajecte d\u2019anada a l\u2019escola.\r\n\r\nUn grup de voluntaris (principalment mares i pares), que anomenem motors, s\u00f3n els que recullen els infants a les parades estipulades i acompanyen als infants fins a l\u2019escola.\r\n\r\nPer coordinar-se entre els voluntaris adults i les fam\u00edlies que apuntin als seus fills i filles al BUSBICI es disposa d\u2019una app gratu\u00efta. Aquesta app (facilitada per Osona amb bici)\u00a0 inclou totes les parades de les diferents rutes i els horaris de recollida a cada una d\u2019elles. Nom\u00e9s cal que les fam\u00edlies inscriguin els infants a la parada m\u00e9s propera (o no) a casa seva i els acompanyin fins a la mateixa, si ho consideren, a l\u2019hora indicada.\r\n\r\nPer inscriure als vostres fills i filles, descarregueu l'app de Busbici i seguiu els passos que s'indiquen: <a href=\"https:\/\/busbici.glideapp.io\/\">https:\/\/busbici.glideapp.io\/<\/a>\r\n\r\nL\u2019organitzaci\u00f3 facilitar\u00e0 un manual d\u2019\u00fas i una armilla a tota la canalla que s\u2019apunti. A final de curs s\u2019haur\u00e0 de retornar l\u2019armilla a l\u2019organitzaci\u00f3. Com que el BUSBICI passar\u00e0 per les dues escoles del municipi, els infants portaran l\u2019armilla d\u2019un o altre color segons l\u2019escola a la que vagin, aix\u00ed els adults acompanyants sabran perfectament quins infants cal deixar a cada escola. <span style=\"font-weight: 400;\">Els infants que vagin al Bellpuig portaran l\u2019armilla vermella, els que vagin al Roser, la portaran verda.<\/span>\r\n\r\n<a href=\"https:\/\/agora.xtec.cat\/ceipbellpuig\/wp-content\/uploads\/usu1575\/2021\/04\/Camiseta.jpg\"><img class=\"aligncenter size-medium wp-image-4399\" src=\"https:\/\/agora.xtec.cat\/ceipbellpuig\/wp-content\/uploads\/usu1575\/2021\/04\/Camiseta-198x300.jpg\" alt=\"\" width=\"198\" height=\"300\" \/><\/a>\r\n\r\nLa iniciativa del Cam\u00ed Escolar Vilatorta i Vilalleons \u00e9s una proposta liderada per les Associacions de fam\u00edlies de les dues escoles del municipi que compta amb el suport de l\u2019Ajuntament de Sant Juli\u00e0 de Vilatorta i Vilalleons. Pret\u00e9n agrupar diferents accions i iniciatives dirigides a que els infants puguin moure\u2019s amb autonomia i seguretat pels carrers del poble i recuperin l\u2019\u00fas i el gaudi de l\u2019espai p\u00fablic.\r\n\r\nOsona amb bici \u00e9s una entitat comarcal que aposta pel foment de l\u2019\u00fas de la bicicleta. Fa dos cursos que ha engegat la iniciativa BUSBICI a Vic emmarcada en un projecte anomenat Canvis en Cadena. Ens ofereix acompanyament, assessorament i gratu\u00eftat en l'\u00fas de les app que permet la coordinaci\u00f3 i execuci\u00f3 del projecte, a m\u00e9s d'una diversitat de recursos compartits entre les AFA\u2019s de les escoles participants de tota la comarca. Des de les Associacions del poble ens sumem al moviment dels Canvis en Cadena!\r\n\r\nSi voleu con\u00e8ixer\u00a0 en m\u00e9s detall el BUSBICI, podeu visualitzar aquesta <a href=\"https:\/\/agora.xtec.cat\/ceipbellpuig\/wp-content\/uploads\/usu1575\/2021\/04\/Presentaci\u00f3-cam\u00ed-escolar-vv-busbici.pdf\">Presentaci\u00f3 cam\u00ed escolar vv - busbici<\/a>.\r\n\r\nTamb\u00e9 podeu consultar el document que us hem preparat de preguntes freq\u00fcents (<a href=\"https:\/\/agora.xtec.cat\/ceipbellpuig\/wp-content\/uploads\/usu1575\/2021\/04\/FAQS-Busbici-VV-2.pdf\">FAQS Busbici VV<\/a>).\r\n\r\nI si voleu ser motors dels BUSBICI o teniu qualsevol suggeriment o q\u00fcesti\u00f3, ens podeu escriure a <a href=\"mailto:camiescolarvv@gmail.com\">camiescolarvv@gmail.com<\/a> o a <a href=\"mailto:projectesafabellpuig@gmail.com\">projectesafabellpuig@gmail.com<\/a>\r\n\r\n<hr \/>\r\n\r\n<strong>NOVETAT, 21 d'octubre de 2020<\/strong>\r\n\r\n<strong>JA TENIM NOU LOGO DE L'AFA!!!!<\/strong>\r\n<div class=\"gs\">\r\n<div class=\"\">\r\n<div id=\":g8\" class=\"ii gt\">\r\n<div id=\":g7\" class=\"a3s aiL \">\r\n<div dir=\"ltr\">\r\n<div dir=\"auto\">Des de l\u2019AFA us volem presentar el nou disseny que ens representa com a entitat.<\/div>\r\n<div dir=\"auto\"><\/div>\r\n<div dir=\"auto\">El dibuix del \u201clogo\u201d guanyador va ser votat entre tots els que vam rebre per participar en el concurs.<\/div>\r\n<div dir=\"auto\"><\/div>\r\n<div dir=\"auto\">L\u2019artista i guanyadora \u00e9s la Mariona Paricio Reixach de 6\u00e8. Felicitats Mariona!<\/div>\r\n<div dir=\"auto\"><\/div>\r\n<div dir=\"auto\">\r\n\r\nTamb\u00e9 donem gr\u00e0cies a tots els nens i nenes que ens van fer arribar els seus dibuixos.\r\n<div class=\"yj6qo\"><\/div>\r\n<div class=\"adL\"><\/div>\r\n<\/div>\r\n<\/div>\r\n<div class=\"adL\"><\/div>\r\n<\/div>\r\n<\/div>\r\n<div id=\":h0\" class=\"hq gt a10\">\r\n<div class=\"a3I\"><a href=\"https:\/\/agora.xtec.cat\/ceipbellpuig\/wp-content\/uploads\/usu1575\/2020\/10\/IMG_2949.jpg\"><img class=\"alignnone size-large wp-image-3772\" src=\"https:\/\/agora.xtec.cat\/ceipbellpuig\/wp-content\/uploads\/usu1575\/2020\/10\/IMG_2949-1024x496.jpg\" alt=\"\" width=\"1024\" height=\"496\" \/><\/a><\/div>\r\n<div>\r\n\r\n<hr \/>\r\n\r\n<\/div>\r\n<div id=\":h3\"><\/div>\r\n<div id=\":h2\" class=\"aQH\">\r\n<div class=\"aZK\"><\/div>\r\n<\/div>\r\n<\/div>\r\n<div class=\"hi\"><\/div>\r\n<\/div>\r\n<\/div>\r\n<strong>NOVETAT, 9 d'octubre 2020<\/strong>\r\n\r\nDes de l'AFA Bellpuig, l'AMPA del Roser i l'AMPA de la Patuleia hem presentat una al.legaci\u00f3 al projecte del carril bici compartit de C\/Balmes.\r\n\r\nA l'enlla\u00e7 us deixem l'escrit perqu\u00e8 el pogueu consultar.\r\n\r\n<a href=\"https:\/\/agora.xtec.cat\/ceipbellpuig\/wp-content\/uploads\/usu1575\/2020\/10\/Al\u00b7legaci\u00f3-al-Projecte-Itinerari-Ciclista.pdf\">Al\u00b7legaci\u00f3 al Projecte Itinerari Ciclista<\/a>\r\n\r\n<hr \/>\r\n\r\n&nbsp;\r\n\r\n<strong>IMPORTANT!<\/strong>!\u00a0 28 de Setembre del 2020\r\n\r\nA l'apartat \"<a href=\"https:\/\/agora.xtec.cat\/ceipbellpuig\/categoria\/afabellpuig-wordpress-com\/actes-assemblees\/\">Actes assemblees<\/a>\" podreu trobar les actes de les assembles generals realitzades el passat dijous 24 de setembre del 2020.\r\n\r\n<hr \/>\r\n\r\n&nbsp;\r\n<div dir=\"auto\"><strong>Les segones oportunitats....\u00a0<\/strong><\/div>\r\n<div dir=\"auto\"><\/div>\r\n<!--nextpage-->\r\n<div dir=\"auto\"><\/div>\r\n<div dir=\"auto\">Hola fam\u00edlies, tots tenim a casa objectes de cuina que no utilitzem o que agrair\u00edem que alg\u00fa ens els tragu\u00e9s de sobre.....<\/div>\r\n<div dir=\"auto\"><\/div>\r\n<div dir=\"auto\">Doncs ha arribat el moment!!<\/div>\r\n<div dir=\"auto\"><img class=\"CToWUd\" src=\"https:\/\/mail.google.com\/mail\/e\/1f4ef\" alt=\"\ud83d\udcef\" data-goomoji=\"1f4ef\" data-image-whitelisted=\"\" \/>\u00a0 \u00a0<img class=\"CToWUd\" src=\"https:\/\/mail.google.com\/mail\/e\/1f4ef\" alt=\"\ud83d\udcef\" data-goomoji=\"1f4ef\" data-image-whitelisted=\"\" \/>\u00a0 \u00a0<img class=\"CToWUd\" src=\"https:\/\/mail.google.com\/mail\/e\/1f4ef\" alt=\"\ud83d\udcef\" data-goomoji=\"1f4ef\" data-image-whitelisted=\"\" \/><\/div>\r\n<div dir=\"auto\">Si teniu paelles, espumadores, culleres, cullerots, flameres, teteres.... Les reconvertirem en joguines per als nostres infants equipant les cuinetes i sorrals dels patis. Tamb\u00e9 anirien b\u00e9 teles diverses, legos, Playmobils... per poder fer joc simb\u00f2lic.<\/div>\r\n<div dir=\"auto\"><\/div>\r\n<div dir=\"auto\">Farem un punt de recollida al carrer de l'escola a l'al\u00e7ada del parc.<\/div>\r\n<div dir=\"auto\">El dilluns dia 28, dimarts 29 i dimecres 30\u00a0 a les 16.30.<\/div>\r\n<div dir=\"auto\"><\/div>\r\n<div dir=\"auto\">Animeu-vos a buidar els armaris!!!!<\/div>\r\n<div dir=\"auto\"><\/div>\r\n<!--nextpage-->\r\n<div dir=\"auto\"><img class=\"CToWUd\" src=\"https:\/\/mail.google.com\/mail\/e\/1f373\" alt=\"\ud83c\udf73\" data-goomoji=\"1f373\" data-image-whitelisted=\"\" \/>\ud83e\uddc2<img class=\"CToWUd\" src=\"https:\/\/mail.google.com\/mail\/e\/1f469\" alt=\"\ud83d\udc69\" data-goomoji=\"1f469\" data-image-whitelisted=\"\" \/>\ud83c\udffe\u200d<img class=\"CToWUd\" src=\"https:\/\/mail.google.com\/mail\/e\/1f373\" alt=\"\ud83c\udf73\" data-goomoji=\"1f373\" data-image-whitelisted=\"\" \/>\ud83e\uddd1\u200d<img class=\"CToWUd\" src=\"https:\/\/mail.google.com\/mail\/e\/1f373\" alt=\"\ud83c\udf73\" data-goomoji=\"1f373\" data-image-whitelisted=\"\" \/><img class=\"CToWUd\" src=\"https:\/\/mail.google.com\/mail\/e\/1f469\" alt=\"\ud83d\udc69\" data-goomoji=\"1f469\" data-image-whitelisted=\"\" \/>\ud83c\udffb\u200d<img class=\"CToWUd\" src=\"https:\/\/mail.google.com\/mail\/e\/1f527\" alt=\"\ud83d\udd27\" data-goomoji=\"1f527\" data-image-whitelisted=\"\" \/><img class=\"CToWUd\" src=\"https:\/\/mail.google.com\/mail\/e\/1f468\" alt=\"\ud83d\udc68\" data-goomoji=\"1f468\" data-image-whitelisted=\"\" \/>\ud83c\udffc\u200d<img class=\"CToWUd\" src=\"https:\/\/mail.google.com\/mail\/e\/1f3a4\" alt=\"\ud83c\udfa4\" data-goomoji=\"1f3a4\" data-image-whitelisted=\"\" \/><\/div>\r\n<div dir=\"auto\"><\/div>\r\n<!--nextpage-->\r\n<div dir=\"auto\"><\/div>\r\n<div dir=\"auto\"><\/div>\r\n<div dir=\"auto\"><\/div>\r\n<div dir=\"auto\"><\/div>\r\n<div dir=\"auto\"><a href=\"https:\/\/agora.xtec.cat\/ceipbellpuig\/wp-content\/uploads\/usu1575\/2020\/09\/vaixella.jpg\"><img class=\"alignnone size-full wp-image-3676\" src=\"https:\/\/agora.xtec.cat\/ceipbellpuig\/wp-content\/uploads\/usu1575\/2020\/09\/vaixella.jpg\" alt=\"\" width=\"512\" height=\"330\" \/><\/a><\/div>\r\n\r\n<hr \/>\r\n\r\n<strong>Primera compra de material \"d'emerg\u00e8ncia\"<\/strong>\r\n\r\nTal i com es va parlar a l'assemblea d'ahir dijous 24 de setembre de 2020 l'AFA ha fet la primera adquisici\u00f3 de material anomenat \"d'emerg\u00e8ncia\".\r\n\r\n<a href=\"https:\/\/agora.xtec.cat\/ceipbellpuig\/wp-content\/uploads\/usu1575\/2020\/09\/IMG-20200925-WA0022.jpg\"><img class=\"alignnone size-large wp-image-3675\" src=\"https:\/\/agora.xtec.cat\/ceipbellpuig\/wp-content\/uploads\/usu1575\/2020\/09\/IMG-20200925-WA0022-1024x495.jpg\" alt=\"\" width=\"1024\" height=\"495\" \/><\/a>\r\n\r\n<hr \/>\r\n\r\n&nbsp;\r\n\r\nBenvolguts\/es,\r\n\r\nEn el men\u00fa de la vostra esquerra podreu accedir als diferents enlla\u00e7os de la nostra entitat.\r\n\r\nPer a qualsevol consulta i\/o suggeriment us podeu posar en contacte amb nosaltres a l'adre\u00e7a\r\n\r\n<a href=\"mailto:afabellpuig@gmail.com\">afabellpuig@gmail.com<\/a> (funcionament de l'entitat)\r\n\r\n<a href=\"mailto:comunicacioafabellpuig@gmail.com\">comunicacioafabellpuig@gmail.com<\/a> (funcionament de la web o xarxes o socials)\r\n\r\nTamb\u00e9 trobareu a l'apartat de <a href=\"https:\/\/agora.xtec.cat\/ceipbellpuig\/categoria\/contactes\/\">contactes<\/a> els diferents correus dels gestors.\r\n\r\nAFA Bellpuig, treballem per una escola millor\r\n\r\n&nbsp;","link":"https:\/\/agora.xtec.cat\/ceipbellpuig\/categoria\/afabellpuig-wordpress-com\/","name":"AFA","slug":"afabellpuig-wordpress-com","taxonomy":"category","parent":0,"meta":[],"_links":{"self":[{"href":"https:\/\/agora.xtec.cat\/ceipbellpuig\/wp-json\/wp\/v2\/categories\/7","targetHints":{"allow":["GET"]}}],"collection":[{"href":"https:\/\/agora.xtec.cat\/ceipbellpuig\/wp-json\/wp\/v2\/categories"}],"about":[{"href":"https:\/\/agora.xtec.cat\/ceipbellpuig\/wp-json\/wp\/v2\/taxonomies\/category"}],"wp:post_type":[{"href":"https:\/\/agora.xtec.cat\/ceipbellpuig\/wp-json\/wp\/v2\/posts?categories=7"}],"curies":[{"name":"wp","href":"https:\/\/api.w.org\/{rel}","templated":true}]}}