{"id":69,"count":87,"description":"[slideshow_deploy id='660']\r\n\r\nL'escola ent\u00e9n l'educaci\u00f3 com un proc\u00e9s que engloba els diferents aspectes que integren la personalitat de l'alumne\/a: f\u00edsic, intel\u00b7lectual, emocional, moral i social.\r\n\r\nEl nostre objectiu principal \u00e9s obtenir una educaci\u00f3 integral que ajudi als nostres alumnes a esdevenir persones aut\u00f2nomes, cr\u00edtiques i compromeses, que puguin participar de forma activa en el seu entorn i en la societat en general.\r\n\r\n<a href=\"http:\/\/agora.xtec.cat\/ceipbellpuig\/wp-content\/uploads\/usu1575\/2017\/03\/euros.jpg\"><img class=\"size-medium wp-image-616 alignright\" src=\"http:\/\/agora.xtec.cat\/ceipbellpuig\/wp-content\/uploads\/usu1575\/2017\/03\/euros-300x257.jpg\" alt=\"euros\" width=\"300\" height=\"257\" \/><\/a>\r\n\r\nAix\u00ed doncs,\u00a0el que pretenem \u00e9s:\r\n<ol>\r\n \t<li>Potenciari\u00a0afavorir\u00a0l\u2019aprenentatge\u00a0significatiu\u00a0i\u00a0competencial<\/li>\r\n \t<li>Afavorir\u00a0l\u2019\u00fas\u00a0de\u00a0les\u00a0tecnologies\u00a0de\u00a0la\u00a0informaci\u00f3\u00a0i\u00a0la\u00a0comunicaci\u00f3.<\/li>\r\n \t<li>Fomentar\u00a0el\u00a0treball\u00a0cooperatiu<\/li>\r\n \t<li>Potenciar\u00a0el\u00a0coneixement\u00a0i\u00a0el\u00a0respecte\u00a0de\u00a0l\u2019entorn\u00a0m\u00e9s\u00a0proper.<\/li>\r\n \t<li>Fer\u00a0el\u00a0seguiment\u00a0curricular\u00a0de\u00a0cada\u00a0alumne\u00a0en\u00a0funci\u00f3\u00a0de\u00a0les\u00a0seves\u00a0necessitats.<\/li>\r\n \t<li>Treballar\u00a0d\u2019acord\u00a0amb\u00a0uns\u00a0h\u00e0bits\u00a0i\u00a0normes\u00a0que\u00a0condueixin\u00a0l\u2019alumne\u00a0cap\u00a0a\u00a0la\u00a0seva\u00a0autonomia\u00a0personal.<\/li>\r\n \t<li>Afavorir\u00a0l\u2019\u00fas\u00a0d\u2019estrat\u00e8gies\u00a0\u00a0que\u00a0permetin\u00a0a\u00a0l\u2019alumne\u00a0assolir\u00a0el\u00a0grau\u00a0de\u00a0seguretat\u00a0afectiva\u00a0i\u00a0emocional\u00a0que\u00a0correspon\u00a0al\u00a0seu\u00a0nivell\u00a0maduratiu.<\/li>\r\n \t<li>Fomentar\u00a0en\u00a0l\u2019alumne\u00a0una\u00a0actitud\u00a0curiosa,\u00a0investigadora\u00a0i\u00a0cr\u00edtica.<\/li>\r\n \t<li>Potenciar\u00a0la\u00a0utilitzaci\u00f3\u00a0de\u00a0diferents\u00a0llenguatges\u00a0de\u00a0comunicaci\u00f3:\u00a0oral,\u00a0escrit,\u00a0matem\u00e0tic,\u00a0corporal,\u00a0musical,\u00a0art\u00edstic\u00a0i\u00a0visual.<\/li>\r\n<\/ol>\r\nAquests\u00a0objectius\u00a0es\u00a0desenvolupen\u00a0en\u00a0estrat\u00e8gies\u00a0i\u00a0actuacions que es concreten en:<a href=\"http:\/\/agora.xtec.cat\/ceipbellpuig\/wp-content\/uploads\/usu1575\/2017\/03\/poantalla.jpg\"><img class=\"size-medium wp-image-636 alignright\" src=\"http:\/\/agora.xtec.cat\/ceipbellpuig\/wp-content\/uploads\/usu1575\/2017\/03\/poantalla-300x239.jpg\" alt=\"poantalla\" width=\"300\" height=\"239\" \/><\/a>\r\n<ul>\r\n \t<li>\r\n<h4><strong>Aprenentatge de les lleng\u00fces catalana, castellana i anglesa com a vehicle de comunicaci\u00f3 i aprenentatge\u00a0<\/strong>, amb<\/h4>\r\n<ul>\r\n \t<li>\r\n<h5>Treball de la consci\u00e8ncia fonol\u00f2gica per afavorir la lectura i l'escriptura<\/h5>\r\n<\/li>\r\n \t<li>\r\n<h5>grups de lectura<\/h5>\r\n<\/li>\r\n \t<li>\r\n<h5>Biblioteca<\/h5>\r\n<\/li>\r\n \t<li>\r\n<h5>escenificacions teatrals i conferencies<\/h5>\r\n<\/li>\r\n \t<li>\r\n<h5>parelles lectores<\/h5>\r\n<\/li>\r\n<\/ul>\r\n<\/li>\r\n \t<li>\r\n<h4><strong>Treball per projectes que fomenta un aprenentatge significatiu i funcional.<a href=\"http:\/\/agora.xtec.cat\/ceipbellpuig\/wp-content\/uploads\/usu1575\/2017\/03\/plantar.jpg\"><img class=\"size-medium wp-image-622 alignright\" src=\"http:\/\/agora.xtec.cat\/ceipbellpuig\/wp-content\/uploads\/usu1575\/2017\/03\/plantar-300x239.jpg\" alt=\"plantar\" width=\"300\" height=\"239\" \/><\/a>\r\n<\/strong><\/h4>\r\n<\/li>\r\n \t<li>\r\n<h4><strong>Aprenentatge cooperatiu que afavoreix la interrelaci\u00f3 entre els alumnes i les seves capacitats\r\n<\/strong><\/h4>\r\n<\/li>\r\n \t<li>\r\n<h4><strong><strong>Racons l\u00fadics i d'aprenentatge que permeten desenvolupar l'autonomia i potencien les interaccions entre els alumnes.\r\n<\/strong><\/strong><\/h4>\r\n<\/li>\r\n \t<li>\r\n<h4><strong><strong>Tallers per refor\u00e7ar aprenentatges i facilitar activitats m\u00e9s manipulatives i experimentals<\/strong><\/strong><\/h4>\r\n<\/li>\r\n<\/ul>\r\n&nbsp;\r\n<ul>\r\n \t<li>\r\n<h4><strong><strong>L'educaci\u00f3 emocional que ajuda als alumnes a gestionar conflictes i emocions.<a href=\"http:\/\/agora.xtec.cat\/ceipbellpuig\/wp-content\/uploads\/usu1575\/2017\/03\/simetria.jpg\"><img class=\"wp-image-628 alignright\" src=\"http:\/\/agora.xtec.cat\/ceipbellpuig\/wp-content\/uploads\/usu1575\/2017\/03\/simetria-300x192.jpg\" alt=\"simetria\" width=\"339\" height=\"216\" \/><\/a><\/strong><\/strong><\/h4>\r\n&nbsp;<\/li>\r\n \t<li>\r\n<h4><strong><strong>Treball de les\r\nmatem\u00e0tiques\r\nmanipulatiu i funcional.<\/strong><\/strong><\/h4>\r\n<\/li>\r\n<\/ul>\r\n&nbsp;\r\n<ul>\r\n \t<li>\r\n<h4><strong><strong>Psicomotricitat relacional i educaci\u00f3 f\u00edsica que contribueixen al\r\ndesenvolupament integral de la persona.<\/strong><\/strong><\/h4>\r\n<\/li>\r\n \t<li>\r\n<h4><strong><strong>Educaci\u00f3 art\u00edstica que permeti expressar idees i emocions.<a href=\"http:\/\/agora.xtec.cat\/ceipbellpuig\/wp-content\/uploads\/usu1575\/2017\/03\/cromatisme.jpg\"><img class=\"wp-image-615 alignright\" src=\"http:\/\/agora.xtec.cat\/ceipbellpuig\/wp-content\/uploads\/usu1575\/2017\/03\/cromatisme-1024x921.jpg\" alt=\"cromatisme\" width=\"304\" height=\"273\" \/><\/a><\/strong><\/strong><\/h4>\r\n<\/li>\r\n \t<li>\r\n<h4><strong><strong>Us de les TAC com a eina de suport en tots els aprenentatges.<\/strong><\/strong><\/h4>\r\n&nbsp;<\/li>\r\n<\/ul>","link":"https:\/\/agora.xtec.cat\/ceipbellpuig\/categoria\/pedagogic\/treballem\/","name":"Com Treballem","slug":"treballem","taxonomy":"category","parent":68,"meta":[],"_links":{"self":[{"href":"https:\/\/agora.xtec.cat\/ceipbellpuig\/wp-json\/wp\/v2\/categories\/69","targetHints":{"allow":["GET"]}}],"collection":[{"href":"https:\/\/agora.xtec.cat\/ceipbellpuig\/wp-json\/wp\/v2\/categories"}],"about":[{"href":"https:\/\/agora.xtec.cat\/ceipbellpuig\/wp-json\/wp\/v2\/taxonomies\/category"}],"up":[{"embeddable":true,"href":"https:\/\/agora.xtec.cat\/ceipbellpuig\/wp-json\/wp\/v2\/categories\/68"}],"wp:post_type":[{"href":"https:\/\/agora.xtec.cat\/ceipbellpuig\/wp-json\/wp\/v2\/posts?categories=69"}],"curies":[{"name":"wp","href":"https:\/\/api.w.org\/{rel}","templated":true}]}}