{"id":68,"count":26,"description":"La nostra escola \u00e9s P\u00daBLICA, CATALANA, CONFESSIONAL, COEDUCATIVA, PLURALISTA I DEMOCR\u00c0TICA.\r\n\r\n<a href=\"http:\/\/agora.xtec.cat\/ceipbellpuig\/wp-content\/uploads\/usu1575\/2017\/03\/PARLAMENT.jpg\"><img class=\"alignnone size-large wp-image-686\" src=\"http:\/\/agora.xtec.cat\/ceipbellpuig\/wp-content\/uploads\/usu1575\/2017\/03\/PARLAMENT-1024x402.jpg\" alt=\"parlament\" width=\"1024\" height=\"402\" \/><\/a>\r\n\r\n<a href=\"http:\/\/agora.xtec.cat\/ceipbellpuig\/wp-content\/uploads\/usu1575\/2017\/03\/ciencia-cm.jpg\"><img class=\"size-full wp-image-618 alignright\" src=\"http:\/\/agora.xtec.cat\/ceipbellpuig\/wp-content\/uploads\/usu1575\/2017\/03\/ciencia-cm.jpg\" alt=\"ciencia-cm\" width=\"402\" height=\"330\" \/><\/a>\r\n\r\nEls alumnes poden cursar-hi la segona Etapa d'Educaci\u00f3 Infantil i l'Educaci\u00f3 Prim\u00e0ria, acabada aquesta etapa, tenen garantit l'acc\u00e9s a la SI de Calldetenes.\r\n\r\nA la nostra escola l'alumne no s'ent\u00e9n \u00fanicament com a receptor d'ensenyaments i continguts espec\u00edfics sin\u00f3 que se li potencien les descobertes personals. Ha de poder manifestar els seus pensaments i arribar a les seves pr\u00f2pies conclusions. Volem possibilitar les manifestacions de l'alumne com a investigador i creador de l'\u00e0mbit de la seva formaci\u00f3 integral.\r\n\r\n&nbsp;\r\n\r\n&nbsp;\r\n\r\n&nbsp;\r\n\r\n&nbsp;\r\n\r\n&nbsp;\r\n\r\n&nbsp;\r\n\r\n&nbsp;","link":"https:\/\/agora.xtec.cat\/ceipbellpuig\/categoria\/pedagogic\/","name":"\u00c0MBIT PEDAG\u00d2GIC","slug":"pedagogic","taxonomy":"category","parent":0,"meta":[],"_links":{"self":[{"href":"https:\/\/agora.xtec.cat\/ceipbellpuig\/wp-json\/wp\/v2\/categories\/68","targetHints":{"allow":["GET"]}}],"collection":[{"href":"https:\/\/agora.xtec.cat\/ceipbellpuig\/wp-json\/wp\/v2\/categories"}],"about":[{"href":"https:\/\/agora.xtec.cat\/ceipbellpuig\/wp-json\/wp\/v2\/taxonomies\/category"}],"wp:post_type":[{"href":"https:\/\/agora.xtec.cat\/ceipbellpuig\/wp-json\/wp\/v2\/posts?categories=68"}],"curies":[{"name":"wp","href":"https:\/\/api.w.org\/{rel}","templated":true}]}}