{"id":355,"count":0,"description":"La junta directiva \u00e9s l'\u00f2rgan gestor de l'entitat. Est\u00e0 format pel president, secretaria, tresorer, i vocals. Els membres d'aquesta estan escollits en votaci\u00f3 a l'assemblea.\r\n\r\nActualment la junta aprovada el passat 15 de maig del 2025 la composen:\r\n\r\nPresid\u00e8ncia: <strong>\u00a0Oriol Riera Serra\r\n<\/strong>\r\n\r\nSecretaria: <strong>Estel Torn\u00e9 Collado\r\n<\/strong>\r\n\r\nTresoreria: <strong>Mois\u00e8s Ramis Duran\r\n<\/strong>\r\n\r\nVocals: <strong>Marta Capella Benedicto, Mirta Melcion Oliva, Sofia Pav\u00f3n Lluch, S\u00edlvia Alcal\u00e0 Barcons, Merc\u00e8 Oliver Torras, Am\u00e0lia Mart\u00ednez Romea, Cristina Vila Fiter.\u00a0<\/strong>\r\n\r\n&nbsp;","link":"https:\/\/agora.xtec.cat\/ceipbellpuig\/categoria\/afabellpuig-wordpress-com\/junta\/","name":"Junta Directiva","slug":"junta","taxonomy":"category","parent":7,"meta":[],"_links":{"self":[{"href":"https:\/\/agora.xtec.cat\/ceipbellpuig\/wp-json\/wp\/v2\/categories\/355","targetHints":{"allow":["GET"]}}],"collection":[{"href":"https:\/\/agora.xtec.cat\/ceipbellpuig\/wp-json\/wp\/v2\/categories"}],"about":[{"href":"https:\/\/agora.xtec.cat\/ceipbellpuig\/wp-json\/wp\/v2\/taxonomies\/category"}],"up":[{"embeddable":true,"href":"https:\/\/agora.xtec.cat\/ceipbellpuig\/wp-json\/wp\/v2\/categories\/7"}],"wp:post_type":[{"href":"https:\/\/agora.xtec.cat\/ceipbellpuig\/wp-json\/wp\/v2\/posts?categories=355"}],"curies":[{"name":"wp","href":"https:\/\/api.w.org\/{rel}","templated":true}]}}