{"id":354,"count":0,"description":"<strong>Estatus Actuals de l'AFA.<\/strong>\r\n\r\nEn el seg\u00fcent enlla\u00e7 trobareu els estatuts aprovats el passat 24 de Setembre del 2020 per l'assemblea general extraordin\u00e0ria.\r\n\r\n<a href=\"https:\/\/agora.xtec.cat\/ceipbellpuig\/wp-content\/uploads\/usu1575\/2022\/04\/Estatut_AFA_Bellpuig_2020_corregit.pdf\">Estatut_AFA_Bellpuig_2020_corregit<\/a>","link":"https:\/\/agora.xtec.cat\/ceipbellpuig\/categoria\/afabellpuig-wordpress-com\/estatuts\/","name":"Estatuts","slug":"estatuts","taxonomy":"category","parent":7,"meta":[],"_links":{"self":[{"href":"https:\/\/agora.xtec.cat\/ceipbellpuig\/wp-json\/wp\/v2\/categories\/354","targetHints":{"allow":["GET"]}}],"collection":[{"href":"https:\/\/agora.xtec.cat\/ceipbellpuig\/wp-json\/wp\/v2\/categories"}],"about":[{"href":"https:\/\/agora.xtec.cat\/ceipbellpuig\/wp-json\/wp\/v2\/taxonomies\/category"}],"up":[{"embeddable":true,"href":"https:\/\/agora.xtec.cat\/ceipbellpuig\/wp-json\/wp\/v2\/categories\/7"}],"wp:post_type":[{"href":"https:\/\/agora.xtec.cat\/ceipbellpuig\/wp-json\/wp\/v2\/posts?categories=354"}],"curies":[{"name":"wp","href":"https:\/\/api.w.org\/{rel}","templated":true}]}}