{"id":317,"count":0,"description":"Totes les activitats que organitza l\u2019AFA les pots consultar a la nostra\r\n<a href=\"https:\/\/afabellpuigstjv.miampa.com\/event-ampa\" target=\"_blank\" rel=\"noopener\">web<\/a>.\r\nAqu\u00ed hi trobar\u00e0s la programaci\u00f3 actualitzada i tota la informaci\u00f3 sobre\r\nles propostes que es duen a terme al llarg del curs.","link":"https:\/\/agora.xtec.cat\/ceipbellpuig\/categoria\/afabellpuig-wordpress-com\/agenda-activitats\/","name":"Agenda i Activitats","slug":"agenda-activitats","taxonomy":"category","parent":7,"meta":[],"_links":{"self":[{"href":"https:\/\/agora.xtec.cat\/ceipbellpuig\/wp-json\/wp\/v2\/categories\/317","targetHints":{"allow":["GET"]}}],"collection":[{"href":"https:\/\/agora.xtec.cat\/ceipbellpuig\/wp-json\/wp\/v2\/categories"}],"about":[{"href":"https:\/\/agora.xtec.cat\/ceipbellpuig\/wp-json\/wp\/v2\/taxonomies\/category"}],"up":[{"embeddable":true,"href":"https:\/\/agora.xtec.cat\/ceipbellpuig\/wp-json\/wp\/v2\/categories\/7"}],"wp:post_type":[{"href":"https:\/\/agora.xtec.cat\/ceipbellpuig\/wp-json\/wp\/v2\/posts?categories=317"}],"curies":[{"name":"wp","href":"https:\/\/api.w.org\/{rel}","templated":true}]}}