{"id":8747,"date":"2026-02-26T16:04:36","date_gmt":"2026-02-26T15:04:36","guid":{"rendered":"https:\/\/agora.xtec.cat\/ceipbeatbonaventura\/?p=8747"},"modified":"2026-04-23T09:20:54","modified_gmt":"2026-04-23T07:20:54","slug":"calendari-i-terminis-preinscripcio-2026-2027","status":"publish","type":"post","link":"https:\/\/agora.xtec.cat\/ceipbeatbonaventura\/general\/calendari-i-terminis-preinscripcio-2026-2027\/","title":{"rendered":"Calendari i terminis preinscripci\u00f3 2026-2027"},"content":{"rendered":"<p><a style=\"font-family: inherit; font-size: 1em;\" href=\"https:\/\/preinscripcio.gencat.cat\/ca\/estudis\/infantil-3-6\/inici\/\" target=\"_blank\" rel=\"noopener\"><span style=\"color: #008080;\"><strong><img loading=\"lazy\" decoding=\"async\" class=\"alignnone wp-image-4697\" src=\"https:\/\/agora.xtec.cat\/ceipbeatbonaventura\/wp-content\/uploads\/usu343\/2021\/03\/iCONO-hAZ-CLIC-EN-NUESTROS-CURSOS-FORMATIVOS-300x300.png\" alt=\"\" width=\"33\" height=\"33\" srcset=\"https:\/\/agora.xtec.cat\/ceipbeatbonaventura\/wp-content\/uploads\/usu343\/2021\/03\/iCONO-hAZ-CLIC-EN-NUESTROS-CURSOS-FORMATIVOS-300x300.png 300w, https:\/\/agora.xtec.cat\/ceipbeatbonaventura\/wp-content\/uploads\/usu343\/2021\/03\/iCONO-hAZ-CLIC-EN-NUESTROS-CURSOS-FORMATIVOS-150x150.png 150w, https:\/\/agora.xtec.cat\/ceipbeatbonaventura\/wp-content\/uploads\/usu343\/2021\/03\/iCONO-hAZ-CLIC-EN-NUESTROS-CURSOS-FORMATIVOS-768x768.png 768w, https:\/\/agora.xtec.cat\/ceipbeatbonaventura\/wp-content\/uploads\/usu343\/2021\/03\/iCONO-hAZ-CLIC-EN-NUESTROS-CURSOS-FORMATIVOS-1024x1024.png 1024w, https:\/\/agora.xtec.cat\/ceipbeatbonaventura\/wp-content\/uploads\/usu343\/2021\/03\/iCONO-hAZ-CLIC-EN-NUESTROS-CURSOS-FORMATIVOS.png 1200w\" sizes=\"auto, (max-width: 33px) 100vw, 33px\" \/>Web del Departament<\/strong><\/span><\/a><\/p>\n<h6><span style=\"color: #008000;\"><img loading=\"lazy\" decoding=\"async\" class=\"\" src=\"https:\/\/agora.xtec.cat\/ceipbeatbonaventura\/wp-content\/uploads\/usu343\/2021\/03\/iCONO-hAZ-CLIC-EN-NUESTROS-CURSOS-FORMATIVOS-300x300.png\" width=\"30\" height=\"30\" \/><a style=\"color: #008000;\" href=\"https:\/\/drive.google.com\/file\/d\/1Bdzj_H9R0GRpbDKL9UAM8b3kd1wfmYLH\/view?usp=sharing\" target=\"_blank\" rel=\"noopener\">Informaci\u00f3 per a les fam\u00edlies<\/a><\/span><\/h6>\n<table style=\"width: 102.027%; height: 296px;\">\n<tbody data-read-aloud-multi-block=\"true\">\n<tr style=\"background-color: #3248d9;\">\n<td style=\"width: 55.6152%; height: 43px;\">\n<h5><span style=\"color: #ffffff;\"><b>Fases de la preinscripci\u00f3<\/b><\/span><\/h5>\n<\/td>\n<td style=\"width: 16.1363%; height: 43px;\">\n<h5><span style=\"color: #ffffff;\"><b>Dates<\/b><\/span><\/h5>\n<\/td>\n<td style=\"width: 30.1638%; height: 43px;\">\n<h5><span style=\"color: #ffffff;\"><b>Documents<\/b><\/span><\/h5>\n<\/td>\n<\/tr>\n<tr style=\"height: 32px;\">\n<td style=\"width: 55.6152%; height: 10px;\">Oferta inicial de places escolars<\/td>\n<td style=\"width: 16.1363%; height: 10px;\">3 de mar\u00e7<\/td>\n<td style=\"width: 30.1638%; height: 10px;\"><a href=\"https:\/\/drive.google.com\/file\/d\/19RsqVdG3vuf1KfNSZwlvMN_po8Ma7FWU\/view?usp=sharing\" target=\"_blank\" rel=\"noopener\">Document<\/a><\/td>\n<\/tr>\n<tr style=\"height: 48px;\">\n<td style=\"width: 55.6152%; height: 10px;\"><span style=\"font-weight: 400;\">Presentaci\u00f3 de sol\u00b7licituds 2n cicle Educaci\u00f3 Infantil i Prim\u00e0ria<\/span><\/td>\n<td style=\"width: 16.1363%; height: 10px;\"><strong>Del 4 al 18 de mar\u00e7<\/strong><\/td>\n<td style=\"width: 30.1638%; height: 10px;\"><a href=\"https:\/\/preinscripcio.gencat.cat\/ca\/estudis\/infantil-3-6\/preinscriute\/sollicitud\/\" target=\"_blank\" rel=\"noopener\"><span style=\"font-weight: 400;\"> <strong>Enlla\u00e7<\/strong><\/span><\/a><\/td>\n<\/tr>\n<tr style=\"height: 32px;\">\n<td style=\"width: 55.6152%; height: 10px;\">Presentaci\u00f3 de documentaci\u00f3 acreditativa que no hagis pogut adjuntar durant el per\u00edode de presentaci\u00f3 de sol\u00b7licituds<\/td>\n<td style=\"width: 16.1363%; height: 10px;\">Fins al 19 de mar\u00e7<\/td>\n<td style=\"width: 30.1638%; height: 10px;\"><span style=\"font-weight: 400;\">\u00a0<\/span><\/td>\n<\/tr>\n<tr style=\"height: 32px;\">\n<td style=\"width: 55.6152%; height: 10px;\"><span style=\"font-weight: 400;\">Publicaci\u00f3 de la llista de sol\u00b7licituds amb la puntuaci\u00f3 provisional<\/span><\/td>\n<td style=\"width: 16.1363%; height: 10px;\">15 d&#8217;abril<\/td>\n<td style=\"width: 30.1638%; height: 10px;\"><a href=\"https:\/\/drive.google.com\/file\/d\/10rcOSVdMNYyCof8CGwoprakPssmHlLsB\/view?usp=sharing\" target=\"_blank\" rel=\"noopener\">Document<\/a><\/td>\n<\/tr>\n<tr style=\"height: 32px;\">\n<td style=\"width: 55.6152%; height: 32px;\"><span style=\"font-weight: 400;\">Presentaci\u00f3 de reclamacions<\/span><\/td>\n<td style=\"width: 16.1363%; height: 32px;\">Del 15 al 20 d&#8217;abril<\/td>\n<td style=\"width: 30.1638%; height: 32px;\"><span style=\"font-weight: 400;\">\u00a0<\/span><\/td>\n<\/tr>\n<tr style=\"height: 32px;\">\n<td style=\"width: 55.6152%; height: 32px;\"><span style=\"font-weight: 400;\">Publicaci\u00f3 de la llista amb la puntuaci\u00f3, resoltes les reclamacions<\/span><\/td>\n<td style=\"width: 16.1363%; height: 32px;\">23 d&#8217;abril<\/td>\n<td style=\"width: 30.1638%; height: 32px;\"><a href=\"https:\/\/drive.google.com\/file\/d\/1MZdSqZooO_XZTTKGpE1-zLlYQtZPShZT\/view?usp=sharing\" target=\"_blank\" rel=\"noopener\"><span style=\"font-weight: 400;\">Document<\/span><\/a><\/td>\n<\/tr>\n<tr style=\"height: 32px;\">\n<td style=\"width: 55.6152%; height: 10px;\">Sorteig per resoldre les sol\u00b7licituds de preinscripci\u00f3 empatades en punts<\/td>\n<td style=\"width: 16.1363%; height: 10px;\">28 d&#8217;abril<\/td>\n<td style=\"width: 30.1638%; height: 10px;\"><span style=\"font-weight: 400;\"> N\u00famero per determinar l\u2019ordre en cas d\u2019empat:<\/span><\/td>\n<\/tr>\n<tr style=\"height: 32px;\">\n<td style=\"width: 55.6152%; height: 32px;\"><span style=\"font-weight: 400;\">Publicaci\u00f3 de la llista ordenada definitva<\/span><\/td>\n<td style=\"width: 16.1363%; height: 32px;\">29 d&#8217;abril<\/td>\n<td style=\"width: 30.1638%; height: 32px;\"><span style=\"font-weight: 400;\">Document<\/span><\/td>\n<\/tr>\n<tr style=\"height: 48px;\">\n<td style=\"width: 55.6152%; height: 48px;\">Ampliaci\u00f3 de peticions de preinscripci\u00f3 per a alumnes sense pla\u00e7a assignada a cap centre (assignaci\u00f3 d\u2019ofici)<\/td>\n<td style=\"width: 16.1363%; height: 48px;\">De l&#8217;1 al 3 de juny<\/td>\n<td style=\"width: 30.1638%; height: 48px;\"><span style=\"font-weight: 400;\">\u00a0<\/span><\/td>\n<\/tr>\n<tr style=\"height: 32px;\">\n<td style=\"width: 55.6152%; height: 32px;\">Oferta final de places escolars<\/td>\n<td style=\"width: 16.1363%; height: 32px;\">10 de juny<\/td>\n<td style=\"width: 30.1638%; height: 32px;\"><span style=\"font-weight: 400;\">Document<\/span><\/td>\n<\/tr>\n<tr style=\"height: 32px;\">\n<td style=\"width: 55.6152%; height: 10px;\"><span style=\"font-weight: 400;\">Publicaci\u00f3 de la llista d\u2019admesos i la llista d\u2019espera<\/span><\/td>\n<td style=\"width: 16.1363%; height: 10px;\">10 de juny<\/td>\n<td style=\"width: 30.1638%; height: 10px;\"><span style=\"font-weight: 400;\">Document: Llista d\u2019admesos<\/span><\/p>\n<p>Document: Llista d\u2019espera<\/td>\n<\/tr>\n<tr style=\"height: 48px;\">\n<td style=\"width: 55.6152%; height: 17px;\"><strong>Per\u00edode de matriculaci\u00f3 de l\u2019Educaci\u00f3 Infantil, Prim\u00e0ria i ESO<\/strong><\/td>\n<td style=\"width: 16.1363%; height: 17px;\"><strong>Del 22 al 30 de juny<\/strong><\/td>\n<td style=\"width: 30.1638%; height: 17px;\"><strong>\u00a0<\/strong><\/td>\n<\/tr>\n<\/tbody>\n<\/table>\n","protected":false},"excerpt":{"rendered":"<p><a style=\"font-family: inherit; font-size: 1em;\" href=\"https:\/\/preinscripcio.gencat.cat\/ca\/estudis\/infantil-3-6\/inici\/\" target=\"_blank\" rel=\"noopener\">Web del Departament<\/a><br \/>\n<a style=\"color: #008000;\" href=\"https:\/\/drive.google.com\/file\/d\/1Bdzj_H9R0GRpbDKL9UAM8b3kd1wfmYLH\/view?usp=sharing\" target=\"_blank\" rel=\"noopener\">Informaci\u00f3 per a les fam\u00edlies<\/a><\/p>\n<p>Fases de la preinscripci\u00f3<\/p>\n<p>Dates<\/p>\n<p>Documents<\/p>\n<p>Oferta inicial de places escolars<br \/>\n3 de mar\u00e7<br \/>\n<a href=\"https:\/\/drive.google.com\/file\/d\/19RsqVdG3vuf1KfNSZwlvMN_po8Ma7FWU\/view?usp=sharing\" target=\"_blank\" rel=\"noopener\">Document<\/a><\/p>\n<p>Presentaci\u00f3 de sol\u00b7licituds 2n cicle Educaci\u00f3 Infantil i Prim\u00e0ria<br \/>\nDel 4 al 18 de mar\u00e7<br \/>\n<a href=\"https:\/\/preinscripcio.gencat.cat\/ca\/estudis\/infantil-3-6\/preinscriute\/sollicitud\/\"&hellip;  <a href=\"https:\/\/agora.xtec.cat\/ceipbeatbonaventura\/general\/calendari-i-terminis-preinscripcio-2026-2027\/\" title=\"Read Calendari i terminis preinscripci\u00f3 2026-2027\">Llegeix m\u00e9s\u00bb<\/a><\/p>\n","protected":false},"author":1,"featured_media":8757,"comment_status":"open","ping_status":"open","sticky":true,"template":"","format":"standard","meta":{"_bbp_topic_count":0,"_bbp_reply_count":0,"_bbp_total_topic_count":0,"_bbp_total_reply_count":0,"_bbp_voice_count":0,"_bbp_anonymous_reply_count":0,"_bbp_topic_count_hidden":0,"_bbp_reply_count_hidden":0,"_bbp_forum_subforum_count":0,"footnotes":""},"categories":[1,4],"tags":[1049,536,1047,1048],"class_list":["post-8747","post","type-post","status-publish","format-standard","has-post-thumbnail","hentry","category-general","category-portada","tag-2026-2027","tag-matricula","tag-preinscri","tag-terminis"],"post_mailing_queue_ids":[],"_links":{"self":[{"href":"https:\/\/agora.xtec.cat\/ceipbeatbonaventura\/wp-json\/wp\/v2\/posts\/8747","targetHints":{"allow":["GET"]}}],"collection":[{"href":"https:\/\/agora.xtec.cat\/ceipbeatbonaventura\/wp-json\/wp\/v2\/posts"}],"about":[{"href":"https:\/\/agora.xtec.cat\/ceipbeatbonaventura\/wp-json\/wp\/v2\/types\/post"}],"author":[{"embeddable":true,"href":"https:\/\/agora.xtec.cat\/ceipbeatbonaventura\/wp-json\/wp\/v2\/users\/1"}],"replies":[{"embeddable":true,"href":"https:\/\/agora.xtec.cat\/ceipbeatbonaventura\/wp-json\/wp\/v2\/comments?post=8747"}],"version-history":[{"count":6,"href":"https:\/\/agora.xtec.cat\/ceipbeatbonaventura\/wp-json\/wp\/v2\/posts\/8747\/revisions"}],"predecessor-version":[{"id":8895,"href":"https:\/\/agora.xtec.cat\/ceipbeatbonaventura\/wp-json\/wp\/v2\/posts\/8747\/revisions\/8895"}],"wp:featuredmedia":[{"embeddable":true,"href":"https:\/\/agora.xtec.cat\/ceipbeatbonaventura\/wp-json\/wp\/v2\/media\/8757"}],"wp:attachment":[{"href":"https:\/\/agora.xtec.cat\/ceipbeatbonaventura\/wp-json\/wp\/v2\/media?parent=8747"}],"wp:term":[{"taxonomy":"category","embeddable":true,"href":"https:\/\/agora.xtec.cat\/ceipbeatbonaventura\/wp-json\/wp\/v2\/categories?post=8747"},{"taxonomy":"post_tag","embeddable":true,"href":"https:\/\/agora.xtec.cat\/ceipbeatbonaventura\/wp-json\/wp\/v2\/tags?post=8747"}],"curies":[{"name":"wp","href":"https:\/\/api.w.org\/{rel}","templated":true}]}}