{"id":8740,"date":"2026-02-25T09:13:24","date_gmt":"2026-02-25T08:13:24","guid":{"rendered":"https:\/\/agora.xtec.cat\/ceipbeatbonaventura\/?p=8740"},"modified":"2026-02-25T09:13:24","modified_gmt":"2026-02-25T08:13:24","slug":"comenca-la-44a-olimpiada-escolar-reus-2026","status":"publish","type":"post","link":"https:\/\/agora.xtec.cat\/ceipbeatbonaventura\/general\/comenca-la-44a-olimpiada-escolar-reus-2026\/","title":{"rendered":"Comen\u00e7a la 44a Olimp\u00edada Escolar Reus 2026"},"content":{"rendered":"<h6>Ahir dimarts 24 de febrer els nostres capitans, l&#8217;\u00c8ric i l&#8217;Eduard, van participar en l&#8217;acte d&#8217;inauguraci\u00f3, en representaci\u00f3 de l&#8217;escola.<\/h6>\n<h6>En aquesta edici\u00f3 l&#8217;escola participar\u00e0 en els seg\u00fcents esports:<\/h6>\n<ul>\n<li>\n<h6><span style=\"color: #008000;\">Futbol sala<\/span>. Alev\u00ed mascul\u00ed<\/h6>\n<\/li>\n<li>\n<h6><span style=\"color: #3366ff;\">Futbol 7<\/span>. Alev\u00ed mascul\u00ed<\/h6>\n<\/li>\n<li>\n<h6><span style=\"color: #800000;\">P\u00e0del.<\/span> Alev\u00ed mascul\u00ed<\/h6>\n<\/li>\n<li>\n<h6><span style=\"color: #ffcc00;\">Atletisme<\/span>. 600m llisos. Alev\u00ed mascul\u00ed<\/h6>\n<\/li>\n<\/ul>\n<h6><span style=\"color: #808080;\">Molta sort a tots els nostres participants, per\u00f2 sobretot, gaudiu molt d&#8217;aquesta experi\u00e8ncia esportiva.<\/span><\/h6>\n<p><a href=\"https:\/\/agora.xtec.cat\/ceipbeatbonaventura\/wp-content\/uploads\/usu343\/2026\/02\/WhatsApp-Image-2026-02-24-at-21.30.16.jpeg\"><img loading=\"lazy\" decoding=\"async\" class=\"alignnone size-medium wp-image-8742\" src=\"https:\/\/agora.xtec.cat\/ceipbeatbonaventura\/wp-content\/uploads\/usu343\/2026\/02\/WhatsApp-Image-2026-02-24-at-21.30.16-225x300.jpeg\" alt=\"\" width=\"225\" height=\"300\" srcset=\"https:\/\/agora.xtec.cat\/ceipbeatbonaventura\/wp-content\/uploads\/usu343\/2026\/02\/WhatsApp-Image-2026-02-24-at-21.30.16-225x300.jpeg 225w, https:\/\/agora.xtec.cat\/ceipbeatbonaventura\/wp-content\/uploads\/usu343\/2026\/02\/WhatsApp-Image-2026-02-24-at-21.30.16-768x1024.jpeg 768w, https:\/\/agora.xtec.cat\/ceipbeatbonaventura\/wp-content\/uploads\/usu343\/2026\/02\/WhatsApp-Image-2026-02-24-at-21.30.16-1152x1536.jpeg 1152w, https:\/\/agora.xtec.cat\/ceipbeatbonaventura\/wp-content\/uploads\/usu343\/2026\/02\/WhatsApp-Image-2026-02-24-at-21.30.16.jpeg 1536w\" sizes=\"auto, (max-width: 225px) 100vw, 225px\" \/><\/a> <a href=\"https:\/\/agora.xtec.cat\/ceipbeatbonaventura\/wp-content\/uploads\/usu343\/2026\/02\/WhatsApp-Image-2026-02-24-at-21.30.18-1.jpeg\"><img loading=\"lazy\" decoding=\"async\" class=\"alignnone size-medium wp-image-8743\" src=\"https:\/\/agora.xtec.cat\/ceipbeatbonaventura\/wp-content\/uploads\/usu343\/2026\/02\/WhatsApp-Image-2026-02-24-at-21.30.18-1-300x225.jpeg\" alt=\"\" width=\"300\" height=\"225\" srcset=\"https:\/\/agora.xtec.cat\/ceipbeatbonaventura\/wp-content\/uploads\/usu343\/2026\/02\/WhatsApp-Image-2026-02-24-at-21.30.18-1-300x225.jpeg 300w, https:\/\/agora.xtec.cat\/ceipbeatbonaventura\/wp-content\/uploads\/usu343\/2026\/02\/WhatsApp-Image-2026-02-24-at-21.30.18-1-1024x768.jpeg 1024w, https:\/\/agora.xtec.cat\/ceipbeatbonaventura\/wp-content\/uploads\/usu343\/2026\/02\/WhatsApp-Image-2026-02-24-at-21.30.18-1-768x576.jpeg 768w, https:\/\/agora.xtec.cat\/ceipbeatbonaventura\/wp-content\/uploads\/usu343\/2026\/02\/WhatsApp-Image-2026-02-24-at-21.30.18-1-1536x1152.jpeg 1536w, https:\/\/agora.xtec.cat\/ceipbeatbonaventura\/wp-content\/uploads\/usu343\/2026\/02\/WhatsApp-Image-2026-02-24-at-21.30.18-1-200x150.jpeg 200w, https:\/\/agora.xtec.cat\/ceipbeatbonaventura\/wp-content\/uploads\/usu343\/2026\/02\/WhatsApp-Image-2026-02-24-at-21.30.18-1.jpeg 2048w\" sizes=\"auto, (max-width: 300px) 100vw, 300px\" \/><\/a> <a href=\"https:\/\/agora.xtec.cat\/ceipbeatbonaventura\/wp-content\/uploads\/usu343\/2026\/02\/WhatsApp-Image-2026-02-24-at-21.30.18-2.jpeg\"><img loading=\"lazy\" decoding=\"async\" class=\"alignnone size-medium wp-image-8744\" src=\"https:\/\/agora.xtec.cat\/ceipbeatbonaventura\/wp-content\/uploads\/usu343\/2026\/02\/WhatsApp-Image-2026-02-24-at-21.30.18-2-300x225.jpeg\" alt=\"\" width=\"300\" height=\"225\" srcset=\"https:\/\/agora.xtec.cat\/ceipbeatbonaventura\/wp-content\/uploads\/usu343\/2026\/02\/WhatsApp-Image-2026-02-24-at-21.30.18-2-300x225.jpeg 300w, https:\/\/agora.xtec.cat\/ceipbeatbonaventura\/wp-content\/uploads\/usu343\/2026\/02\/WhatsApp-Image-2026-02-24-at-21.30.18-2-1024x768.jpeg 1024w, https:\/\/agora.xtec.cat\/ceipbeatbonaventura\/wp-content\/uploads\/usu343\/2026\/02\/WhatsApp-Image-2026-02-24-at-21.30.18-2-768x576.jpeg 768w, https:\/\/agora.xtec.cat\/ceipbeatbonaventura\/wp-content\/uploads\/usu343\/2026\/02\/WhatsApp-Image-2026-02-24-at-21.30.18-2-1536x1152.jpeg 1536w, https:\/\/agora.xtec.cat\/ceipbeatbonaventura\/wp-content\/uploads\/usu343\/2026\/02\/WhatsApp-Image-2026-02-24-at-21.30.18-2-200x150.jpeg 200w, https:\/\/agora.xtec.cat\/ceipbeatbonaventura\/wp-content\/uploads\/usu343\/2026\/02\/WhatsApp-Image-2026-02-24-at-21.30.18-2.jpeg 2000w\" sizes=\"auto, (max-width: 300px) 100vw, 300px\" \/><\/a><\/p>\n","protected":false},"excerpt":{"rendered":"<p>Ahir dimarts 24 de febrer els nostres capitans, l&#8217;\u00c8ric i l&#8217;Eduard, van participar en l&#8217;acte d&#8217;inauguraci\u00f3, en representaci\u00f3 de l&#8217;escola.<br \/>\nEn aquesta edici\u00f3 l&#8217;escola participar\u00e0 en els seg\u00fcents esports:<\/p>\n<ul>\n<li>\nFutbol sala. Alev\u00ed mascul\u00ed\n<\/li>\n<li>\nFutbol 7. Alev\u00ed mascul\u00ed\n<\/li>\n<li>\nP\u00e0del. Alev\u00ed mascul\u00ed\n<\/li>\n<li>\nAtletisme. 600m llisos. Alev\u00ed mascul\u00ed\n<\/li>\n<\/ul>\n<p>Molta sort a tots els nostres&hellip;  <a href=\"https:\/\/agora.xtec.cat\/ceipbeatbonaventura\/general\/comenca-la-44a-olimpiada-escolar-reus-2026\/\" title=\"Read Comen\u00e7a la 44a Olimp\u00edada Escolar Reus 2026\">Llegeix m\u00e9s\u00bb<\/a><\/p>\n","protected":false},"author":1,"featured_media":8742,"comment_status":"open","ping_status":"open","sticky":false,"template":"","format":"standard","meta":{"_bbp_topic_count":0,"_bbp_reply_count":0,"_bbp_total_topic_count":0,"_bbp_total_reply_count":0,"_bbp_voice_count":0,"_bbp_anonymous_reply_count":0,"_bbp_topic_count_hidden":0,"_bbp_reply_count_hidden":0,"_bbp_forum_subforum_count":0,"footnotes":""},"categories":[12,13,14,15,1,4,5],"tags":[124,235,215,171,134],"class_list":["post-8740","post","type-post","status-publish","format-standard","has-post-thumbnail","hentry","category-3r","category-4t","category-5e","category-6e","category-general","category-portada","category-primaria","tag-ef","tag-esport","tag-olimpiada","tag-reus","tag-valors"],"post_mailing_queue_ids":[],"_links":{"self":[{"href":"https:\/\/agora.xtec.cat\/ceipbeatbonaventura\/wp-json\/wp\/v2\/posts\/8740","targetHints":{"allow":["GET"]}}],"collection":[{"href":"https:\/\/agora.xtec.cat\/ceipbeatbonaventura\/wp-json\/wp\/v2\/posts"}],"about":[{"href":"https:\/\/agora.xtec.cat\/ceipbeatbonaventura\/wp-json\/wp\/v2\/types\/post"}],"author":[{"embeddable":true,"href":"https:\/\/agora.xtec.cat\/ceipbeatbonaventura\/wp-json\/wp\/v2\/users\/1"}],"replies":[{"embeddable":true,"href":"https:\/\/agora.xtec.cat\/ceipbeatbonaventura\/wp-json\/wp\/v2\/comments?post=8740"}],"version-history":[{"count":3,"href":"https:\/\/agora.xtec.cat\/ceipbeatbonaventura\/wp-json\/wp\/v2\/posts\/8740\/revisions"}],"predecessor-version":[{"id":8746,"href":"https:\/\/agora.xtec.cat\/ceipbeatbonaventura\/wp-json\/wp\/v2\/posts\/8740\/revisions\/8746"}],"wp:featuredmedia":[{"embeddable":true,"href":"https:\/\/agora.xtec.cat\/ceipbeatbonaventura\/wp-json\/wp\/v2\/media\/8742"}],"wp:attachment":[{"href":"https:\/\/agora.xtec.cat\/ceipbeatbonaventura\/wp-json\/wp\/v2\/media?parent=8740"}],"wp:term":[{"taxonomy":"category","embeddable":true,"href":"https:\/\/agora.xtec.cat\/ceipbeatbonaventura\/wp-json\/wp\/v2\/categories?post=8740"},{"taxonomy":"post_tag","embeddable":true,"href":"https:\/\/agora.xtec.cat\/ceipbeatbonaventura\/wp-json\/wp\/v2\/tags?post=8740"}],"curies":[{"name":"wp","href":"https:\/\/api.w.org\/{rel}","templated":true}]}}