{"id":8736,"date":"2026-02-20T13:14:02","date_gmt":"2026-02-20T12:14:02","guid":{"rendered":"https:\/\/agora.xtec.cat\/ceipbeatbonaventura\/?p=8736"},"modified":"2026-02-20T13:14:02","modified_gmt":"2026-02-20T12:14:02","slug":"treballem-gaudi-cicle-mitja-i-cicle-superior","status":"publish","type":"post","link":"https:\/\/agora.xtec.cat\/ceipbeatbonaventura\/general\/treballem-gaudi-cicle-mitja-i-cicle-superior\/","title":{"rendered":"Treballem Gaud\u00ed (Cicle Mitj\u00e0 i Cicle Superior)"},"content":{"rendered":"<p align=\"left\">Amb motiu de l\u2019any Gaud\u00ed, que es commemora aquest any, tan a Cicle Mitj\u00e0 com a Cicle Superior, hem realitzat activitats relacionades amb Gaud\u00ed.<\/p>\n<p align=\"left\">Durant unes quantes sessions, a l\u2019\u00c0rea de Visual i Pl\u00e0stica hem aprofundit en la figura d\u2019aquest artista riudomenc tan universal i ho hem fet de diverses maneres:<\/p>\n<p align=\"left\">Despr\u00e9s de con\u00e8ixer la figura de Gaud\u00ed i d\u2019entendre perqu\u00e8 treballava amb aquestes formes i colors, hem decorat el drac del parc G\u00fcell amb els colors que cadasc\u00fa va triar inspirant-nos en l\u2019original.<\/p>\n<p align=\"left\">Tamb\u00e9 hem treballat la casa Batll\u00f3, coneixent la seva hist\u00f2ria i els detalls de la seva fa\u00e7ana principal. A continuaci\u00f3 l&#8217;hem pintat i montat de tal forma que ens queda un pot per als llapis i colors.<\/p>\n<p align=\"left\">A partir de simples plaques de lassanya hem creat aut\u00e8ntiques obres d\u2019art: les hem pintat, esbocinat i encaixat per donar forma a uns mosaics plens de color i vida.<\/p>\n<p align=\"left\">Unes activitats que ens han perm\u00e8s posar a prova la nostra paci\u00e8ncia, concentraci\u00f3 i motricitat fina, a m\u00e9s d\u2019experimentar, imaginar i, sobretot, gaudir del proc\u00e9s.<\/p>\n<p align=\"left\">Podeu veure totes les imatges clicant la seg\u00fcent fotografia.<\/p>\n<p align=\"left\"><a href=\"https:\/\/photos.app.goo.gl\/Lm27rY4B2WpJkN9V7\"><img loading=\"lazy\" decoding=\"async\" class=\"\" src=\"https:\/\/agora.xtec.cat\/ceipbeatbonaventura\/wp-content\/uploads\/usu343\/2026\/02\/20260129_124653xxx.jpg\" width=\"360\" height=\"288\" \/><\/a><\/p>\n<p align=\"left\">\n","protected":false},"excerpt":{"rendered":"<p>Amb motiu de l\u2019any Gaud\u00ed, que es commemora aquest any, tan a Cicle Mitj\u00e0 com a Cicle Superior, hem realitzat activitats relacionades amb Gaud\u00ed.<br \/>\nDurant unes quantes sessions, a l\u2019\u00c0rea de Visual i Pl\u00e0stica hem aprofundit en la figura d\u2019aquest artista riudomenc tan universal i ho&hellip;  <a href=\"https:\/\/agora.xtec.cat\/ceipbeatbonaventura\/general\/treballem-gaudi-cicle-mitja-i-cicle-superior\/\" title=\"Read Treballem Gaud\u00ed (Cicle Mitj\u00e0 i Cicle Superior)\">Llegeix m\u00e9s\u00bb<\/a><\/p>\n","protected":false},"author":11,"featured_media":8737,"comment_status":"open","ping_status":"open","sticky":false,"template":"","format":"standard","meta":{"_bbp_topic_count":0,"_bbp_reply_count":0,"_bbp_total_topic_count":0,"_bbp_total_reply_count":0,"_bbp_voice_count":0,"_bbp_anonymous_reply_count":0,"_bbp_topic_count_hidden":0,"_bbp_reply_count_hidden":0,"_bbp_forum_subforum_count":0,"footnotes":""},"categories":[12,13,14,15,1,4,5],"tags":[296,299,218,220,1046],"class_list":["post-8736","post","type-post","status-publish","format-standard","has-post-thumbnail","hentry","category-3r","category-4t","category-5e","category-6e","category-general","category-portada","category-primaria","tag-cicle-mitja","tag-cicle-superior","tag-gaudi","tag-riudoms","tag-visual-i-plastica"],"post_mailing_queue_ids":[],"_links":{"self":[{"href":"https:\/\/agora.xtec.cat\/ceipbeatbonaventura\/wp-json\/wp\/v2\/posts\/8736","targetHints":{"allow":["GET"]}}],"collection":[{"href":"https:\/\/agora.xtec.cat\/ceipbeatbonaventura\/wp-json\/wp\/v2\/posts"}],"about":[{"href":"https:\/\/agora.xtec.cat\/ceipbeatbonaventura\/wp-json\/wp\/v2\/types\/post"}],"author":[{"embeddable":true,"href":"https:\/\/agora.xtec.cat\/ceipbeatbonaventura\/wp-json\/wp\/v2\/users\/11"}],"replies":[{"embeddable":true,"href":"https:\/\/agora.xtec.cat\/ceipbeatbonaventura\/wp-json\/wp\/v2\/comments?post=8736"}],"version-history":[{"count":2,"href":"https:\/\/agora.xtec.cat\/ceipbeatbonaventura\/wp-json\/wp\/v2\/posts\/8736\/revisions"}],"predecessor-version":[{"id":8739,"href":"https:\/\/agora.xtec.cat\/ceipbeatbonaventura\/wp-json\/wp\/v2\/posts\/8736\/revisions\/8739"}],"wp:featuredmedia":[{"embeddable":true,"href":"https:\/\/agora.xtec.cat\/ceipbeatbonaventura\/wp-json\/wp\/v2\/media\/8737"}],"wp:attachment":[{"href":"https:\/\/agora.xtec.cat\/ceipbeatbonaventura\/wp-json\/wp\/v2\/media?parent=8736"}],"wp:term":[{"taxonomy":"category","embeddable":true,"href":"https:\/\/agora.xtec.cat\/ceipbeatbonaventura\/wp-json\/wp\/v2\/categories?post=8736"},{"taxonomy":"post_tag","embeddable":true,"href":"https:\/\/agora.xtec.cat\/ceipbeatbonaventura\/wp-json\/wp\/v2\/tags?post=8736"}],"curies":[{"name":"wp","href":"https:\/\/api.w.org\/{rel}","templated":true}]}}